{"id":11481,"date":"2012-03-12T13:59:27","date_gmt":"2012-03-12T13:59:27","guid":{"rendered":"http:\/\/www.hoymercedes.com.ar\/principal\/?p=11481"},"modified":"2012-03-12T13:59:27","modified_gmt":"2012-03-12T13:59:27","slug":"frente-grande-apoya-la-reforma-del-bcra","status":"publish","type":"post","link":"https:\/\/www.hoymercedes.com.ar\/principal\/2012\/03\/12\/frente-grande-apoya-la-reforma-del-bcra\/","title":{"rendered":"Frente Grande apoya la reforma del BCRA"},"content":{"rendered":"<p>El Frente Grande apoya enf\u00e1ticamente la propuesta anunciada por la Presidenta Cristina Fern\u00e1ndez de Kirchner en la Apertura de Sesiones del Honorable Congreso de la Naci\u00f3n , de reformar y actualizar la Carta Org\u00e1nica que regula las acciones del Banco Central de la Rep\u00fablica Argentina (BCRA).<\/p>\n<p>Estamos convencidos de que esta iniciativa es un paso m\u00e1s en la superaci\u00f3n definitiva de los resabios del neoliberalismo introducido a sangre y fuego por la pol\u00edtica econ\u00f3mica propiciada por la \u00faltima dictadura militar y profundizada en la d\u00e9cada del 90.<\/p>\n<p>Auspiciamos la reformar de la Carta org\u00e1nica del BCRA, porque creemos que es recuperar el poder de regulaci\u00f3n y orientaci\u00f3n del Estado sobre el sistema financiero, para as\u00ed garantizar la profundizaci\u00f3n del modelo pol\u00edtico, econ\u00f3mico y social iniciado en el 2003, y asegurar un patr\u00f3n de crecimiento y desarrollo de base diversificada, inclusivo y con justicia social.<\/p>\n<p>Las funciones que se le dan al BCRA en el nuevo escenario anunciado por la Presidenta Cristina Fern\u00e1ndez de Kirchner, permiten rescatar su rol hist\u00f3rico, posicion\u00e1ndolo no s\u00f3lo en la preservaci\u00f3n del valor adquisitivo de la moneda sino, tambi\u00e9n, en la orientaci\u00f3n del cr\u00e9dito y la pol\u00edtica financiera que aseguren niveles de producci\u00f3n y empleo sustentables y compatibles con el futuro de prosperidad y desarrollo que busca el pueblo argentino.<\/p>\n<p>La reforma de la Carta Org\u00e1nica del BCRA, pone \u00e9nfasis en ampliar su capacidad regulatoria sobre distintos agentes financieros; agiliza su rol antic\u00edclico y restablecer\u00eda un financiamiento adecuado para las peque\u00f1as empresas y para las familias que a\u00fan no son sujeto de cr\u00e9dito y si, en muchas ocasiones, sujetos de abusos por v\u00eda de tasas y comisiones desmedidas por parte de las entidades financieras cuando les prestan alg\u00fan tipo de servicios.<\/p>\n<p>La reforma de la Carta Org\u00e1nica del BCRA, apunta tambi\u00e9n a fortalecer el sentido de federalismo por la v\u00eda de mejorar la distribuci\u00f3n de la oferta financiera en las econom\u00edas regionales y dentro de ellas para que el \u201cnuevo sistema amplifique la potencialidad del interior\u201d.<\/p>\n<p>Se restablece el papel del BCRA en el crecimiento, el desarrollo econ\u00f3mico y el empleo. Recrea el poder del Estado para incidir en las prioridades de las instituciones financieras y limita el rol privilegiado en la era neoliberal de atender a la oferta monetaria para segurar los ajustes que no hicieron sino retroceder de la mano de una revoluci\u00f3n conservadora y monetarista que perjudic\u00f3 a los agentes econ\u00f3micos y produjo la mayor exclusi\u00f3n de la PyMEs y familias del sistema de cr\u00e9dito nacional.<\/p>\n<p>El fenomenal impulso a la democratizaci\u00f3n pol\u00edtica y econ\u00f3mica de la sociedad argentina que gestaron los gobiernos de N\u00e9stor Kirchner primero, y el de Cristina Fern\u00e1ndez, encuentra un aporte de relevancia con esta iniciativa que permitir\u00e1 una verdadera democratizaci\u00f3n del cr\u00e9dito.<\/p>\n<p>Adriana Puiggr\u00f3s<\/p>\n<p>Presidenta del Frente Grande<\/p>\n<p>Daniel San Crist\u00f3bal<\/p>\n<p>Secretario General<\/p>\n<p>Arnaldo Bocco<\/p>\n<p>Presidente del Instituto de Formaci\u00f3n Pol\u00edtica y Capacitaci\u00f3n<\/p>\n<p>Alejandro Otero<\/p>\n<p>Secretario CABA<\/p>\n","protected":false},"excerpt":{"rendered":"<p>El Frente Grande apoya enf\u00e1ticamente la propuesta anunciada por la Presidenta Cristina Fern\u00e1ndez de Kirchner en la Apertura de Sesiones &#8230; <a title=\"Frente Grande apoya la reforma del BCRA\" class=\"read-more\" href=\"https:\/\/www.hoymercedes.com.ar\/principal\/2012\/03\/12\/frente-grande-apoya-la-reforma-del-bcra\/\" aria-label=\"Leer m\u00e1s sobre Frente Grande apoya la reforma del BCRA\">Leer m\u00e1s<\/a><\/p>\n","protected":false},"author":1,"featured_media":0,"comment_status":"open","ping_status":"open","sticky":false,"template":"","format":"standard","meta":{"_monsterinsights_skip_tracking":false,"_monsterinsights_sitenote_active":false,"_monsterinsights_sitenote_note":"","_monsterinsights_sitenote_category":0,"jetpack_post_was_ever_published":false,"_jetpack_newsletter_access":"","_jetpack_dont_email_post_to_subs":false,"_jetpack_newsletter_tier_id":0,"_jetpack_memberships_contains_paywalled_content":false,"_jetpack_memberships_contains_paid_content":false,"footnotes":"","jetpack_publicize_message":"","jetpack_publicize_feature_enabled":true,"jetpack_social_post_already_shared":false,"jetpack_social_options":{"image_generator_settings":{"template":"highway","default_image_id":0,"font":"","enabled":false},"version":2},"_wpas_customize_per_network":false},"categories":[5],"tags":[1950,1930],"class_list":["post-11481","post","type-post","status-publish","format-standard","hentry","category-politica","tag-bcra","tag-frente-grande","generate-columns","tablet-grid-50","mobile-grid-100","grid-parent","grid-50"],"jetpack_publicize_connections":[],"jetpack_featured_media_url":"","wps_subtitle":"","jetpack_sharing_enabled":true,"_links":{"self":[{"href":"https:\/\/www.hoymercedes.com.ar\/principal\/wp-json\/wp\/v2\/posts\/11481","targetHints":{"allow":["GET"]}}],"collection":[{"href":"https:\/\/www.hoymercedes.com.ar\/principal\/wp-json\/wp\/v2\/posts"}],"about":[{"href":"https:\/\/www.hoymercedes.com.ar\/principal\/wp-json\/wp\/v2\/types\/post"}],"author":[{"embeddable":true,"href":"https:\/\/www.hoymercedes.com.ar\/principal\/wp-json\/wp\/v2\/users\/1"}],"replies":[{"embeddable":true,"href":"https:\/\/www.hoymercedes.com.ar\/principal\/wp-json\/wp\/v2\/comments?post=11481"}],"version-history":[{"count":0,"href":"https:\/\/www.hoymercedes.com.ar\/principal\/wp-json\/wp\/v2\/posts\/11481\/revisions"}],"wp:attachment":[{"href":"https:\/\/www.hoymercedes.com.ar\/principal\/wp-json\/wp\/v2\/media?parent=11481"}],"wp:term":[{"taxonomy":"category","embeddable":true,"href":"https:\/\/www.hoymercedes.com.ar\/principal\/wp-json\/wp\/v2\/categories?post=11481"},{"taxonomy":"post_tag","embeddable":true,"href":"https:\/\/www.hoymercedes.com.ar\/principal\/wp-json\/wp\/v2\/tags?post=11481"}],"curies":[{"name":"wp","href":"https:\/\/api.w.org\/{rel}","templated":true}]}}