{"id":114838,"date":"2020-08-09T17:50:00","date_gmt":"2020-08-09T20:50:00","guid":{"rendered":"http:\/\/www.hoymercedes.com.ar\/principal\/?p=114838"},"modified":"2020-08-09T17:37:47","modified_gmt":"2020-08-09T20:37:47","slug":"operativo-de-seguridad-vial-y-detencion-de-3-masculinos-oriundos-de-zarate","status":"publish","type":"post","link":"https:\/\/www.hoymercedes.com.ar\/principal\/2020\/08\/09\/operativo-de-seguridad-vial-y-detencion-de-3-masculinos-oriundos-de-zarate\/","title":{"rendered":"Operativo de seguridad vial y detenci\u00f3n de 3 masculinos oriundos de Z\u00e1rate"},"content":{"rendered":"\n<div class=\"wp-block-image\"><figure class=\"aligncenter size-large is-resized\"><img loading=\"lazy\" decoding=\"async\" data-attachment-id=\"114839\" data-permalink=\"https:\/\/www.hoymercedes.com.ar\/principal\/2020\/08\/09\/operativo-de-seguridad-vial-y-detencion-de-3-masculinos-oriundos-de-zarate\/detencion-08-08-2020\/#main\" data-orig-file=\"https:\/\/www.hoymercedes.com.ar\/principal\/wp-content\/uploads\/2020\/08\/detencion.08.08.2020.jpeg\" data-orig-size=\"765,741\" data-comments-opened=\"0\" data-image-meta=\"{&quot;aperture&quot;:&quot;0&quot;,&quot;credit&quot;:&quot;&quot;,&quot;camera&quot;:&quot;&quot;,&quot;caption&quot;:&quot;&quot;,&quot;created_timestamp&quot;:&quot;0&quot;,&quot;copyright&quot;:&quot;&quot;,&quot;focal_length&quot;:&quot;0&quot;,&quot;iso&quot;:&quot;0&quot;,&quot;shutter_speed&quot;:&quot;0&quot;,&quot;title&quot;:&quot;&quot;,&quot;orientation&quot;:&quot;0&quot;}\" data-image-title=\"detencion.08.08.2020\" data-image-description=\"\" data-image-caption=\"\" data-large-file=\"https:\/\/www.hoymercedes.com.ar\/principal\/wp-content\/uploads\/2020\/08\/detencion.08.08.2020.jpeg\" src=\"https:\/\/www.hoymercedes.com.ar\/principal\/wp-content\/uploads\/2020\/08\/detencion.08.08.2020.jpeg\" alt=\"\" class=\"wp-image-114839\" width=\"938\" height=\"909\"\/><\/figure><\/div>\n\n\n\n<p>Un importante operativo de seguridad vial realizado en los accesos de la ciudad permiti\u00f3 efectuar acciones de prevenci\u00f3n y cuidado de la vida. Adem\u00e1s, se gener\u00f3 la detenci\u00f3n de tres masculinos provenientes de la localidad de Z\u00e1rate que no pod\u00edan justificar su andar y ten\u00edan en su poder sustancias prohibidas. Permiti\u00f3 tambi\u00e9n efectuar controles en torno a la potencial generaci\u00f3n de picadas de motocicletas.<\/p>\n\n\n\n<p>Participaron de la acci\u00f3n personal del Destacamento de Seguridad Vial a cargo del oficial Ariel Pedra, de la Delegaci\u00f3n Gowland y CPR Mercedes procedieron en distintas intervenciones siendo sospechoso el andar de un Toyota Corolla color azul que era conducido por un masculino con dos acompa\u00f1antes que no pudieron explicar su motivo de circulaci\u00f3n.<\/p>\n\n\n\n<p>En la requisa del rodado se secuestra una sustancia que tras el test se determina es marihuana quedando bajo los art\u00edculos 205 y 239 del c\u00f3digo penal.<\/p>\n\n\n\n<figure class=\"wp-block-image size-large\"><img loading=\"lazy\" decoding=\"async\" width=\"1280\" height=\"720\" data-attachment-id=\"114840\" data-permalink=\"https:\/\/www.hoymercedes.com.ar\/principal\/2020\/08\/09\/operativo-de-seguridad-vial-y-detencion-de-3-masculinos-oriundos-de-zarate\/detencion-08-08-2020-2\/#main\" data-orig-file=\"https:\/\/www.hoymercedes.com.ar\/principal\/wp-content\/uploads\/2020\/08\/detencion.08.08.2020.2.jpeg\" data-orig-size=\"1280,720\" data-comments-opened=\"0\" data-image-meta=\"{&quot;aperture&quot;:&quot;0&quot;,&quot;credit&quot;:&quot;&quot;,&quot;camera&quot;:&quot;&quot;,&quot;caption&quot;:&quot;&quot;,&quot;created_timestamp&quot;:&quot;0&quot;,&quot;copyright&quot;:&quot;&quot;,&quot;focal_length&quot;:&quot;0&quot;,&quot;iso&quot;:&quot;0&quot;,&quot;shutter_speed&quot;:&quot;0&quot;,&quot;title&quot;:&quot;&quot;,&quot;orientation&quot;:&quot;0&quot;}\" data-image-title=\"detencion.08.08.2020.2\" data-image-description=\"\" data-image-caption=\"\" data-large-file=\"https:\/\/www.hoymercedes.com.ar\/principal\/wp-content\/uploads\/2020\/08\/detencion.08.08.2020.2.jpeg\" src=\"https:\/\/www.hoymercedes.com.ar\/principal\/wp-content\/uploads\/2020\/08\/detencion.08.08.2020.2.jpeg\" alt=\"\" class=\"wp-image-114840\"\/><\/figure>\n\n\n\n<p>Vale recordar que en un operativo e investigaci\u00f3n el d\u00eda viernes tambi\u00e9n detuvieron un masculino tambi\u00e9n con sustancias prohibidas para distribuci\u00f3n.<\/p>\n\n\n\n<p>El operativo de seguridad vial no se agot\u00f3 al control vehicular, de motos y permisos para circular sino tambi\u00e9n de prevenci\u00f3n en seguridad.<\/p>\n","protected":false},"excerpt":{"rendered":"<p>Un importante operativo de seguridad vial realizado en los accesos de la ciudad permiti\u00f3 efectuar acciones de prevenci\u00f3n y cuidado &#8230; <a title=\"Operativo de seguridad vial y detenci\u00f3n de 3 masculinos oriundos de Z\u00e1rate\" class=\"read-more\" href=\"https:\/\/www.hoymercedes.com.ar\/principal\/2020\/08\/09\/operativo-de-seguridad-vial-y-detencion-de-3-masculinos-oriundos-de-zarate\/\" aria-label=\"Leer m\u00e1s sobre Operativo de seguridad vial y detenci\u00f3n de 3 masculinos oriundos de Z\u00e1rate\">Leer m\u00e1s<\/a><\/p>\n","protected":false},"author":1,"featured_media":114839,"comment_status":"closed","ping_status":"open","sticky":false,"template":"","format":"standard","meta":{"_monsterinsights_skip_tracking":false,"_monsterinsights_sitenote_active":false,"_monsterinsights_sitenote_note":"","_monsterinsights_sitenote_category":0,"jetpack_post_was_ever_published":false,"_jetpack_newsletter_access":"","_jetpack_dont_email_post_to_subs":false,"_jetpack_newsletter_tier_id":0,"_jetpack_memberships_contains_paywalled_content":false,"_jetpack_memberships_contains_paid_content":false,"footnotes":"","jetpack_publicize_message":"","jetpack_publicize_feature_enabled":true,"jetpack_social_post_already_shared":true,"jetpack_social_options":{"image_generator_settings":{"template":"highway","default_image_id":0,"font":"","enabled":false},"version":2},"_wpas_customize_per_network":false},"categories":[85],"tags":[3457,626],"class_list":["post-114838","post","type-post","status-publish","format-standard","has-post-thumbnail","hentry","category-policial","tag-policiales","tag-seguridad-vial","generate-columns","tablet-grid-50","mobile-grid-100","grid-parent","grid-50"],"jetpack_publicize_connections":[],"jetpack_featured_media_url":"https:\/\/www.hoymercedes.com.ar\/principal\/wp-content\/uploads\/2020\/08\/detencion.08.08.2020.jpeg","wps_subtitle":"Prevenci\u00f3n y control ","jetpack_sharing_enabled":true,"_links":{"self":[{"href":"https:\/\/www.hoymercedes.com.ar\/principal\/wp-json\/wp\/v2\/posts\/114838","targetHints":{"allow":["GET"]}}],"collection":[{"href":"https:\/\/www.hoymercedes.com.ar\/principal\/wp-json\/wp\/v2\/posts"}],"about":[{"href":"https:\/\/www.hoymercedes.com.ar\/principal\/wp-json\/wp\/v2\/types\/post"}],"author":[{"embeddable":true,"href":"https:\/\/www.hoymercedes.com.ar\/principal\/wp-json\/wp\/v2\/users\/1"}],"replies":[{"embeddable":true,"href":"https:\/\/www.hoymercedes.com.ar\/principal\/wp-json\/wp\/v2\/comments?post=114838"}],"version-history":[{"count":0,"href":"https:\/\/www.hoymercedes.com.ar\/principal\/wp-json\/wp\/v2\/posts\/114838\/revisions"}],"wp:featuredmedia":[{"embeddable":true,"href":"https:\/\/www.hoymercedes.com.ar\/principal\/wp-json\/wp\/v2\/media\/114839"}],"wp:attachment":[{"href":"https:\/\/www.hoymercedes.com.ar\/principal\/wp-json\/wp\/v2\/media?parent=114838"}],"wp:term":[{"taxonomy":"category","embeddable":true,"href":"https:\/\/www.hoymercedes.com.ar\/principal\/wp-json\/wp\/v2\/categories?post=114838"},{"taxonomy":"post_tag","embeddable":true,"href":"https:\/\/www.hoymercedes.com.ar\/principal\/wp-json\/wp\/v2\/tags?post=114838"}],"curies":[{"name":"wp","href":"https:\/\/api.w.org\/{rel}","templated":true}]}}