{"id":114843,"date":"2020-08-09T19:52:25","date_gmt":"2020-08-09T22:52:25","guid":{"rendered":"http:\/\/www.hoymercedes.com.ar\/principal\/?p=114843"},"modified":"2020-08-10T18:22:38","modified_gmt":"2020-08-10T21:22:38","slug":"inician-campana-de-prevencion-y-descacharreo-para-combatir-el-dengue","status":"publish","type":"post","link":"https:\/\/www.hoymercedes.com.ar\/principal\/2020\/08\/09\/inician-campana-de-prevencion-y-descacharreo-para-combatir-el-dengue\/","title":{"rendered":"Inician campa\u00f1a de prevenci\u00f3n y descacharreo para combatir el dengue"},"content":{"rendered":"\n<p>El Comit\u00e9 Operativo de Emergencia (COE) junto al \u00e1rea de Servicios P\u00fablicos inician campa\u00f1a de difusi\u00f3n informativa, formaci\u00f3n de referentes barriales y descacharreo. Primero se concretar\u00e1 una acci\u00f3n barrial a instancias del COE y luego ir\u00e1n los equipos de Servicios P\u00fablicos a levantar los objetos desechables posibles de ser incubadores del mosquito portador del virus.<\/p>\n\n\n\n<div class=\"wp-block-image\"><figure class=\"aligncenter size-large\"><img loading=\"lazy\" decoding=\"async\" width=\"800\" height=\"533\" data-attachment-id=\"114844\" data-permalink=\"https:\/\/www.hoymercedes.com.ar\/principal\/2020\/08\/09\/inician-campana-de-prevencion-y-descacharreo-para-combatir-el-dengue\/coedsc05842\/#main\" data-orig-file=\"https:\/\/www.hoymercedes.com.ar\/principal\/wp-content\/uploads\/2020\/08\/COEDSC05842.jpg\" data-orig-size=\"800,533\" data-comments-opened=\"0\" data-image-meta=\"{&quot;aperture&quot;:&quot;0&quot;,&quot;credit&quot;:&quot;&quot;,&quot;camera&quot;:&quot;&quot;,&quot;caption&quot;:&quot;&quot;,&quot;created_timestamp&quot;:&quot;0&quot;,&quot;copyright&quot;:&quot;&quot;,&quot;focal_length&quot;:&quot;0&quot;,&quot;iso&quot;:&quot;0&quot;,&quot;shutter_speed&quot;:&quot;0&quot;,&quot;title&quot;:&quot;&quot;,&quot;orientation&quot;:&quot;0&quot;}\" data-image-title=\"COEDSC05842\" data-image-description=\"\" data-image-caption=\"\" data-large-file=\"https:\/\/www.hoymercedes.com.ar\/principal\/wp-content\/uploads\/2020\/08\/COEDSC05842.jpg\" src=\"https:\/\/www.hoymercedes.com.ar\/principal\/wp-content\/uploads\/2020\/08\/COEDSC05842.jpg\" alt=\"\" class=\"wp-image-114844\"\/><\/figure><\/div>\n\n\n\n<p>Hubo para ello el pasado viernes una primera capacitaci\u00f3n en el \u00e1mbito del Teatro Argentino, donde se pueden efectuar este tipo de encuentros con todas las normas socio sanitarias correspondientes.<\/p>\n\n\n\n<p>All\u00ed Fernando Mass\u00f3n, coordinador del COE, sostuvo que \u201chemos convocado referentes barriales porque vamos a trabajar en la prevenci\u00f3n y control del dengue\u201d afirm\u00f3 y sostuvo que ser\u00e1 \u201ca partir de la segunda quincena realizaremos distintas tareas de prevenci\u00f3n, como ser visitas domiciliarias para entregar flyer informativos, dialogar con los vecinos y difundir sobre esta enfermedad que nos preocupa a todos\u201d<\/p>\n\n\n\n<p>Tambi\u00e9n coment\u00f3 que \u201ctal como nos insta el intendente Ustarroz vamos a trabajar desde el municipio en manera coordinada junto a Servicios P\u00fablicos contando con diferentes herramientas para lograr que los vecinos puedan deshacerse de aquellos elementos que puedan ser eventuales criaderos del mosquito, por eso desde agosto a octubre trabajaremos con todo el pueblo de Mercedes para seguir cuidando la salud de los mercedinos\u201d sostuvo.<\/p>\n\n\n\n<p>Por su parte el jefe comunal, Juan Ignacio Ustarroz, afirm\u00f3 que \u201clos comit\u00e9s operativos de emergencia son dispositivos sumamente importantes, de cercan\u00eda, permitiendo organizar y crear lazos solidarios en el cuidado de nuestro pueblo\u201d sostuvo entre otros conceptos agradeciendo y felicitando a \u201ctodos los trabajadores y trabajadoras, voluntariado y referentes que hacen una tarea fundamental en el cuidado y prevenci\u00f3n del coronavirus y en este caso el dengue\u201d coment\u00f3.<\/p>\n\n\n\n<p>A partir de este lunes inician en la denominada zona 1 siendo los barrios San Justo, Unidad y Progreso, La Amistad y Unzu\u00e9 donde adem\u00e1s se entregar\u00e1 el cronograma para que se sepa qu\u00e9 d\u00eda se saca la chatarra y qu\u00e9 d\u00eda se retira (ser\u00e1 a las 24hs) remarcando que es s\u00f3lo para elementos plausibles de generar criaderos del mosquito.<\/p>\n\n\n\n<p>Por Prensa Municipal<\/p>\n","protected":false},"excerpt":{"rendered":"<p>El Comit\u00e9 Operativo de Emergencia (COE) junto al \u00e1rea de Servicios P\u00fablicos inician campa\u00f1a de difusi\u00f3n informativa, formaci\u00f3n de referentes &#8230; <a title=\"Inician campa\u00f1a de prevenci\u00f3n y descacharreo para combatir el dengue\" class=\"read-more\" href=\"https:\/\/www.hoymercedes.com.ar\/principal\/2020\/08\/09\/inician-campana-de-prevencion-y-descacharreo-para-combatir-el-dengue\/\" aria-label=\"Leer m\u00e1s sobre Inician campa\u00f1a de prevenci\u00f3n y descacharreo para combatir el dengue\">Leer m\u00e1s<\/a><\/p>\n","protected":false},"author":1,"featured_media":114844,"comment_status":"closed","ping_status":"open","sticky":false,"template":"","format":"standard","meta":{"_monsterinsights_skip_tracking":false,"_monsterinsights_sitenote_active":false,"_monsterinsights_sitenote_note":"","_monsterinsights_sitenote_category":0,"jetpack_post_was_ever_published":false,"_jetpack_newsletter_access":"","_jetpack_dont_email_post_to_subs":false,"_jetpack_newsletter_tier_id":0,"_jetpack_memberships_contains_paywalled_content":false,"_jetpack_memberships_contains_paid_content":false,"footnotes":"","jetpack_publicize_message":"","jetpack_publicize_feature_enabled":true,"jetpack_social_post_already_shared":true,"jetpack_social_options":{"image_generator_settings":{"template":"highway","default_image_id":0,"font":"","enabled":false},"version":2},"_wpas_customize_per_network":false},"categories":[30],"tags":[9089,16951,244,134],"class_list":["post-114843","post","type-post","status-publish","format-standard","has-post-thumbnail","hentry","category-municipio","tag-dengue","tag-descacharreo","tag-municipio-2","tag-salud","generate-columns","tablet-grid-50","mobile-grid-100","grid-parent","grid-50"],"jetpack_publicize_connections":[],"jetpack_featured_media_url":"https:\/\/www.hoymercedes.com.ar\/principal\/wp-content\/uploads\/2020\/08\/COEDSC05842.jpg","wps_subtitle":"Desde el Municipio","jetpack_sharing_enabled":true,"_links":{"self":[{"href":"https:\/\/www.hoymercedes.com.ar\/principal\/wp-json\/wp\/v2\/posts\/114843","targetHints":{"allow":["GET"]}}],"collection":[{"href":"https:\/\/www.hoymercedes.com.ar\/principal\/wp-json\/wp\/v2\/posts"}],"about":[{"href":"https:\/\/www.hoymercedes.com.ar\/principal\/wp-json\/wp\/v2\/types\/post"}],"author":[{"embeddable":true,"href":"https:\/\/www.hoymercedes.com.ar\/principal\/wp-json\/wp\/v2\/users\/1"}],"replies":[{"embeddable":true,"href":"https:\/\/www.hoymercedes.com.ar\/principal\/wp-json\/wp\/v2\/comments?post=114843"}],"version-history":[{"count":0,"href":"https:\/\/www.hoymercedes.com.ar\/principal\/wp-json\/wp\/v2\/posts\/114843\/revisions"}],"wp:featuredmedia":[{"embeddable":true,"href":"https:\/\/www.hoymercedes.com.ar\/principal\/wp-json\/wp\/v2\/media\/114844"}],"wp:attachment":[{"href":"https:\/\/www.hoymercedes.com.ar\/principal\/wp-json\/wp\/v2\/media?parent=114843"}],"wp:term":[{"taxonomy":"category","embeddable":true,"href":"https:\/\/www.hoymercedes.com.ar\/principal\/wp-json\/wp\/v2\/categories?post=114843"},{"taxonomy":"post_tag","embeddable":true,"href":"https:\/\/www.hoymercedes.com.ar\/principal\/wp-json\/wp\/v2\/tags?post=114843"}],"curies":[{"name":"wp","href":"https:\/\/api.w.org\/{rel}","templated":true}]}}