{"id":114855,"date":"2020-08-10T09:13:08","date_gmt":"2020-08-10T12:13:08","guid":{"rendered":"http:\/\/www.hoymercedes.com.ar\/principal\/?p=114855"},"modified":"2020-08-10T14:02:33","modified_gmt":"2020-08-10T17:02:33","slug":"atlantida-cambia-recorrido-en-interno-en-mercedes","status":"publish","type":"post","link":"https:\/\/www.hoymercedes.com.ar\/principal\/2020\/08\/10\/atlantida-cambia-recorrido-en-interno-en-mercedes\/","title":{"rendered":"Atl\u00e1ntida cambia recorrido en interno en Mercedes"},"content":{"rendered":"\n<p>Desde la empresa Atl\u00e1ntida, de la l\u00ednea 57, informaron que desde este lunes 10 de agosto, cambiar\u00e1 el recorrido de ingreso a la ciudad de Mercedes. Por obras en la Avenida 2, el ingreso por esta v\u00eda estar\u00e1 cerrado. Es as\u00ed que mientras dure la obra (estiman unos 30 d\u00edas), el recorrido de entrada y salida ser\u00e1 por Autopista 5 y Ruta Provincial 41. El ingreso a la ciudad ser\u00e1 por Avenida 40, siguiendo hasta avenida 29 continuando su camino hasta la Terminal de Omnibus. La informaci\u00f3n brindada asegura que el trayecto comprendido entre la autopista y ruta 41 hasta calle 40 y 17, es considerado libre para el ascenso y descenso de pasajeros, pudiendo hacerlo donde lo soliciten.<\/p>\n\n\n\n<div class=\"wp-block-image\"><figure class=\"aligncenter size-large\"><img loading=\"lazy\" decoding=\"async\" width=\"423\" height=\"280\" data-attachment-id=\"60523\" data-permalink=\"https:\/\/www.hoymercedes.com.ar\/principal\/2017\/03\/10\/boleto-estudiantil-el-partido-vecinal-exige-su-implementacion\/10-atlantidad\/#main\" data-orig-file=\"https:\/\/www.hoymercedes.com.ar\/principal\/wp-content\/uploads\/2017\/03\/10-atlantidad.jpg\" data-orig-size=\"423,280\" data-comments-opened=\"0\" data-image-meta=\"{&quot;aperture&quot;:&quot;0&quot;,&quot;credit&quot;:&quot;Picasa&quot;,&quot;camera&quot;:&quot;&quot;,&quot;caption&quot;:&quot;&quot;,&quot;created_timestamp&quot;:&quot;0&quot;,&quot;copyright&quot;:&quot;&quot;,&quot;focal_length&quot;:&quot;0&quot;,&quot;iso&quot;:&quot;0&quot;,&quot;shutter_speed&quot;:&quot;0&quot;,&quot;title&quot;:&quot;&quot;,&quot;orientation&quot;:&quot;0&quot;}\" data-image-title=\"10 atlantidad\" data-image-description=\"\" data-image-caption=\"&lt;p&gt;Foto de Archivo&lt;\/p&gt;\n\" data-large-file=\"https:\/\/www.hoymercedes.com.ar\/principal\/wp-content\/uploads\/2017\/03\/10-atlantidad.jpg\" src=\"https:\/\/www.hoymercedes.com.ar\/principal\/wp-content\/uploads\/2017\/03\/10-atlantidad.jpg\" alt=\"\" class=\"wp-image-60523\" srcset=\"https:\/\/www.hoymercedes.com.ar\/principal\/wp-content\/uploads\/2017\/03\/10-atlantidad.jpg 423w, https:\/\/www.hoymercedes.com.ar\/principal\/wp-content\/uploads\/2017\/03\/10-atlantidad-150x99.jpg 150w, https:\/\/www.hoymercedes.com.ar\/principal\/wp-content\/uploads\/2017\/03\/10-atlantidad-300x200.jpg 300w\" sizes=\"auto, (max-width: 423px) 100vw, 423px\" \/><figcaption>Foto de Archivo<\/figcaption><\/figure><\/div>\n\n\n\n<div class=\"wp-block-image\"><figure class=\"aligncenter size-large\"><img loading=\"lazy\" decoding=\"async\" width=\"2560\" height=\"1259\" data-attachment-id=\"114859\" data-permalink=\"https:\/\/www.hoymercedes.com.ar\/principal\/2020\/08\/10\/atlantida-cambia-recorrido-en-interno-en-mercedes\/aviso-atlantida-salidas-covid-2020-scaled-2\/#main\" data-orig-file=\"https:\/\/www.hoymercedes.com.ar\/principal\/wp-content\/uploads\/2020\/08\/aviso-atlantida-Salidas-COVID-2020-scaled-2.jpg\" data-orig-size=\"2560,1259\" data-comments-opened=\"0\" data-image-meta=\"{&quot;aperture&quot;:&quot;0&quot;,&quot;credit&quot;:&quot;&quot;,&quot;camera&quot;:&quot;&quot;,&quot;caption&quot;:&quot;&quot;,&quot;created_timestamp&quot;:&quot;0&quot;,&quot;copyright&quot;:&quot;&quot;,&quot;focal_length&quot;:&quot;0&quot;,&quot;iso&quot;:&quot;0&quot;,&quot;shutter_speed&quot;:&quot;0&quot;,&quot;title&quot;:&quot;&quot;,&quot;orientation&quot;:&quot;0&quot;}\" data-image-title=\"aviso-atlantida-Salidas-COVID-2020-scaled-2\" data-image-description=\"\" data-image-caption=\"\" data-large-file=\"https:\/\/www.hoymercedes.com.ar\/principal\/wp-content\/uploads\/2020\/08\/aviso-atlantida-Salidas-COVID-2020-scaled-2.jpg\" src=\"https:\/\/www.hoymercedes.com.ar\/principal\/wp-content\/uploads\/2020\/08\/aviso-atlantida-Salidas-COVID-2020-scaled-2.jpg\" alt=\"\" class=\"wp-image-114859\"\/><figcaption>Actualizaci\u00f3n de horarios. Agosto 2020<\/figcaption><\/figure><\/div>\n","protected":false},"excerpt":{"rendered":"<p>Desde la empresa Atl\u00e1ntida, de la l\u00ednea 57, informaron que desde este lunes 10 de agosto, cambiar\u00e1 el recorrido de &#8230; <a title=\"Atl\u00e1ntida cambia recorrido en interno en Mercedes\" class=\"read-more\" href=\"https:\/\/www.hoymercedes.com.ar\/principal\/2020\/08\/10\/atlantida-cambia-recorrido-en-interno-en-mercedes\/\" aria-label=\"Leer m\u00e1s sobre Atl\u00e1ntida cambia recorrido en interno en Mercedes\">Leer m\u00e1s<\/a><\/p>\n","protected":false},"author":1,"featured_media":60523,"comment_status":"closed","ping_status":"open","sticky":false,"template":"","format":"standard","meta":{"_monsterinsights_skip_tracking":false,"_monsterinsights_sitenote_active":false,"_monsterinsights_sitenote_note":"","_monsterinsights_sitenote_category":0,"jetpack_post_was_ever_published":false,"_jetpack_newsletter_access":"","_jetpack_dont_email_post_to_subs":false,"_jetpack_newsletter_tier_id":0,"_jetpack_memberships_contains_paywalled_content":false,"_jetpack_memberships_contains_paid_content":false,"footnotes":"","jetpack_publicize_message":"","jetpack_publicize_feature_enabled":true,"jetpack_social_post_already_shared":true,"jetpack_social_options":{"image_generator_settings":{"template":"highway","default_image_id":0,"font":"","enabled":false},"version":2},"_wpas_customize_per_network":false},"categories":[8],"tags":[2242,16947,15025],"class_list":["post-114855","post","type-post","status-publish","format-standard","has-post-thumbnail","hentry","category-sociedad","tag-atlantida","tag-cambio-de-recorrido","tag-colectivo-57","generate-columns","tablet-grid-50","mobile-grid-100","grid-parent","grid-50"],"jetpack_publicize_connections":[],"jetpack_featured_media_url":"https:\/\/www.hoymercedes.com.ar\/principal\/wp-content\/uploads\/2017\/03\/10-atlantidad.jpg","wps_subtitle":"Serivicio a la comunidad","jetpack_sharing_enabled":true,"_links":{"self":[{"href":"https:\/\/www.hoymercedes.com.ar\/principal\/wp-json\/wp\/v2\/posts\/114855","targetHints":{"allow":["GET"]}}],"collection":[{"href":"https:\/\/www.hoymercedes.com.ar\/principal\/wp-json\/wp\/v2\/posts"}],"about":[{"href":"https:\/\/www.hoymercedes.com.ar\/principal\/wp-json\/wp\/v2\/types\/post"}],"author":[{"embeddable":true,"href":"https:\/\/www.hoymercedes.com.ar\/principal\/wp-json\/wp\/v2\/users\/1"}],"replies":[{"embeddable":true,"href":"https:\/\/www.hoymercedes.com.ar\/principal\/wp-json\/wp\/v2\/comments?post=114855"}],"version-history":[{"count":0,"href":"https:\/\/www.hoymercedes.com.ar\/principal\/wp-json\/wp\/v2\/posts\/114855\/revisions"}],"wp:featuredmedia":[{"embeddable":true,"href":"https:\/\/www.hoymercedes.com.ar\/principal\/wp-json\/wp\/v2\/media\/60523"}],"wp:attachment":[{"href":"https:\/\/www.hoymercedes.com.ar\/principal\/wp-json\/wp\/v2\/media?parent=114855"}],"wp:term":[{"taxonomy":"category","embeddable":true,"href":"https:\/\/www.hoymercedes.com.ar\/principal\/wp-json\/wp\/v2\/categories?post=114855"},{"taxonomy":"post_tag","embeddable":true,"href":"https:\/\/www.hoymercedes.com.ar\/principal\/wp-json\/wp\/v2\/tags?post=114855"}],"curies":[{"name":"wp","href":"https:\/\/api.w.org\/{rel}","templated":true}]}}