{"id":114862,"date":"2020-08-10T07:15:00","date_gmt":"2020-08-10T10:15:00","guid":{"rendered":"http:\/\/www.hoymercedes.com.ar\/principal\/?p=114862"},"modified":"2020-08-10T14:03:28","modified_gmt":"2020-08-10T17:03:28","slug":"coronavirus-en-lujan-siguen-creciendo-los-casos-positivos-de-covid-19","status":"publish","type":"post","link":"https:\/\/www.hoymercedes.com.ar\/principal\/2020\/08\/10\/coronavirus-en-lujan-siguen-creciendo-los-casos-positivos-de-covid-19\/","title":{"rendered":"Coronavirus en Luj\u00e1n: Siguen creciendo los casos positivos de covid-19"},"content":{"rendered":"\n<p>La Secretar\u00eda de Salud del Partido de Luj\u00e1n inform\u00f3 que suman 872 casos positivos de Cvoid-19 desde el inicio de la pandemia en Argentina. De ese total de personas con la enfermedad, 21 fallecieron, 243 fueron dados de alta y 608 se encuentran en tratamiento. <\/p>\n\n\n\n<p>En las \u00faltimas horas se confirm\u00f3 como positiva una paciente lujanense fallecida. Se trata de una mujer de 96 a\u00f1os que se hab\u00eda hisopado el pasado 7 de Agosto y falleci\u00f3 ese mismo d\u00eda. La paciente hab\u00eda sido internada en un efector privado de salud del partido de Luj\u00e1n. Este domingo se dieron de alta tres casos positivos para COVID-19. <\/p>\n\n\n\n<p>A su vez, este domingo se confirmaron veintinueve nuevos casos positivos para COVID-19, de los cuales la mayor\u00eda est\u00e1n en aisalmiento domiciliario, uno s\u00f3lo est\u00e1 internado en un centro de salud p\u00fablico de Luj\u00e1n. <\/p>\n\n\n\n<p>Casos en Naci\u00f3n: Ayer fueron confirmados 4.688 nuevos casos de COVID-19. Con estos registros, suman 246.499 positivos en el pa\u00eds.Del total de esos casos, 1.131 (0,5%) son importados, 65.737 (26,7%) son contactos estrechos de casos confirmados, 139.746 (56,7%) son casos de circulaci\u00f3n comunitaria y el resto se encuentra en investigaci\u00f3n epidemiol\u00f3gica. Al momento la cantidad de personas fallecidas es 4.606.<\/p>\n\n\n\n<p>Fuente: Lujan en L\u00ednea<\/p>\n","protected":false},"excerpt":{"rendered":"<p>La Secretar\u00eda de Salud del Partido de Luj\u00e1n inform\u00f3 que suman 872 casos positivos de Cvoid-19 desde el inicio de &#8230; <a title=\"Coronavirus en Luj\u00e1n: Siguen creciendo los casos positivos de covid-19\" class=\"read-more\" href=\"https:\/\/www.hoymercedes.com.ar\/principal\/2020\/08\/10\/coronavirus-en-lujan-siguen-creciendo-los-casos-positivos-de-covid-19\/\" aria-label=\"Leer m\u00e1s sobre Coronavirus en Luj\u00e1n: Siguen creciendo los casos positivos de covid-19\">Leer m\u00e1s<\/a><\/p>\n","protected":false},"author":1,"featured_media":109552,"comment_status":"closed","ping_status":"open","sticky":false,"template":"","format":"standard","meta":{"_monsterinsights_skip_tracking":false,"_monsterinsights_sitenote_active":false,"_monsterinsights_sitenote_note":"","_monsterinsights_sitenote_category":0,"jetpack_post_was_ever_published":false,"_jetpack_newsletter_access":"","_jetpack_dont_email_post_to_subs":false,"_jetpack_newsletter_tier_id":0,"_jetpack_memberships_contains_paywalled_content":false,"_jetpack_memberships_contains_paid_content":false,"footnotes":"","jetpack_publicize_message":"","jetpack_publicize_feature_enabled":true,"jetpack_social_post_already_shared":true,"jetpack_social_options":{"image_generator_settings":{"template":"highway","default_image_id":0,"font":"","enabled":false},"version":2},"_wpas_customize_per_network":false},"categories":[5501],"tags":[16175,16313,86,9322],"class_list":["post-114862","post","type-post","status-publish","format-standard","has-post-thumbnail","hentry","category-region","tag-coronavirus","tag-covid-19","tag-lujan","tag-region","generate-columns","tablet-grid-50","mobile-grid-100","grid-parent","grid-50"],"jetpack_publicize_connections":[],"jetpack_featured_media_url":"https:\/\/www.hoymercedes.com.ar\/principal\/wp-content\/uploads\/2020\/04\/17-coronavirus.jpg","wps_subtitle":"Salud regional","jetpack_sharing_enabled":true,"_links":{"self":[{"href":"https:\/\/www.hoymercedes.com.ar\/principal\/wp-json\/wp\/v2\/posts\/114862","targetHints":{"allow":["GET"]}}],"collection":[{"href":"https:\/\/www.hoymercedes.com.ar\/principal\/wp-json\/wp\/v2\/posts"}],"about":[{"href":"https:\/\/www.hoymercedes.com.ar\/principal\/wp-json\/wp\/v2\/types\/post"}],"author":[{"embeddable":true,"href":"https:\/\/www.hoymercedes.com.ar\/principal\/wp-json\/wp\/v2\/users\/1"}],"replies":[{"embeddable":true,"href":"https:\/\/www.hoymercedes.com.ar\/principal\/wp-json\/wp\/v2\/comments?post=114862"}],"version-history":[{"count":0,"href":"https:\/\/www.hoymercedes.com.ar\/principal\/wp-json\/wp\/v2\/posts\/114862\/revisions"}],"wp:featuredmedia":[{"embeddable":true,"href":"https:\/\/www.hoymercedes.com.ar\/principal\/wp-json\/wp\/v2\/media\/109552"}],"wp:attachment":[{"href":"https:\/\/www.hoymercedes.com.ar\/principal\/wp-json\/wp\/v2\/media?parent=114862"}],"wp:term":[{"taxonomy":"category","embeddable":true,"href":"https:\/\/www.hoymercedes.com.ar\/principal\/wp-json\/wp\/v2\/categories?post=114862"},{"taxonomy":"post_tag","embeddable":true,"href":"https:\/\/www.hoymercedes.com.ar\/principal\/wp-json\/wp\/v2\/tags?post=114862"}],"curies":[{"name":"wp","href":"https:\/\/api.w.org\/{rel}","templated":true}]}}