{"id":114869,"date":"2020-08-10T12:54:10","date_gmt":"2020-08-10T15:54:10","guid":{"rendered":"http:\/\/www.hoymercedes.com.ar\/principal\/?p=114869"},"modified":"2020-08-10T12:54:15","modified_gmt":"2020-08-10T15:54:15","slug":"santiago-malano-fue-titular-en-el-amistoso-valletta-fc-que-ya-tiene-rival-en-la-europa-league","status":"publish","type":"post","link":"https:\/\/www.hoymercedes.com.ar\/principal\/2020\/08\/10\/santiago-malano-fue-titular-en-el-amistoso-valletta-fc-que-ya-tiene-rival-en-la-europa-league\/","title":{"rendered":"Santiago Malano fue titular en el amistoso Valletta FC, que ya tiene rival en la Europa League"},"content":{"rendered":"\n<p>Valletta FC se sigue preparando para jugar la Europa League, certamen que comenzar\u00e1 el pr\u00f3ximo 20 de agosto y para el torneo de Malta, con fecha de inicio el 11 de septiembre. El equipo de Santiago Malano jug\u00f3 el pasado jueves 6 ante Hibernians FC con derrota por 3 a 1. El volante mercedino fue titular en el encuentro.<\/p>\n\n\n\n<div class=\"wp-block-image\"><figure class=\"aligncenter size-large\"><img loading=\"lazy\" decoding=\"async\" width=\"750\" height=\"392\" data-attachment-id=\"114871\" data-permalink=\"https:\/\/www.hoymercedes.com.ar\/principal\/2020\/08\/10\/santiago-malano-fue-titular-en-el-amistoso-valletta-fc-que-ya-tiene-rival-en-la-europa-league\/santiago-malano-valletta-fc-1\/#main\" data-orig-file=\"https:\/\/www.hoymercedes.com.ar\/principal\/wp-content\/uploads\/2020\/08\/Santiago-Malano-Valletta-FC-1.png\" data-orig-size=\"750,392\" data-comments-opened=\"0\" data-image-meta=\"{&quot;aperture&quot;:&quot;0&quot;,&quot;credit&quot;:&quot;&quot;,&quot;camera&quot;:&quot;&quot;,&quot;caption&quot;:&quot;&quot;,&quot;created_timestamp&quot;:&quot;0&quot;,&quot;copyright&quot;:&quot;&quot;,&quot;focal_length&quot;:&quot;0&quot;,&quot;iso&quot;:&quot;0&quot;,&quot;shutter_speed&quot;:&quot;0&quot;,&quot;title&quot;:&quot;&quot;,&quot;orientation&quot;:&quot;0&quot;}\" data-image-title=\"Santiago-Malano-Valletta-FC-1\" data-image-description=\"\" data-image-caption=\"\" data-large-file=\"https:\/\/www.hoymercedes.com.ar\/principal\/wp-content\/uploads\/2020\/08\/Santiago-Malano-Valletta-FC-1.png\" src=\"https:\/\/www.hoymercedes.com.ar\/principal\/wp-content\/uploads\/2020\/08\/Santiago-Malano-Valletta-FC-1.png\" alt=\"\" class=\"wp-image-114871\"\/><\/figure><\/div>\n\n\n\n<p>Valletta es uno de los clasificados por Malta a la Europa League. Como la selecci\u00f3n maltesa escal\u00f3 al puesto 45 de la tabla de Selecciones de la UEFA, entonces sus equipos evitaron jugar la primera de todas las rondas de los torneos continentales, como hab\u00eda ocurrido en a\u00f1os anteriores, por lo que Valletta FC logr\u00f3 evitar la Ronda Preliminar y comenzar\u00e1 el torneo directamente en la Primera Ronda de Clasificaci\u00f3n jugando ante Bala Town FC de Gales.<\/p>\n\n\n\n<p>La etapa clasificatoria a la fase de grupos se jugar\u00e1 esta vez a partido \u00fanico y en el sorteo se indica quien ser\u00e1 local. En esta oportunidad, el partido se jugar\u00e1 en Malta, a puertas cerradas y sin VAR. El conjunt\u00f3 gal\u00e9s perdi\u00f3 en su primer amistoso, jugado este s\u00e1bado, 4 a 0 ante Crewe Alexandra.<\/p>\n\n\n\n<p>En caso de ganar, la segunda ronda la jugar\u00e1 el 17 de septiembre y de seguir recorrido, la tercera ser\u00e1 el 24 y el play-off previo a la fase de grupos, el 1 de octubre.<\/p>\n\n\n\n<p><\/p>\n","protected":false},"excerpt":{"rendered":"<p>Valletta FC se sigue preparando para jugar la Europa League, certamen que comenzar\u00e1 el pr\u00f3ximo 20 de agosto y para &#8230; <a title=\"Santiago Malano fue titular en el amistoso Valletta FC, que ya tiene rival en la Europa League\" class=\"read-more\" href=\"https:\/\/www.hoymercedes.com.ar\/principal\/2020\/08\/10\/santiago-malano-fue-titular-en-el-amistoso-valletta-fc-que-ya-tiene-rival-en-la-europa-league\/\" aria-label=\"Leer m\u00e1s sobre Santiago Malano fue titular en el amistoso Valletta FC, que ya tiene rival en la Europa League\">Leer m\u00e1s<\/a><\/p>\n","protected":false},"author":1,"featured_media":114871,"comment_status":"closed","ping_status":"open","sticky":false,"template":"","format":"standard","meta":{"_monsterinsights_skip_tracking":false,"_monsterinsights_sitenote_active":false,"_monsterinsights_sitenote_note":"","_monsterinsights_sitenote_category":0,"jetpack_post_was_ever_published":false,"_jetpack_newsletter_access":"","_jetpack_dont_email_post_to_subs":false,"_jetpack_newsletter_tier_id":0,"_jetpack_memberships_contains_paywalled_content":false,"_jetpack_memberships_contains_paid_content":false,"footnotes":"","jetpack_publicize_message":"","jetpack_publicize_feature_enabled":true,"jetpack_social_post_already_shared":true,"jetpack_social_options":{"image_generator_settings":{"template":"highway","default_image_id":0,"font":"","enabled":false},"version":2},"_wpas_customize_per_network":false},"categories":[21],"tags":[16945,15989,16944,9676],"class_list":["post-114869","post","type-post","status-publish","format-standard","has-post-thumbnail","hentry","category-deportes","tag-bala-town-fc","tag-europa-league","tag-hibernians","tag-valletta-fc","generate-columns","tablet-grid-50","mobile-grid-100","grid-parent","grid-50"],"jetpack_publicize_connections":[],"jetpack_featured_media_url":"https:\/\/www.hoymercedes.com.ar\/principal\/wp-content\/uploads\/2020\/08\/Santiago-Malano-Valletta-FC-1.png","wps_subtitle":"La Legi\u00f3n","jetpack_sharing_enabled":true,"_links":{"self":[{"href":"https:\/\/www.hoymercedes.com.ar\/principal\/wp-json\/wp\/v2\/posts\/114869","targetHints":{"allow":["GET"]}}],"collection":[{"href":"https:\/\/www.hoymercedes.com.ar\/principal\/wp-json\/wp\/v2\/posts"}],"about":[{"href":"https:\/\/www.hoymercedes.com.ar\/principal\/wp-json\/wp\/v2\/types\/post"}],"author":[{"embeddable":true,"href":"https:\/\/www.hoymercedes.com.ar\/principal\/wp-json\/wp\/v2\/users\/1"}],"replies":[{"embeddable":true,"href":"https:\/\/www.hoymercedes.com.ar\/principal\/wp-json\/wp\/v2\/comments?post=114869"}],"version-history":[{"count":0,"href":"https:\/\/www.hoymercedes.com.ar\/principal\/wp-json\/wp\/v2\/posts\/114869\/revisions"}],"wp:featuredmedia":[{"embeddable":true,"href":"https:\/\/www.hoymercedes.com.ar\/principal\/wp-json\/wp\/v2\/media\/114871"}],"wp:attachment":[{"href":"https:\/\/www.hoymercedes.com.ar\/principal\/wp-json\/wp\/v2\/media?parent=114869"}],"wp:term":[{"taxonomy":"category","embeddable":true,"href":"https:\/\/www.hoymercedes.com.ar\/principal\/wp-json\/wp\/v2\/categories?post=114869"},{"taxonomy":"post_tag","embeddable":true,"href":"https:\/\/www.hoymercedes.com.ar\/principal\/wp-json\/wp\/v2\/tags?post=114869"}],"curies":[{"name":"wp","href":"https:\/\/api.w.org\/{rel}","templated":true}]}}