{"id":114902,"date":"2020-08-10T18:20:00","date_gmt":"2020-08-10T21:20:00","guid":{"rendered":"http:\/\/www.hoymercedes.com.ar\/principal\/?p=114902"},"modified":"2020-08-10T18:21:31","modified_gmt":"2020-08-10T21:21:31","slug":"presentaron-camion-4x4-ante-autoridades-locales-y-nacional","status":"publish","type":"post","link":"https:\/\/www.hoymercedes.com.ar\/principal\/2020\/08\/10\/presentaron-camion-4x4-ante-autoridades-locales-y-nacional\/","title":{"rendered":"Presentaron cami\u00f3n 4&#215;4 ante autoridades locales y nacional"},"content":{"rendered":"\n<p>Durante la ma\u00f1ana de este lunes la empresa Agrale ubicada en la localidad de Gowland, a la vera de la Ruta 5, recibi\u00f3 al Intendente de Mercedes Juan Ignacio Ustarroz y al Ministro del Interior, Eduardo De Pedro. El objetivo fue presentarles el nuevo cami\u00f3n 4&#215;4. Fueron recibidos por el Ing. Ignacio Armendariz, gerente comercial de la firma y el gerente administrativo y financiero, Leonardo Moroziuk, entre otros responsables. <\/p>\n\n\n\n<div class=\"wp-block-image\"><figure class=\"aligncenter size-large\"><img loading=\"lazy\" decoding=\"async\" width=\"800\" height=\"534\" data-attachment-id=\"114906\" data-permalink=\"https:\/\/www.hoymercedes.com.ar\/principal\/2020\/08\/10\/presentaron-camion-4x4-ante-autoridades-locales-y-nacional\/10-visitaagraledsc_0408\/#main\" data-orig-file=\"https:\/\/www.hoymercedes.com.ar\/principal\/wp-content\/uploads\/2020\/08\/10-VisitaAgraleDSC_0408.jpg\" data-orig-size=\"800,534\" data-comments-opened=\"0\" data-image-meta=\"{&quot;aperture&quot;:&quot;0&quot;,&quot;credit&quot;:&quot;&quot;,&quot;camera&quot;:&quot;&quot;,&quot;caption&quot;:&quot;&quot;,&quot;created_timestamp&quot;:&quot;0&quot;,&quot;copyright&quot;:&quot;&quot;,&quot;focal_length&quot;:&quot;0&quot;,&quot;iso&quot;:&quot;0&quot;,&quot;shutter_speed&quot;:&quot;0&quot;,&quot;title&quot;:&quot;&quot;,&quot;orientation&quot;:&quot;0&quot;}\" data-image-title=\"10 VisitaAgraleDSC_0408\" data-image-description=\"\" data-image-caption=\"\" data-large-file=\"https:\/\/www.hoymercedes.com.ar\/principal\/wp-content\/uploads\/2020\/08\/10-VisitaAgraleDSC_0408.jpg\" src=\"https:\/\/www.hoymercedes.com.ar\/principal\/wp-content\/uploads\/2020\/08\/10-VisitaAgraleDSC_0408.jpg\" alt=\"\" class=\"wp-image-114906\"\/><\/figure><\/div>\n\n\n\n<p>En primer lugar, el intendente Ustarroz felicit\u00f3 a la empresa \u201cen este contexto de pandemia y crisis econ\u00f3mica mundial ha dado cuenta que una empresa bien organizada y conducida, con mucho esfuerzo y apostando al futuro, genera esto que es nuevo veh\u00edculo\u201d.<\/p>\n\n\n\n<p>A lo que agreg\u00f3:  \u201cestuvimos recorriendo la planta, uno conoce, tanto a los que est\u00e1n al frente como a los trabajadores\u201d y afirm\u00f3 \u201ces muy importante apostar, promover y acompa\u00f1ar a la industria nacional, al sector privado que genera puestos de trabajo y que permite al pa\u00eds poder avanzar\u201d.<\/p>\n\n\n\n<p>\u201cNosotros junto al Ministro fuimos invitados a ver este nuevo logro de la empresa, entendiendo que es importante generar una sinergia entre el sector p\u00fablico y privado, poner a disposici\u00f3n todas las herramientas que est\u00e1 generando el Estado para poder administrar esta crisis y generar \u00e1mbitos propicios para las post pandemia\u201d subray\u00f3 Ustarroz y a\u00f1adi\u00f3 \u201ces muy bueno saber que no se bajan los brazos, sino, todo lo contario, se avanza y creo que es un ejemplo a seguir\u201d.<\/p>\n\n\n\n<p>Por su parte, el Ministro del Interior, Eduardo de Pedro expres\u00f3 \u201cesta industria tiene que ver mucho con lo que es nuestra ciudad, entendemos que hay que colaborar y ayudarlas\u201d y apunt\u00f3 \u201cen lo que viene, la post pandemia, tenemos que encender el motor de la producci\u00f3n nacional y generar empleo genuino\u201d. Asimismo, se\u00f1al\u00f3: \u201cen esta pandemia se han perdido empleos, con lo cual, vamos a hacer todo lo que est\u00e9 a nuestro alcance para potenciar las industrias locales y que puedan generar empleos nuevos\u201d y agreg\u00f3 \u201choy estamos en la presentaci\u00f3n de un cami\u00f3n cuatro por cuatro que es un producto nuevo, entonces todo lo que podamos ayudar a la compa\u00f1\u00eda para vender m\u00e1s camiones y seguir produciendo, lo vamos a hacer\u201d.<\/p>\n\n\n\n<p>\u201cEntendemos que es una de las responsabilidades que siempre tuvimos como mercedinos con todas las empresas de nuestra ciudad, ayudarlos a producir, a contratar gente, a tener rentabilidad y que sigan invirtiendo en nuestra ciudad\u201d afirm\u00f3 De Pedro. En cuanto a la visi\u00f3n empresarial de quienes est\u00e1n al frente de las industrias, el Ministro del Interior sostuvo \u201cest\u00e1n con optimismo porque entienden que despu\u00e9s de esta pandemia deber\u00eda venir un fuerte impulso productivo\u201d.<\/p>\n\n\n\n<div class=\"wp-block-image\"><figure class=\"aligncenter size-large\"><img loading=\"lazy\" decoding=\"async\" width=\"800\" height=\"534\" data-attachment-id=\"114905\" data-permalink=\"https:\/\/www.hoymercedes.com.ar\/principal\/2020\/08\/10\/presentaron-camion-4x4-ante-autoridades-locales-y-nacional\/10-visitaagraledsc_0349\/#main\" data-orig-file=\"https:\/\/www.hoymercedes.com.ar\/principal\/wp-content\/uploads\/2020\/08\/10-VisitaAgraleDSC_0349.jpg\" data-orig-size=\"800,534\" data-comments-opened=\"0\" data-image-meta=\"{&quot;aperture&quot;:&quot;0&quot;,&quot;credit&quot;:&quot;&quot;,&quot;camera&quot;:&quot;&quot;,&quot;caption&quot;:&quot;&quot;,&quot;created_timestamp&quot;:&quot;0&quot;,&quot;copyright&quot;:&quot;&quot;,&quot;focal_length&quot;:&quot;0&quot;,&quot;iso&quot;:&quot;0&quot;,&quot;shutter_speed&quot;:&quot;0&quot;,&quot;title&quot;:&quot;&quot;,&quot;orientation&quot;:&quot;0&quot;}\" data-image-title=\"10 VisitaAgraleDSC_0349\" data-image-description=\"\" data-image-caption=\"\" data-large-file=\"https:\/\/www.hoymercedes.com.ar\/principal\/wp-content\/uploads\/2020\/08\/10-VisitaAgraleDSC_0349.jpg\" src=\"https:\/\/www.hoymercedes.com.ar\/principal\/wp-content\/uploads\/2020\/08\/10-VisitaAgraleDSC_0349.jpg\" alt=\"\" class=\"wp-image-114905\"\/><\/figure><\/div>\n\n\n\n<p>Por otro lado, Eduardo De Pedro indic\u00f3 \u201cestoy trabajando fuertemente en un plan de desarrollo federal\u201d y profundiz\u00f3 \u201clo que tambi\u00e9n nos demostr\u00f3 la pandemia, es que un 40% de la poblaci\u00f3n concentrada en la ciudad de Buenos Aires y en el conurbano es un problema, ya que el mismo significa el 40% de la producci\u00f3n, que ante una pandemia como esta -que por lo que advertimos van a ser recurrentes- vemos que se frena casi la mitad de la producci\u00f3n del pa\u00eds\u201d.<\/p>\n\n\n\n<p>\u201cNosotros estamos apostando a diversificar, a tener un pa\u00eds multipolar donde cada una de las regiones de nuestro pa\u00eds tenga las condiciones de infraestructura para poder generar competitividad y que las empresas y los empresarios puedan desarrollarse en otras regiones para generar empleos genuinos en cada uno de los rincones de nuestro pa\u00eds\u201d<\/p>\n\n\n\n<p><strong>Agrale A 8700 4&#215;4<\/strong><br>El \u00faltimo d\u00eda del mes de julio, sali\u00f3 de la l\u00ednea de montaje de veh\u00edculos livianos de la planta de AGRALE Argentina la primera unidad del cami\u00f3n Agrale A8700 4&#215;4. En tres meses de trabajo de las \u00e1reas de Ingenier\u00eda y Suministro y el \u00e1rea de Producci\u00f3n finalmente se concret\u00f3 el inicio de la producci\u00f3n en serie del veh\u00edculo. <\/p>\n\n\n\n<p>El modelo viene equipado con un motor Cummins Euro V de 4 cilindros que eroga 162 cv. Tiene una caja de cambios de 5 marchas de avance y una de reversa; caja de transferencia de alta y baja ; cabina rebatible con aire acondicionado y calefacci\u00f3n y frenos de accionamiento neum\u00e1tico con ABS. Todo el conjunto montado sobre un chasis tipo escalera y con garant\u00eda de 2 a\u00f1os  para el tren de potencia (motor y transmisi\u00f3n) y un a\u00f1o para el resto de la unidad. Su peso bruto total es de 8700 kg. <\/p>\n\n\n\n<div class=\"wp-block-image\"><figure class=\"aligncenter size-large\"><img loading=\"lazy\" decoding=\"async\" width=\"800\" height=\"603\" data-attachment-id=\"114904\" data-permalink=\"https:\/\/www.hoymercedes.com.ar\/principal\/10-visita-agrale\/\" data-orig-file=\"https:\/\/www.hoymercedes.com.ar\/principal\/wp-content\/uploads\/2020\/08\/10-visita-agrale.png\" data-orig-size=\"800,603\" data-comments-opened=\"0\" data-image-meta=\"{&quot;aperture&quot;:&quot;0&quot;,&quot;credit&quot;:&quot;&quot;,&quot;camera&quot;:&quot;&quot;,&quot;caption&quot;:&quot;&quot;,&quot;created_timestamp&quot;:&quot;0&quot;,&quot;copyright&quot;:&quot;&quot;,&quot;focal_length&quot;:&quot;0&quot;,&quot;iso&quot;:&quot;0&quot;,&quot;shutter_speed&quot;:&quot;0&quot;,&quot;title&quot;:&quot;&quot;,&quot;orientation&quot;:&quot;0&quot;}\" data-image-title=\"10 visita agrale\" data-image-description=\"\" data-image-caption=\"\" data-large-file=\"https:\/\/www.hoymercedes.com.ar\/principal\/wp-content\/uploads\/2020\/08\/10-visita-agrale.png\" src=\"https:\/\/www.hoymercedes.com.ar\/principal\/wp-content\/uploads\/2020\/08\/10-visita-agrale.png\" alt=\"\" class=\"wp-image-114904\"\/><\/figure><\/div>\n","protected":false},"excerpt":{"rendered":"<p>Durante la ma\u00f1ana de este lunes la empresa Agrale ubicada en la localidad de Gowland, a la vera de la &#8230; <a title=\"Presentaron cami\u00f3n 4&#215;4 ante autoridades locales y nacional\" class=\"read-more\" href=\"https:\/\/www.hoymercedes.com.ar\/principal\/2020\/08\/10\/presentaron-camion-4x4-ante-autoridades-locales-y-nacional\/\" aria-label=\"Leer m\u00e1s sobre Presentaron cami\u00f3n 4&#215;4 ante autoridades locales y nacional\">Leer m\u00e1s<\/a><\/p>\n","protected":false},"author":1,"featured_media":114904,"comment_status":"closed","ping_status":"open","sticky":false,"template":"","format":"standard","meta":{"_monsterinsights_skip_tracking":false,"_monsterinsights_sitenote_active":false,"_monsterinsights_sitenote_note":"","_monsterinsights_sitenote_category":0,"jetpack_post_was_ever_published":false,"_jetpack_newsletter_access":"","_jetpack_dont_email_post_to_subs":false,"_jetpack_newsletter_tier_id":0,"_jetpack_memberships_contains_paywalled_content":false,"_jetpack_memberships_contains_paid_content":false,"footnotes":"","jetpack_publicize_message":"","jetpack_publicize_feature_enabled":true,"jetpack_social_post_already_shared":true,"jetpack_social_options":{"image_generator_settings":{"template":"highway","default_image_id":0,"font":"","enabled":false},"version":2},"_wpas_customize_per_network":false},"categories":[16777],"tags":[950,16950,1032,8786,424],"class_list":["post-114902","post","type-post","status-publish","format-standard","has-post-thumbnail","hentry","category-economia","tag-agrale","tag-camion-4x4","tag-de-pedro","tag-economia","tag-ustarroz","generate-columns","tablet-grid-50","mobile-grid-100","grid-parent","grid-50"],"jetpack_publicize_connections":[],"jetpack_featured_media_url":"https:\/\/www.hoymercedes.com.ar\/principal\/wp-content\/uploads\/2020\/08\/10-visita-agrale.png","wps_subtitle":"En la ma\u00f1ana del lunes","jetpack_sharing_enabled":true,"_links":{"self":[{"href":"https:\/\/www.hoymercedes.com.ar\/principal\/wp-json\/wp\/v2\/posts\/114902","targetHints":{"allow":["GET"]}}],"collection":[{"href":"https:\/\/www.hoymercedes.com.ar\/principal\/wp-json\/wp\/v2\/posts"}],"about":[{"href":"https:\/\/www.hoymercedes.com.ar\/principal\/wp-json\/wp\/v2\/types\/post"}],"author":[{"embeddable":true,"href":"https:\/\/www.hoymercedes.com.ar\/principal\/wp-json\/wp\/v2\/users\/1"}],"replies":[{"embeddable":true,"href":"https:\/\/www.hoymercedes.com.ar\/principal\/wp-json\/wp\/v2\/comments?post=114902"}],"version-history":[{"count":0,"href":"https:\/\/www.hoymercedes.com.ar\/principal\/wp-json\/wp\/v2\/posts\/114902\/revisions"}],"wp:featuredmedia":[{"embeddable":true,"href":"https:\/\/www.hoymercedes.com.ar\/principal\/wp-json\/wp\/v2\/media\/114904"}],"wp:attachment":[{"href":"https:\/\/www.hoymercedes.com.ar\/principal\/wp-json\/wp\/v2\/media?parent=114902"}],"wp:term":[{"taxonomy":"category","embeddable":true,"href":"https:\/\/www.hoymercedes.com.ar\/principal\/wp-json\/wp\/v2\/categories?post=114902"},{"taxonomy":"post_tag","embeddable":true,"href":"https:\/\/www.hoymercedes.com.ar\/principal\/wp-json\/wp\/v2\/tags?post=114902"}],"curies":[{"name":"wp","href":"https:\/\/api.w.org\/{rel}","templated":true}]}}