{"id":114922,"date":"2020-08-10T22:54:39","date_gmt":"2020-08-11T01:54:39","guid":{"rendered":"http:\/\/www.hoymercedes.com.ar\/principal\/?p=114922"},"modified":"2020-08-10T23:31:43","modified_gmt":"2020-08-11T02:31:43","slug":"coronavirus-en-mercedes-trece-nuevos-casos-confirmados","status":"publish","type":"post","link":"https:\/\/www.hoymercedes.com.ar\/principal\/2020\/08\/10\/coronavirus-en-mercedes-trece-nuevos-casos-confirmados\/","title":{"rendered":"Coronavirus en Mercedes: Trece nuevos casos confirmados"},"content":{"rendered":"\n<p>El cierre del d\u00eda local en cuanto a la situaci\u00f3n epidemiol\u00f3gica confirma 13 nuevos pacientes con covid-19 entre 73 nuevos teste realizados por el Laboratorio de Virolog\u00eda Molecular. Asimismo, confirmaron que cuatro nuevos pacientes fueron dados de altas.  <\/p>\n\n\n\n<div class=\"wp-block-image\"><figure class=\"aligncenter size-large\"><img loading=\"lazy\" decoding=\"async\" width=\"900\" height=\"900\" data-attachment-id=\"114923\" data-permalink=\"https:\/\/www.hoymercedes.com.ar\/principal\/2020\/08\/10\/coronavirus-en-mercedes-trece-nuevos-casos-confirmados\/whatsapp-image-2020-08-10-at-21-55-28\/#main\" data-orig-file=\"https:\/\/www.hoymercedes.com.ar\/principal\/wp-content\/uploads\/2020\/08\/WhatsApp-Image-2020-08-10-at-21.55.28.jpeg\" data-orig-size=\"900,900\" data-comments-opened=\"0\" data-image-meta=\"{&quot;aperture&quot;:&quot;0&quot;,&quot;credit&quot;:&quot;&quot;,&quot;camera&quot;:&quot;&quot;,&quot;caption&quot;:&quot;&quot;,&quot;created_timestamp&quot;:&quot;0&quot;,&quot;copyright&quot;:&quot;&quot;,&quot;focal_length&quot;:&quot;0&quot;,&quot;iso&quot;:&quot;0&quot;,&quot;shutter_speed&quot;:&quot;0&quot;,&quot;title&quot;:&quot;&quot;,&quot;orientation&quot;:&quot;0&quot;}\" data-image-title=\"WhatsApp Image 2020-08-10 at 21.55.28\" data-image-description=\"\" data-image-caption=\"\" data-large-file=\"https:\/\/www.hoymercedes.com.ar\/principal\/wp-content\/uploads\/2020\/08\/WhatsApp-Image-2020-08-10-at-21.55.28.jpeg\" src=\"https:\/\/www.hoymercedes.com.ar\/principal\/wp-content\/uploads\/2020\/08\/WhatsApp-Image-2020-08-10-at-21.55.28.jpeg\" alt=\"\" class=\"wp-image-114923\"\/><\/figure><\/div>\n\n\n\n<p>La Municipalidad de Mercedes y el Hospital Blas L. Dubarry informaron: <\/p>\n\n\n\n<p>\u00abEn el d\u00eda de la fecha el Laboratorio de Virolog\u00eda Molecular Municipal por medio de los procesos cient\u00edficos que lleva adelante cotidianamente detect\u00f3 13 nuevos casos para covid-19. Se debe considerar que los casos contemplan los hisopados del fin de semana anunciados pendientes de resoluci\u00f3n para este lunes. <br>Adem\u00e1s, 4 pacientes fueron dados de alta tras su recuperaci\u00f3n m\u00e9dica arribando a un total de 419.<br>Al d\u00eda de la fecha tenemos 39 casos activos y 468 desde iniciada la pandemia.<br>En seguimiento por contacto estrecho contin\u00faan a instancias del Centro de Teleseguimiento con 90 operadores socio sanitarios 288 mercedinos.<br>En cuanto al Centro de Aislamiento Sanitario II con todas las normas socio sanitarias y un fuerte trabajo de Salud, Protecci\u00f3n Civil, SAME, Seguridad, Desarrollo Social y Servicios P\u00fablicos tiene 3 pacientes alojados, aislados y monitoreados\u00bb.<\/p>\n\n\n\n<p><strong>Informe nacional<\/strong><\/p>\n\n\n\n<p>En el \u00e1mbito nacional, este lunes fueron confirmados 7.369 nuevos casos de COVID-19. Con estos registros, suman 253.868 positivos en el pa\u00eds. Los casos del d\u00eda se encuentran en: Provincia de Buenos Aires  5.402; Ciudad de Buenos Aires 1047; Chaco 16; Chubut 2; C\u00f3rdoba 170; Corrientes 2; Entre R\u00edos 45; Formosa 1; Jujuy 139; La Pampa 2; La Rioja 2; Mendoza 94; Misiones 1; Neuqu\u00e9n 27; R\u00edo Negro 105; Salta 22; Santa Cruz 57; Santa Fe 140; Santiago del Estero 3; Tierra del Fuego 68 y Tucum\u00e1n 27. <\/p>\n\n\n\n<p>Adem\u00e1s, informaron el fallecimiento de 159 personas con covid-19. A la ma\u00f1ana, se registraron 28 nuevas muertes: 20 hombres (catorce residentes en la provincia de Buenos Aires; cuatro residentes en la Ciudad de Buenos Aires; un residente en la provincia de Mendoza; un residente en la provincia de R\u00edo Negro) y 8 mujeres (seis residentes en la provincia de Buenos Aires; un residente en la provincia de Mendoza; y un residente en la provincia de Santa F\u00e9).<\/p>\n\n\n\n<p>En el informe vespertino se registraron 131 nuevas muertes: 71 hombres (49 residentes en la provincia de Buenos Aires; 13 residentes en la Ciudad de Buenos Aires; 2 residentes en la provincia de C\u00f3rdoba; 1 residente en la provincia de Mendoza; 1 residente en la provincia de Chaco; 1 residente en la provincia de Jujuy; 3 residentes en la provincia de R\u00edo Negro; y 1 residente en la provincia de Tierra del Fuego); y 60 mujeres (40 residentes en la provincia de Buenos Aires; 16 residentes en la Ciudad de Buenos Aires (CABA); 2 residentes en la provincia de Chaco; 1 residente en la provincia de Tierra del Fuego; y 1 residentes en la provincia de C\u00f3rdoba). Una persona de sexo femenino notificada como fallecida, residente en la provincia de Buenos Aires, fue reclasificada como no fallecida. Al momento la cantidad de personas fallecidas es 4.764.<\/p>\n","protected":false},"excerpt":{"rendered":"<p>El cierre del d\u00eda local en cuanto a la situaci\u00f3n epidemiol\u00f3gica confirma 13 nuevos pacientes con covid-19 entre 73 nuevos &#8230; <a title=\"Coronavirus en Mercedes: Trece nuevos casos confirmados\" class=\"read-more\" href=\"https:\/\/www.hoymercedes.com.ar\/principal\/2020\/08\/10\/coronavirus-en-mercedes-trece-nuevos-casos-confirmados\/\" aria-label=\"Leer m\u00e1s sobre Coronavirus en Mercedes: Trece nuevos casos confirmados\">Leer m\u00e1s<\/a><\/p>\n","protected":false},"author":1,"featured_media":114923,"comment_status":"closed","ping_status":"open","sticky":false,"template":"","format":"standard","meta":{"_monsterinsights_skip_tracking":false,"_monsterinsights_sitenote_active":false,"_monsterinsights_sitenote_note":"","_monsterinsights_sitenote_category":0,"jetpack_post_was_ever_published":false,"_jetpack_newsletter_access":"","_jetpack_dont_email_post_to_subs":false,"_jetpack_newsletter_tier_id":0,"_jetpack_memberships_contains_paywalled_content":false,"_jetpack_memberships_contains_paid_content":false,"footnotes":"","jetpack_publicize_message":"","jetpack_publicize_feature_enabled":true,"jetpack_social_post_already_shared":true,"jetpack_social_options":{"image_generator_settings":{"template":"highway","default_image_id":0,"font":"","enabled":false},"version":2},"_wpas_customize_per_network":false},"categories":[9791],"tags":[16561,16175,16313,134],"class_list":["post-114922","post","type-post","status-publish","format-standard","has-post-thumbnail","hentry","category-salud","tag-cierre-del-dia","tag-coronavirus","tag-covid-19","tag-salud","generate-columns","tablet-grid-50","mobile-grid-100","grid-parent","grid-50"],"jetpack_publicize_connections":[],"jetpack_featured_media_url":"https:\/\/www.hoymercedes.com.ar\/principal\/wp-content\/uploads\/2020\/08\/WhatsApp-Image-2020-08-10-at-21.55.28.jpeg","wps_subtitle":"Cierre del d\u00eda","jetpack_sharing_enabled":true,"_links":{"self":[{"href":"https:\/\/www.hoymercedes.com.ar\/principal\/wp-json\/wp\/v2\/posts\/114922","targetHints":{"allow":["GET"]}}],"collection":[{"href":"https:\/\/www.hoymercedes.com.ar\/principal\/wp-json\/wp\/v2\/posts"}],"about":[{"href":"https:\/\/www.hoymercedes.com.ar\/principal\/wp-json\/wp\/v2\/types\/post"}],"author":[{"embeddable":true,"href":"https:\/\/www.hoymercedes.com.ar\/principal\/wp-json\/wp\/v2\/users\/1"}],"replies":[{"embeddable":true,"href":"https:\/\/www.hoymercedes.com.ar\/principal\/wp-json\/wp\/v2\/comments?post=114922"}],"version-history":[{"count":0,"href":"https:\/\/www.hoymercedes.com.ar\/principal\/wp-json\/wp\/v2\/posts\/114922\/revisions"}],"wp:featuredmedia":[{"embeddable":true,"href":"https:\/\/www.hoymercedes.com.ar\/principal\/wp-json\/wp\/v2\/media\/114923"}],"wp:attachment":[{"href":"https:\/\/www.hoymercedes.com.ar\/principal\/wp-json\/wp\/v2\/media?parent=114922"}],"wp:term":[{"taxonomy":"category","embeddable":true,"href":"https:\/\/www.hoymercedes.com.ar\/principal\/wp-json\/wp\/v2\/categories?post=114922"},{"taxonomy":"post_tag","embeddable":true,"href":"https:\/\/www.hoymercedes.com.ar\/principal\/wp-json\/wp\/v2\/tags?post=114922"}],"curies":[{"name":"wp","href":"https:\/\/api.w.org\/{rel}","templated":true}]}}