{"id":114928,"date":"2020-08-11T06:26:00","date_gmt":"2020-08-11T09:26:00","guid":{"rendered":"http:\/\/www.hoymercedes.com.ar\/principal\/?p=114928"},"modified":"2020-08-11T09:58:42","modified_gmt":"2020-08-11T12:58:42","slug":"trabajadores-municipales-recibieron-la-categoria-13","status":"publish","type":"post","link":"https:\/\/www.hoymercedes.com.ar\/principal\/2020\/08\/11\/trabajadores-municipales-recibieron-la-categoria-13\/","title":{"rendered":"Trabajadores municipales recibieron la categor\u00eda 13"},"content":{"rendered":"\n<p>El intendente Juan Ignacio Ustarroz notific\u00f3 a trabajadores municipales su traspaso a la categor\u00eda 13 y reconoci\u00f3 en ellos la labor que vienen efectuando todos los empleados comunales en el mantenimiento y progreso de la ciudad. De manera simb\u00f3lica se le entreg\u00f3 a un reducido n\u00famero de trabajadores mientras que, al resto, en aislamiento, se les har\u00e1 llegar a su domicilio la notificaci\u00f3n correspondiente.<\/p>\n\n\n\n<div class=\"wp-block-image\"><figure class=\"aligncenter size-large\"><img loading=\"lazy\" decoding=\"async\" width=\"800\" height=\"533\" data-attachment-id=\"114929\" data-permalink=\"https:\/\/www.hoymercedes.com.ar\/principal\/2020\/08\/11\/trabajadores-municipales-recibieron-la-categoria-13\/dsc05856-2\/#main\" data-orig-file=\"https:\/\/www.hoymercedes.com.ar\/principal\/wp-content\/uploads\/2020\/08\/DSC05856.jpg\" data-orig-size=\"800,533\" data-comments-opened=\"0\" data-image-meta=\"{&quot;aperture&quot;:&quot;0&quot;,&quot;credit&quot;:&quot;&quot;,&quot;camera&quot;:&quot;&quot;,&quot;caption&quot;:&quot;&quot;,&quot;created_timestamp&quot;:&quot;0&quot;,&quot;copyright&quot;:&quot;&quot;,&quot;focal_length&quot;:&quot;0&quot;,&quot;iso&quot;:&quot;0&quot;,&quot;shutter_speed&quot;:&quot;0&quot;,&quot;title&quot;:&quot;&quot;,&quot;orientation&quot;:&quot;0&quot;}\" data-image-title=\"DSC05856\" data-image-description=\"\" data-image-caption=\"\" data-large-file=\"https:\/\/www.hoymercedes.com.ar\/principal\/wp-content\/uploads\/2020\/08\/DSC05856.jpg\" src=\"https:\/\/www.hoymercedes.com.ar\/principal\/wp-content\/uploads\/2020\/08\/DSC05856.jpg\" alt=\"\" class=\"wp-image-114929\"\/><\/figure><\/div>\n\n\n\n<p>Luego de saludar y agradecer a los trabajadores, Ustarroz les manifest\u00f3 \u201cvan a recibir formalmente la categor\u00eda 13, esta disposici\u00f3n la venimos implementando hace aproximadamente 3 a\u00f1os, que es cuando el empleado comienza a desandar los \u00faltimos a\u00f1os antes de jubilarse, pueda acceder a una categor\u00eda m\u00e1s alta por derecho -de manera directa- y de esa forma tener una mejor jubilaci\u00f3n y remuneraci\u00f3n\u201d.<\/p>\n\n\n\n<p>\u201cCuando comenz\u00f3 la problem\u00e1tica de la pandemia, se volvi\u00f3 m\u00e1s complejo, ya que la mayor\u00eda est\u00e1 en sus casas por normativa y cuidado -son factores de riesgo- por eso fuimos buscando la manera de poder realizar este reconocimiento y mejora en sus categor\u00edas\u201d se\u00f1al\u00f3 el intendente Ustarroz.&nbsp;&nbsp;&nbsp;&nbsp;<\/p>\n\n\n\n<p>Asimismo, el Intendete destac\u00f3 \u201cpara nosotros es un reconocimiento concreto -en acci\u00f3n- y un agradecimiento a las trabajadoras y trabajadores de la Municipalidad que durante tantos a\u00f1os le ponen el pecho, que trabajan y que hacen las cosas muy bien\u201d y subray\u00f3 \u201cdurante esta pandemia, donde a pesar de haber menos cantidad de gente, la municipalidad sigue estando presente\u201d.<\/p>\n\n\n\n<p>\u201cNosotros siempre advertimos y notamos un gran compromiso y esfuerzo por parte de nuestros municipales y este reconocimiento lo que hace es generar, nada m\u00e1s y nada menos, que justicia para los trabajadores\u201d enfatiz\u00f3 el intendente Juan Ignacio Ustarroz.\u00a0\u00a0\u00a0\u00a0<\/p>\n\n\n\n<p>Asimismo, Eduardo Biaggini, uno de los trabajadores reconocidos expres\u00f3 \u201ces una alegr\u00eda poder tener la categor\u00eda 13, tan esperada, quiero agradecer al se\u00f1or intendente Ustarroz y a todo su equipo\u201d.<\/p>\n\n\n\n<p>Por su parte, \u00c1ngela Coria, otra trabajadora recompensada, tambi\u00e9n tom\u00f3 la palabra y se\u00f1al\u00f3 \u201cagradezco al intendente Ustarroz este reconocimiento, yo hace muchos a\u00f1os que estoy trabajando, una labor que me gusta y donde todo lo que hago, lo hago con amor a los vecinos de Mercedes\u201d.<\/p>\n\n\n\n<p>Estuvo el jefe comunal acompa\u00f1ado de la secretaria de gobierno, Clara Zunino, el director del corral\u00f3n Daniel Apestegu\u00eda, la directora de ni\u00f1ez Gabriela Olivella y el sub secretario de servicios p\u00fablicos, Lu\u00eds Ponce. Luego, el sub secretario de seguridad, Gonzalo Anselmo, acert\u00f3 hasta su vivienda al trabajador Ram\u00f3n Sayago su recategorizaci\u00f3n mientras que en el Palacio estuvieron Ang\u00e9lica Coria, Horario Salvareza y Eduardo Biaggini.<\/p>\n\n\n\n<p>Por Prensa Municipal<\/p>\n","protected":false},"excerpt":{"rendered":"<p>El intendente Juan Ignacio Ustarroz notific\u00f3 a trabajadores municipales su traspaso a la categor\u00eda 13 y reconoci\u00f3 en ellos la &#8230; <a title=\"Trabajadores municipales recibieron la categor\u00eda 13\" class=\"read-more\" href=\"https:\/\/www.hoymercedes.com.ar\/principal\/2020\/08\/11\/trabajadores-municipales-recibieron-la-categoria-13\/\" aria-label=\"Leer m\u00e1s sobre Trabajadores municipales recibieron la categor\u00eda 13\">Leer m\u00e1s<\/a><\/p>\n","protected":false},"author":1,"featured_media":114929,"comment_status":"closed","ping_status":"open","sticky":false,"template":"","format":"standard","meta":{"_monsterinsights_skip_tracking":false,"_monsterinsights_sitenote_active":false,"_monsterinsights_sitenote_note":"","_monsterinsights_sitenote_category":0,"jetpack_post_was_ever_published":false,"_jetpack_newsletter_access":"","_jetpack_dont_email_post_to_subs":false,"_jetpack_newsletter_tier_id":0,"_jetpack_memberships_contains_paywalled_content":false,"_jetpack_memberships_contains_paid_content":false,"footnotes":"","jetpack_publicize_message":"","jetpack_publicize_feature_enabled":true,"jetpack_social_post_already_shared":true,"jetpack_social_options":{"image_generator_settings":{"template":"highway","default_image_id":0,"font":"","enabled":false},"version":2},"_wpas_customize_per_network":false},"categories":[30],"tags":[10505,244,7852],"class_list":["post-114928","post","type-post","status-publish","format-standard","has-post-thumbnail","hentry","category-municipio","tag-jubilacion","tag-municipio-2","tag-reconocimiento","generate-columns","tablet-grid-50","mobile-grid-100","grid-parent","grid-50"],"jetpack_publicize_connections":[],"jetpack_featured_media_url":"https:\/\/www.hoymercedes.com.ar\/principal\/wp-content\/uploads\/2020\/08\/DSC05856.jpg","wps_subtitle":"Ascenso","jetpack_sharing_enabled":true,"_links":{"self":[{"href":"https:\/\/www.hoymercedes.com.ar\/principal\/wp-json\/wp\/v2\/posts\/114928","targetHints":{"allow":["GET"]}}],"collection":[{"href":"https:\/\/www.hoymercedes.com.ar\/principal\/wp-json\/wp\/v2\/posts"}],"about":[{"href":"https:\/\/www.hoymercedes.com.ar\/principal\/wp-json\/wp\/v2\/types\/post"}],"author":[{"embeddable":true,"href":"https:\/\/www.hoymercedes.com.ar\/principal\/wp-json\/wp\/v2\/users\/1"}],"replies":[{"embeddable":true,"href":"https:\/\/www.hoymercedes.com.ar\/principal\/wp-json\/wp\/v2\/comments?post=114928"}],"version-history":[{"count":0,"href":"https:\/\/www.hoymercedes.com.ar\/principal\/wp-json\/wp\/v2\/posts\/114928\/revisions"}],"wp:featuredmedia":[{"embeddable":true,"href":"https:\/\/www.hoymercedes.com.ar\/principal\/wp-json\/wp\/v2\/media\/114929"}],"wp:attachment":[{"href":"https:\/\/www.hoymercedes.com.ar\/principal\/wp-json\/wp\/v2\/media?parent=114928"}],"wp:term":[{"taxonomy":"category","embeddable":true,"href":"https:\/\/www.hoymercedes.com.ar\/principal\/wp-json\/wp\/v2\/categories?post=114928"},{"taxonomy":"post_tag","embeddable":true,"href":"https:\/\/www.hoymercedes.com.ar\/principal\/wp-json\/wp\/v2\/tags?post=114928"}],"curies":[{"name":"wp","href":"https:\/\/api.w.org\/{rel}","templated":true}]}}