{"id":114940,"date":"2020-08-11T10:30:54","date_gmt":"2020-08-11T13:30:54","guid":{"rendered":"http:\/\/www.hoymercedes.com.ar\/principal\/?p=114940"},"modified":"2020-08-11T10:31:12","modified_gmt":"2020-08-11T13:31:12","slug":"el-consejo-federal-de-la-afa-anuncio-la-vuelta-a-los-entrenamientos","status":"publish","type":"post","link":"https:\/\/www.hoymercedes.com.ar\/principal\/2020\/08\/11\/el-consejo-federal-de-la-afa-anuncio-la-vuelta-a-los-entrenamientos\/","title":{"rendered":"El Consejo Federal de la AFA anunci\u00f3 la vuelta a los entrenamientos"},"content":{"rendered":"\n<p>Luego que se diera a conocer el retorno a la actividad del f\u00fatbol en todas las divisiones de la Asociaci\u00f3n del F\u00fatbol Argentino, los clubes del interior quedaron a la espera de lo que anuncie el Consejo Federal y en la jornada de este lunes se emiti\u00f3 un comunicado firmado por Pablo Toviggino, Presidente Ejecutivo del CF que da el aval para volver a entrenar a partir del 7 de septiembre.<\/p>\n\n\n\n<figure class=\"wp-block-image size-large\"><img loading=\"lazy\" decoding=\"async\" width=\"799\" height=\"531\" data-attachment-id=\"114941\" data-permalink=\"https:\/\/www.hoymercedes.com.ar\/principal\/2020\/08\/11\/el-consejo-federal-de-la-afa-anuncio-la-vuelta-a-los-entrenamientos\/mhm6183\/#main\" data-orig-file=\"https:\/\/www.hoymercedes.com.ar\/principal\/wp-content\/uploads\/2020\/08\/MHM6183.jpg\" data-orig-size=\"799,531\" data-comments-opened=\"0\" data-image-meta=\"{&quot;aperture&quot;:&quot;0&quot;,&quot;credit&quot;:&quot;Moreira Mario Hugo    FOTOGRAFIA&quot;,&quot;camera&quot;:&quot;&quot;,&quot;caption&quot;:&quot;&quot;,&quot;created_timestamp&quot;:&quot;1500731626&quot;,&quot;copyright&quot;:&quot;AW Fotografia   Moreira Mario Hugo&quot;,&quot;focal_length&quot;:&quot;0&quot;,&quot;iso&quot;:&quot;0&quot;,&quot;shutter_speed&quot;:&quot;0&quot;,&quot;title&quot;:&quot;&quot;,&quot;orientation&quot;:&quot;0&quot;}\" data-image-title=\"MHM6183\" data-image-description=\"\" data-image-caption=\"\" data-large-file=\"https:\/\/www.hoymercedes.com.ar\/principal\/wp-content\/uploads\/2020\/08\/MHM6183.jpg\" src=\"https:\/\/www.hoymercedes.com.ar\/principal\/wp-content\/uploads\/2020\/08\/MHM6183.jpg\" alt=\"\" class=\"wp-image-114941\"\/><\/figure>\n\n\n\n<p>Sin embargo, todo queda sujeto a la situaci\u00f3n epidemiol\u00f3gica de cada ciudad. En Mercedes, el Intendente Juan Ignacio Ustarroz indic\u00f3 que por la situaci\u00f3n actual, todav\u00eda no puede volver el deporte y que para que esto ocurra se deber\u00e1 pasar a la fase siguiente, la 5.<\/p>\n\n\n\n<p>En cuanto a los clubes que integran la Liga Mercedina, las ciudades participantes est\u00e1n en diferentes situaciones, por lo que se deber\u00e1 esperar para saber si habr\u00e1 o no torneo, ya que el comunicado exime de penalidad a quienes desistan participaci\u00f3n alguna y el presidente de la Liga Mercedina, Esteban Marcelo, indic\u00f3 en el programa L\u00ednea de 4, que se emite a traves del canal de YouTube de Milenio Media, que incluso se podr\u00eda llegar un torneo de Primera Divisi\u00f3n s\u00f3lo con los clubes de Mercedes, si es que la situaci\u00f3n lo amerita.<\/p>\n\n\n\n<p>La resoluci\u00f3n del comunicado:<\/p>\n\n\n\n<p>Art. 1\u00ba: Autorizar a las Ligas afiliadas a reiniciar las actividades deportivas a partir&nbsp;del d\u00eda 7 de septiembre de 2020, para lo cual deber\u00e1n observar y acreditar la observaci\u00f3n de los&nbsp;protocolos aprobados por AFA y las autoridades nacionales del Pa\u00eds.&nbsp;<\/p>\n\n\n\n<p>Art. 2\u00ba: Ex\u00edmase a las Ligas afiliadas, para el corriente a\u00f1o 2020, a la obligaci\u00f3n&nbsp;de realizar anualmente, por lo menos un torneo oficial en divisi\u00f3n mayor en el que deber\u00e1n&nbsp;participar la totalidad de sus Clubes afiliados, y torneos en divisiones menores en al menos tres&nbsp;categor\u00edas con la misma exigencia.&nbsp;<\/p>\n\n\n\n<p>Art. 3\u00ba: Autorizar a los clubes del TRFA que se encontraban en competencia al&nbsp;momento de la suspensi\u00f3n, a retornar a los entrenamientos a partir del d\u00eda 7 de septiembre de&nbsp;2020, para lo cual deber\u00e1n observar y acreditar la observaci\u00f3n de los protocolos aprobados por&nbsp;AFA y las autoridades nacionales del Pa\u00eds.<\/p>\n\n\n\n<p>Art. 4\u00ba: Eximase de pena disciplinaria a los clubes que desistan de participar en&nbsp;el TRFA.<\/p>\n\n\n\n<p>Art. 5\u00ba: Difi\u00e9rase para su oportunidad la programaci\u00f3n del TRFA.<\/p>\n","protected":false},"excerpt":{"rendered":"<p>Luego que se diera a conocer el retorno a la actividad del f\u00fatbol en todas las divisiones de la Asociaci\u00f3n &#8230; <a title=\"El Consejo Federal de la AFA anunci\u00f3 la vuelta a los entrenamientos\" class=\"read-more\" href=\"https:\/\/www.hoymercedes.com.ar\/principal\/2020\/08\/11\/el-consejo-federal-de-la-afa-anuncio-la-vuelta-a-los-entrenamientos\/\" aria-label=\"Leer m\u00e1s sobre El Consejo Federal de la AFA anunci\u00f3 la vuelta a los entrenamientos\">Leer m\u00e1s<\/a><\/p>\n","protected":false},"author":1,"featured_media":114941,"comment_status":"closed","ping_status":"open","sticky":false,"template":"","format":"standard","meta":{"_monsterinsights_skip_tracking":false,"_monsterinsights_sitenote_active":false,"_monsterinsights_sitenote_note":"","_monsterinsights_sitenote_category":0,"jetpack_post_was_ever_published":false,"_jetpack_newsletter_access":"","_jetpack_dont_email_post_to_subs":false,"_jetpack_newsletter_tier_id":0,"_jetpack_memberships_contains_paywalled_content":false,"_jetpack_memberships_contains_paid_content":false,"footnotes":"","jetpack_publicize_message":"","jetpack_publicize_feature_enabled":true,"jetpack_social_post_already_shared":true,"jetpack_social_options":{"image_generator_settings":{"template":"highway","default_image_id":0,"font":"","enabled":false},"version":2},"_wpas_customize_per_network":false},"categories":[21],"tags":[13405,16175,13263],"class_list":["post-114940","post","type-post","status-publish","format-standard","has-post-thumbnail","hentry","category-deportes","tag-consejo-federal-del-futbol-argentino","tag-coronavirus","tag-entrenamientos","generate-columns","tablet-grid-50","mobile-grid-100","grid-parent","grid-50"],"jetpack_publicize_connections":[],"jetpack_featured_media_url":"https:\/\/www.hoymercedes.com.ar\/principal\/wp-content\/uploads\/2020\/08\/MHM6183.jpg","wps_subtitle":"La Legi\u00f3n","jetpack_sharing_enabled":true,"_links":{"self":[{"href":"https:\/\/www.hoymercedes.com.ar\/principal\/wp-json\/wp\/v2\/posts\/114940","targetHints":{"allow":["GET"]}}],"collection":[{"href":"https:\/\/www.hoymercedes.com.ar\/principal\/wp-json\/wp\/v2\/posts"}],"about":[{"href":"https:\/\/www.hoymercedes.com.ar\/principal\/wp-json\/wp\/v2\/types\/post"}],"author":[{"embeddable":true,"href":"https:\/\/www.hoymercedes.com.ar\/principal\/wp-json\/wp\/v2\/users\/1"}],"replies":[{"embeddable":true,"href":"https:\/\/www.hoymercedes.com.ar\/principal\/wp-json\/wp\/v2\/comments?post=114940"}],"version-history":[{"count":0,"href":"https:\/\/www.hoymercedes.com.ar\/principal\/wp-json\/wp\/v2\/posts\/114940\/revisions"}],"wp:featuredmedia":[{"embeddable":true,"href":"https:\/\/www.hoymercedes.com.ar\/principal\/wp-json\/wp\/v2\/media\/114941"}],"wp:attachment":[{"href":"https:\/\/www.hoymercedes.com.ar\/principal\/wp-json\/wp\/v2\/media?parent=114940"}],"wp:term":[{"taxonomy":"category","embeddable":true,"href":"https:\/\/www.hoymercedes.com.ar\/principal\/wp-json\/wp\/v2\/categories?post=114940"},{"taxonomy":"post_tag","embeddable":true,"href":"https:\/\/www.hoymercedes.com.ar\/principal\/wp-json\/wp\/v2\/tags?post=114940"}],"curies":[{"name":"wp","href":"https:\/\/api.w.org\/{rel}","templated":true}]}}