{"id":114944,"date":"2020-08-11T10:42:48","date_gmt":"2020-08-11T13:42:48","guid":{"rendered":"http:\/\/www.hoymercedes.com.ar\/principal\/?p=114944"},"modified":"2020-08-11T10:44:17","modified_gmt":"2020-08-11T13:44:17","slug":"federico-lertora-y-santiago-sosa-volvieron-a-entrenar-y-hoy-firma-la-renovacion-emmanuel-culio","status":"publish","type":"post","link":"https:\/\/www.hoymercedes.com.ar\/principal\/2020\/08\/11\/federico-lertora-y-santiago-sosa-volvieron-a-entrenar-y-hoy-firma-la-renovacion-emmanuel-culio\/","title":{"rendered":"Federico L\u00e9rtora y Santiago Sosa volvieron a entrenar y hoy firma la renovaci\u00f3n Emmanuel Culio"},"content":{"rendered":"\n<p>Al f\u00fatbol profesional ya le dieron rienda suelta para entrenar y en el caso de los clubes de Primera Divisi\u00f3n este lunes los futbolistas volvieron a verse las caras en forma personal. Los dos mercedinos que juegan en la m\u00e1xima categor\u00eda superaron con \u00e9xito los controles de Covid-19.<\/p>\n\n\n\n<div class=\"wp-block-image\"><figure class=\"aligncenter size-large\"><img loading=\"lazy\" decoding=\"async\" width=\"299\" height=\"338\" data-attachment-id=\"114946\" data-permalink=\"https:\/\/www.hoymercedes.com.ar\/principal\/2020\/08\/11\/federico-lertora-y-santiago-sosa-volvieron-a-entrenar-y-hoy-firma-la-renovacion-emmanuel-culio\/santiago-sosa-vuelta-entrenamiento-river-1\/#main\" data-orig-file=\"https:\/\/www.hoymercedes.com.ar\/principal\/wp-content\/uploads\/2020\/08\/Santiago-Sosa-Vuelta-Entrenamiento-River-1.png\" data-orig-size=\"299,338\" data-comments-opened=\"0\" data-image-meta=\"{&quot;aperture&quot;:&quot;0&quot;,&quot;credit&quot;:&quot;&quot;,&quot;camera&quot;:&quot;&quot;,&quot;caption&quot;:&quot;&quot;,&quot;created_timestamp&quot;:&quot;0&quot;,&quot;copyright&quot;:&quot;&quot;,&quot;focal_length&quot;:&quot;0&quot;,&quot;iso&quot;:&quot;0&quot;,&quot;shutter_speed&quot;:&quot;0&quot;,&quot;title&quot;:&quot;&quot;,&quot;orientation&quot;:&quot;0&quot;}\" data-image-title=\"Santiago-Sosa-Vuelta-Entrenamiento-River-1\" data-image-description=\"\" data-image-caption=\"\" data-large-file=\"https:\/\/www.hoymercedes.com.ar\/principal\/wp-content\/uploads\/2020\/08\/Santiago-Sosa-Vuelta-Entrenamiento-River-1.png\" src=\"https:\/\/www.hoymercedes.com.ar\/principal\/wp-content\/uploads\/2020\/08\/Santiago-Sosa-Vuelta-Entrenamiento-River-1.png\" alt=\"\" class=\"wp-image-114946\"\/><\/figure><\/div>\n\n\n\n<p>En el caso de River Plate, Santiago Sosa fue parte del tercer turno dispuesto por el entrenador Marcelo Gallardo\u00a0junto a Javier Pinola, Milton Casco, Lucas Pratto, Federico Girotti y Bruno Zuculini. Todos con la mente puesta en San Pablo, el primer rival que tiene confirmado.<\/p>\n\n\n\n<p>Por el lado de Col\u00f3n de Santa Fe, Federico L\u00e9rtora estuvo en el Grupo 1 y bajo las \u00f3rdenes del DT Eduardo Dom\u00ednguez. Junto al mercedino estuvieron Rodrigo Aliendro, Bruno Bianchi, Rafael Delgado, Emanuel Olivera y Wilson Morelo.\u00a0<\/p>\n\n\n\n<p>Renueva Culio<\/p>\n\n\n\n<p>Si bien acord\u00f3 de palabra hace m\u00e1s de un mes. En la jornada de este martes Juan Emmanuel Culio estampar\u00e1 su firma en el contrato que lo vincular\u00e1 a Quilmes hasta diciembre de 2021 para seguir jugando en la Primera Nacional, torneo que no tiene todav\u00eda fecha de retorno. El otro mercedino que juega en la categor\u00eda es Nicol\u00e1s Dematei, quien contin\u00faa en Argentino Agropecuario de Carlos Casares.<\/p>\n","protected":false},"excerpt":{"rendered":"<p>Al f\u00fatbol profesional ya le dieron rienda suelta para entrenar y en el caso de los clubes de Primera Divisi\u00f3n &#8230; <a title=\"Federico L\u00e9rtora y Santiago Sosa volvieron a entrenar y hoy firma la renovaci\u00f3n Emmanuel Culio\" class=\"read-more\" href=\"https:\/\/www.hoymercedes.com.ar\/principal\/2020\/08\/11\/federico-lertora-y-santiago-sosa-volvieron-a-entrenar-y-hoy-firma-la-renovacion-emmanuel-culio\/\" aria-label=\"Leer m\u00e1s sobre Federico L\u00e9rtora y Santiago Sosa volvieron a entrenar y hoy firma la renovaci\u00f3n Emmanuel Culio\">Leer m\u00e1s<\/a><\/p>\n","protected":false},"author":1,"featured_media":114946,"comment_status":"closed","ping_status":"open","sticky":false,"template":"","format":"standard","meta":{"_monsterinsights_skip_tracking":false,"_monsterinsights_sitenote_active":false,"_monsterinsights_sitenote_note":"","_monsterinsights_sitenote_category":0,"jetpack_post_was_ever_published":false,"_jetpack_newsletter_access":"","_jetpack_dont_email_post_to_subs":false,"_jetpack_newsletter_tier_id":0,"_jetpack_memberships_contains_paywalled_content":false,"_jetpack_memberships_contains_paid_content":false,"footnotes":"","jetpack_publicize_message":"","jetpack_publicize_feature_enabled":true,"jetpack_social_post_already_shared":true,"jetpack_social_options":{"image_generator_settings":{"template":"highway","default_image_id":0,"font":"","enabled":false},"version":2},"_wpas_customize_per_network":false},"categories":[21],"tags":[1003,16787,12706],"class_list":["post-114944","post","type-post","status-publish","format-standard","has-post-thumbnail","hentry","category-deportes","tag-futbol","tag-quilmes-ac","tag-santiago-sosa","generate-columns","tablet-grid-50","mobile-grid-100","grid-parent","grid-50"],"jetpack_publicize_connections":[],"jetpack_featured_media_url":"https:\/\/www.hoymercedes.com.ar\/principal\/wp-content\/uploads\/2020\/08\/Santiago-Sosa-Vuelta-Entrenamiento-River-1.png","wps_subtitle":"La Legi\u00f3n","jetpack_sharing_enabled":true,"_links":{"self":[{"href":"https:\/\/www.hoymercedes.com.ar\/principal\/wp-json\/wp\/v2\/posts\/114944","targetHints":{"allow":["GET"]}}],"collection":[{"href":"https:\/\/www.hoymercedes.com.ar\/principal\/wp-json\/wp\/v2\/posts"}],"about":[{"href":"https:\/\/www.hoymercedes.com.ar\/principal\/wp-json\/wp\/v2\/types\/post"}],"author":[{"embeddable":true,"href":"https:\/\/www.hoymercedes.com.ar\/principal\/wp-json\/wp\/v2\/users\/1"}],"replies":[{"embeddable":true,"href":"https:\/\/www.hoymercedes.com.ar\/principal\/wp-json\/wp\/v2\/comments?post=114944"}],"version-history":[{"count":0,"href":"https:\/\/www.hoymercedes.com.ar\/principal\/wp-json\/wp\/v2\/posts\/114944\/revisions"}],"wp:featuredmedia":[{"embeddable":true,"href":"https:\/\/www.hoymercedes.com.ar\/principal\/wp-json\/wp\/v2\/media\/114946"}],"wp:attachment":[{"href":"https:\/\/www.hoymercedes.com.ar\/principal\/wp-json\/wp\/v2\/media?parent=114944"}],"wp:term":[{"taxonomy":"category","embeddable":true,"href":"https:\/\/www.hoymercedes.com.ar\/principal\/wp-json\/wp\/v2\/categories?post=114944"},{"taxonomy":"post_tag","embeddable":true,"href":"https:\/\/www.hoymercedes.com.ar\/principal\/wp-json\/wp\/v2\/tags?post=114944"}],"curies":[{"name":"wp","href":"https:\/\/api.w.org\/{rel}","templated":true}]}}