{"id":114950,"date":"2020-08-11T18:44:00","date_gmt":"2020-08-11T21:44:00","guid":{"rendered":"http:\/\/www.hoymercedes.com.ar\/principal\/?p=114950"},"modified":"2020-08-11T10:51:38","modified_gmt":"2020-08-11T13:51:38","slug":"palometas-fc-entre-las-obras-para-mejorar-su-predio-y-la-falta-de-ingresos-por-la-pandemia","status":"publish","type":"post","link":"https:\/\/www.hoymercedes.com.ar\/principal\/2020\/08\/11\/palometas-fc-entre-las-obras-para-mejorar-su-predio-y-la-falta-de-ingresos-por-la-pandemia\/","title":{"rendered":"Palometas FC, entre las obras para mejorar su predio y la falta de ingresos por la pandemia"},"content":{"rendered":"\n<p>La situaci\u00f3n de algunos clubes mercedinos es cr\u00edtica luego de cinco meses sin poder tener actividad y con el correr del tiempo empieza a complicarse la situaci\u00f3n a nivel econ\u00f3mico. En di\u00e1logo con el programa El Pulso, que se emite de lunes a viernes de 10 a 12 por FM La Tribuna 103.5, el presidente de Palometas FC, Diego Figueredo, habl\u00f3 al respecto.<\/p>\n\n\n\n<div class=\"wp-block-image\"><figure class=\"aligncenter size-large\"><img loading=\"lazy\" decoding=\"async\" width=\"720\" height=\"960\" data-attachment-id=\"114951\" data-permalink=\"https:\/\/www.hoymercedes.com.ar\/principal\/2020\/08\/11\/palometas-fc-entre-las-obras-para-mejorar-su-predio-y-la-falta-de-ingresos-por-la-pandemia\/palometas-fc-obras-en-predio\/#main\" data-orig-file=\"https:\/\/www.hoymercedes.com.ar\/principal\/wp-content\/uploads\/2020\/08\/Palometas-FC-Obras-en-Predio.jpg\" data-orig-size=\"720,960\" data-comments-opened=\"0\" data-image-meta=\"{&quot;aperture&quot;:&quot;0&quot;,&quot;credit&quot;:&quot;&quot;,&quot;camera&quot;:&quot;&quot;,&quot;caption&quot;:&quot;&quot;,&quot;created_timestamp&quot;:&quot;0&quot;,&quot;copyright&quot;:&quot;&quot;,&quot;focal_length&quot;:&quot;0&quot;,&quot;iso&quot;:&quot;0&quot;,&quot;shutter_speed&quot;:&quot;0&quot;,&quot;title&quot;:&quot;&quot;,&quot;orientation&quot;:&quot;0&quot;}\" data-image-title=\"Palometas-FC-Obras-en-Predio\" data-image-description=\"\" data-image-caption=\"\" data-large-file=\"https:\/\/www.hoymercedes.com.ar\/principal\/wp-content\/uploads\/2020\/08\/Palometas-FC-Obras-en-Predio.jpg\" src=\"https:\/\/www.hoymercedes.com.ar\/principal\/wp-content\/uploads\/2020\/08\/Palometas-FC-Obras-en-Predio.jpg\" alt=\"\" class=\"wp-image-114951\"\/><\/figure><\/div>\n\n\n\n<p>\u00abCada vez se nos hace m\u00e1s dif\u00edcil, porque no tenemos ning\u00fan tipo de ingreso hace cinco meses, nosotros tambi\u00e9n hab\u00edamos decidido no cobrar la cuota mensual, porque como no les estamos brindando entrenamiento a los chicos\u00bb, coment\u00f3, agregando que al momento de tomar la decisi\u00f3n, se esperaba para esta \u00e9poca la posibilidad de volver.<\/p>\n\n\n\n<p>\u00abYa llegando a este punto digo que, estamos complicados, yo supongo que como la mayor\u00eda de las instituciones, porque los ingresos son cero. El Bono Contribuci\u00f3n como ingreso no lo contamos, porque sinceramente hoy estamos empatados con lo que ser\u00edan los premios una vez que lo hagamos a fin de a\u00f1o\u00bb, a\u00f1adi\u00f3.<\/p>\n\n\n\n<p>Por otra parte, Figueredo record\u00f3 que en el club se est\u00e1n realizando obras, pintando y acomodando m\u00e1s el movimiento de suelo en las canchas de 9 y 11. \u00abUno de los padres de los chicos de la Escuelita de F\u00fatbol se acerc\u00f3 un d\u00eda y nos dijo, \u201cChe yo tengo maquinas, les puedo dar una mano\u201d. Omar Luciani se llama, y le agradezco porque, sinceramente es un trabajo que el valor que tiene no lo podr\u00edamos afrontar nosotros y \u00e9l lo hace desinteresadamente, le mete horas, m\u00e1quinas y personal\u00bb, concly\u00f3.<\/p>\n","protected":false},"excerpt":{"rendered":"<p>La situaci\u00f3n de algunos clubes mercedinos es cr\u00edtica luego de cinco meses sin poder tener actividad y con el correr &#8230; <a title=\"Palometas FC, entre las obras para mejorar su predio y la falta de ingresos por la pandemia\" class=\"read-more\" href=\"https:\/\/www.hoymercedes.com.ar\/principal\/2020\/08\/11\/palometas-fc-entre-las-obras-para-mejorar-su-predio-y-la-falta-de-ingresos-por-la-pandemia\/\" aria-label=\"Leer m\u00e1s sobre Palometas FC, entre las obras para mejorar su predio y la falta de ingresos por la pandemia\">Leer m\u00e1s<\/a><\/p>\n","protected":false},"author":1,"featured_media":114951,"comment_status":"closed","ping_status":"open","sticky":false,"template":"","format":"standard","meta":{"_monsterinsights_skip_tracking":false,"_monsterinsights_sitenote_active":false,"_monsterinsights_sitenote_note":"","_monsterinsights_sitenote_category":0,"jetpack_post_was_ever_published":false,"_jetpack_newsletter_access":"","_jetpack_dont_email_post_to_subs":false,"_jetpack_newsletter_tier_id":0,"_jetpack_memberships_contains_paywalled_content":false,"_jetpack_memberships_contains_paid_content":false,"footnotes":"","jetpack_publicize_message":"","jetpack_publicize_feature_enabled":true,"jetpack_social_post_already_shared":true,"jetpack_social_options":{"image_generator_settings":{"template":"highway","default_image_id":0,"font":"","enabled":false},"version":2},"_wpas_customize_per_network":false},"categories":[21],"tags":[16954,16955],"class_list":["post-114950","post","type-post","status-publish","format-standard","has-post-thumbnail","hentry","category-deportes","tag-diego-figueredo","tag-palometas-fc","generate-columns","tablet-grid-50","mobile-grid-100","grid-parent","grid-50"],"jetpack_publicize_connections":[],"jetpack_featured_media_url":"https:\/\/www.hoymercedes.com.ar\/principal\/wp-content\/uploads\/2020\/08\/Palometas-FC-Obras-en-Predio.jpg","wps_subtitle":"La Legi\u00f3n","jetpack_sharing_enabled":true,"_links":{"self":[{"href":"https:\/\/www.hoymercedes.com.ar\/principal\/wp-json\/wp\/v2\/posts\/114950","targetHints":{"allow":["GET"]}}],"collection":[{"href":"https:\/\/www.hoymercedes.com.ar\/principal\/wp-json\/wp\/v2\/posts"}],"about":[{"href":"https:\/\/www.hoymercedes.com.ar\/principal\/wp-json\/wp\/v2\/types\/post"}],"author":[{"embeddable":true,"href":"https:\/\/www.hoymercedes.com.ar\/principal\/wp-json\/wp\/v2\/users\/1"}],"replies":[{"embeddable":true,"href":"https:\/\/www.hoymercedes.com.ar\/principal\/wp-json\/wp\/v2\/comments?post=114950"}],"version-history":[{"count":0,"href":"https:\/\/www.hoymercedes.com.ar\/principal\/wp-json\/wp\/v2\/posts\/114950\/revisions"}],"wp:featuredmedia":[{"embeddable":true,"href":"https:\/\/www.hoymercedes.com.ar\/principal\/wp-json\/wp\/v2\/media\/114951"}],"wp:attachment":[{"href":"https:\/\/www.hoymercedes.com.ar\/principal\/wp-json\/wp\/v2\/media?parent=114950"}],"wp:term":[{"taxonomy":"category","embeddable":true,"href":"https:\/\/www.hoymercedes.com.ar\/principal\/wp-json\/wp\/v2\/categories?post=114950"},{"taxonomy":"post_tag","embeddable":true,"href":"https:\/\/www.hoymercedes.com.ar\/principal\/wp-json\/wp\/v2\/tags?post=114950"}],"curies":[{"name":"wp","href":"https:\/\/api.w.org\/{rel}","templated":true}]}}