{"id":114954,"date":"2020-08-11T11:12:42","date_gmt":"2020-08-11T14:12:42","guid":{"rendered":"http:\/\/www.hoymercedes.com.ar\/principal\/?p=114954"},"modified":"2020-08-11T11:12:44","modified_gmt":"2020-08-11T14:12:44","slug":"coronavirus-rosendo-regueiro-dio-positivo-en-racing","status":"publish","type":"post","link":"https:\/\/www.hoymercedes.com.ar\/principal\/2020\/08\/11\/coronavirus-rosendo-regueiro-dio-positivo-en-racing\/","title":{"rendered":"Coronavirus: Rosendo Regueiro dio positivo en Racing"},"content":{"rendered":"\n<p>El kinesi\u00f3logo del primer equipo de Racing dio positivo este lunes luego de haberse realizado el testeo correspondiente de Coronavirus. En La Academia hubo cinco casos confirmados, a los que se sumaron \u00a0Mart\u00edn\u00a0Bressan, el preparador f\u00edsico principal, y el mercedino\u00a0Rosendo \u00abChendo\u00bb Regueiro, uno de los kinesi\u00f3logos del plantel.<\/p>\n\n\n\n<figure class=\"wp-block-image size-large\"><img loading=\"lazy\" decoding=\"async\" width=\"1040\" height=\"609\" data-attachment-id=\"114955\" data-permalink=\"https:\/\/www.hoymercedes.com.ar\/principal\/2020\/08\/11\/coronavirus-rosendo-regueiro-dio-positivo-en-racing\/rosendo-regueiro-positivo-coronavirus-racing-club\/#main\" data-orig-file=\"https:\/\/www.hoymercedes.com.ar\/principal\/wp-content\/uploads\/2020\/08\/Rosendo-Regueiro-positivo-coronavirus-racing-club.jpeg\" data-orig-size=\"1040,609\" data-comments-opened=\"0\" data-image-meta=\"{&quot;aperture&quot;:&quot;0&quot;,&quot;credit&quot;:&quot;&quot;,&quot;camera&quot;:&quot;&quot;,&quot;caption&quot;:&quot;&quot;,&quot;created_timestamp&quot;:&quot;0&quot;,&quot;copyright&quot;:&quot;&quot;,&quot;focal_length&quot;:&quot;0&quot;,&quot;iso&quot;:&quot;0&quot;,&quot;shutter_speed&quot;:&quot;0&quot;,&quot;title&quot;:&quot;&quot;,&quot;orientation&quot;:&quot;0&quot;}\" data-image-title=\"Rosendo-Regueiro-positivo-coronavirus-racing-club\" data-image-description=\"\" data-image-caption=\"\" data-large-file=\"https:\/\/www.hoymercedes.com.ar\/principal\/wp-content\/uploads\/2020\/08\/Rosendo-Regueiro-positivo-coronavirus-racing-club.jpeg\" src=\"https:\/\/www.hoymercedes.com.ar\/principal\/wp-content\/uploads\/2020\/08\/Rosendo-Regueiro-positivo-coronavirus-racing-club.jpeg\" alt=\"\" class=\"wp-image-114955\"\/><\/figure>\n\n\n\n<p>Tanto Bressan como Regueiro se encuentran sin s\u00edntomas y se suman a los tres futbolistas que hab\u00edan dado positivo con anterioridad. En di\u00e1logo con FM La Tribuna, Regueiro indic\u00f3 que se encuentra bien y sin s\u00edntomas, pero asilado, como indica el protocolo.<\/p>\n","protected":false},"excerpt":{"rendered":"<p>El kinesi\u00f3logo del primer equipo de Racing dio positivo este lunes luego de haberse realizado el testeo correspondiente de Coronavirus. &#8230; <a title=\"Coronavirus: Rosendo Regueiro dio positivo en Racing\" class=\"read-more\" href=\"https:\/\/www.hoymercedes.com.ar\/principal\/2020\/08\/11\/coronavirus-rosendo-regueiro-dio-positivo-en-racing\/\" aria-label=\"Leer m\u00e1s sobre Coronavirus: Rosendo Regueiro dio positivo en Racing\">Leer m\u00e1s<\/a><\/p>\n","protected":false},"author":1,"featured_media":114955,"comment_status":"closed","ping_status":"open","sticky":false,"template":"","format":"standard","meta":{"_monsterinsights_skip_tracking":false,"_monsterinsights_sitenote_active":false,"_monsterinsights_sitenote_note":"","_monsterinsights_sitenote_category":0,"jetpack_post_was_ever_published":false,"_jetpack_newsletter_access":"","_jetpack_dont_email_post_to_subs":false,"_jetpack_newsletter_tier_id":0,"_jetpack_memberships_contains_paywalled_content":false,"_jetpack_memberships_contains_paid_content":false,"footnotes":"","jetpack_publicize_message":"","jetpack_publicize_feature_enabled":true,"jetpack_social_post_already_shared":true,"jetpack_social_options":{"image_generator_settings":{"template":"highway","default_image_id":0,"font":"","enabled":false},"version":2},"_wpas_customize_per_network":false},"categories":[21],"tags":[9140,16956],"class_list":["post-114954","post","type-post","status-publish","format-standard","has-post-thumbnail","hentry","category-deportes","tag-racing","tag-rosendo-regueiro","generate-columns","tablet-grid-50","mobile-grid-100","grid-parent","grid-50"],"jetpack_publicize_connections":[],"jetpack_featured_media_url":"https:\/\/www.hoymercedes.com.ar\/principal\/wp-content\/uploads\/2020\/08\/Rosendo-Regueiro-positivo-coronavirus-racing-club.jpeg","wps_subtitle":"F\u00fatbol","jetpack_sharing_enabled":true,"_links":{"self":[{"href":"https:\/\/www.hoymercedes.com.ar\/principal\/wp-json\/wp\/v2\/posts\/114954","targetHints":{"allow":["GET"]}}],"collection":[{"href":"https:\/\/www.hoymercedes.com.ar\/principal\/wp-json\/wp\/v2\/posts"}],"about":[{"href":"https:\/\/www.hoymercedes.com.ar\/principal\/wp-json\/wp\/v2\/types\/post"}],"author":[{"embeddable":true,"href":"https:\/\/www.hoymercedes.com.ar\/principal\/wp-json\/wp\/v2\/users\/1"}],"replies":[{"embeddable":true,"href":"https:\/\/www.hoymercedes.com.ar\/principal\/wp-json\/wp\/v2\/comments?post=114954"}],"version-history":[{"count":0,"href":"https:\/\/www.hoymercedes.com.ar\/principal\/wp-json\/wp\/v2\/posts\/114954\/revisions"}],"wp:featuredmedia":[{"embeddable":true,"href":"https:\/\/www.hoymercedes.com.ar\/principal\/wp-json\/wp\/v2\/media\/114955"}],"wp:attachment":[{"href":"https:\/\/www.hoymercedes.com.ar\/principal\/wp-json\/wp\/v2\/media?parent=114954"}],"wp:term":[{"taxonomy":"category","embeddable":true,"href":"https:\/\/www.hoymercedes.com.ar\/principal\/wp-json\/wp\/v2\/categories?post=114954"},{"taxonomy":"post_tag","embeddable":true,"href":"https:\/\/www.hoymercedes.com.ar\/principal\/wp-json\/wp\/v2\/tags?post=114954"}],"curies":[{"name":"wp","href":"https:\/\/api.w.org\/{rel}","templated":true}]}}