{"id":114958,"date":"2020-08-11T20:15:28","date_gmt":"2020-08-11T23:15:28","guid":{"rendered":"http:\/\/www.hoymercedes.com.ar\/principal\/?p=114958"},"modified":"2020-08-11T11:25:19","modified_gmt":"2020-08-11T14:25:19","slug":"comenzaron-las-actividades-en-el-predio-del-huracan-mercedes-automovil-club","status":"publish","type":"post","link":"https:\/\/www.hoymercedes.com.ar\/principal\/2020\/08\/11\/comenzaron-las-actividades-en-el-predio-del-huracan-mercedes-automovil-club\/","title":{"rendered":"Comenzaron las actividades en el predio del Hurac\u00e1n Mercedes Automovil Club"},"content":{"rendered":"\n<p>Otra de las entidades que de a poco empieza a tener movimiento es el Hurac\u00e1n Mercedes Automovil Club, quien a trav\u00e9s de su red social Facebook se\u00f1al\u00f3 que \u00abcon un estricto protocolo, se han comenzado a llevar a cabo los trabajos de preparaci\u00f3n del circuito y herramientas con miras a la iniciaci\u00f3n de actividades pospandemia en el Bandoni\u00bb.<\/p>\n\n\n\n<figure class=\"wp-block-image size-large\"><img loading=\"lazy\" decoding=\"async\" width=\"960\" height=\"720\" data-attachment-id=\"114960\" data-permalink=\"https:\/\/www.hoymercedes.com.ar\/principal\/2020\/08\/11\/comenzaron-las-actividades-en-el-predio-del-huracan-mercedes-automovil-club\/circuito-luis-bandoni-2\/#main\" data-orig-file=\"https:\/\/www.hoymercedes.com.ar\/principal\/wp-content\/uploads\/2020\/08\/Circuito-Luis-Bandoni.png\" data-orig-size=\"960,720\" data-comments-opened=\"0\" data-image-meta=\"{&quot;aperture&quot;:&quot;0&quot;,&quot;credit&quot;:&quot;&quot;,&quot;camera&quot;:&quot;&quot;,&quot;caption&quot;:&quot;&quot;,&quot;created_timestamp&quot;:&quot;0&quot;,&quot;copyright&quot;:&quot;&quot;,&quot;focal_length&quot;:&quot;0&quot;,&quot;iso&quot;:&quot;0&quot;,&quot;shutter_speed&quot;:&quot;0&quot;,&quot;title&quot;:&quot;&quot;,&quot;orientation&quot;:&quot;0&quot;}\" data-image-title=\"Circuito-Luis-Bandoni\" data-image-description=\"\" data-image-caption=\"\" data-large-file=\"https:\/\/www.hoymercedes.com.ar\/principal\/wp-content\/uploads\/2020\/08\/Circuito-Luis-Bandoni.png\" src=\"https:\/\/www.hoymercedes.com.ar\/principal\/wp-content\/uploads\/2020\/08\/Circuito-Luis-Bandoni.png\" alt=\"\" class=\"wp-image-114960\"\/><\/figure>\n\n\n\n<p>Adem\u00e1s, destacaron que est\u00e1n \u00aba la espera de un subsidio por parte del Ministerio de Turismo y Deporte de la Naci\u00f3n, gestionado por el Municipio de la ciudad Mercedes, (Clubes en obras) para comenzar con la construcci\u00f3n de un sal\u00f3n de usos multiples, la sala de primeros auxilios y la torre de trasmisi\u00f3n\u00bb.<\/p>\n","protected":false},"excerpt":{"rendered":"<p>Otra de las entidades que de a poco empieza a tener movimiento es el Hurac\u00e1n Mercedes Automovil Club, quien a &#8230; <a title=\"Comenzaron las actividades en el predio del Hurac\u00e1n Mercedes Automovil Club\" class=\"read-more\" href=\"https:\/\/www.hoymercedes.com.ar\/principal\/2020\/08\/11\/comenzaron-las-actividades-en-el-predio-del-huracan-mercedes-automovil-club\/\" aria-label=\"Leer m\u00e1s sobre Comenzaron las actividades en el predio del Hurac\u00e1n Mercedes Automovil Club\">Leer m\u00e1s<\/a><\/p>\n","protected":false},"author":1,"featured_media":114960,"comment_status":"closed","ping_status":"open","sticky":false,"template":"","format":"standard","meta":{"_monsterinsights_skip_tracking":false,"_monsterinsights_sitenote_active":false,"_monsterinsights_sitenote_note":"","_monsterinsights_sitenote_category":0,"jetpack_post_was_ever_published":false,"_jetpack_newsletter_access":"","_jetpack_dont_email_post_to_subs":false,"_jetpack_newsletter_tier_id":0,"_jetpack_memberships_contains_paywalled_content":false,"_jetpack_memberships_contains_paid_content":false,"footnotes":"","jetpack_publicize_message":"","jetpack_publicize_feature_enabled":true,"jetpack_social_post_already_shared":true,"jetpack_social_options":{"image_generator_settings":{"template":"highway","default_image_id":0,"font":"","enabled":false},"version":2},"_wpas_customize_per_network":false},"categories":[21],"tags":[9273,16957],"class_list":["post-114958","post","type-post","status-publish","format-standard","has-post-thumbnail","hentry","category-deportes","tag-automovilismo","tag-huracan-mercedes-automovil-club-2","generate-columns","tablet-grid-50","mobile-grid-100","grid-parent","grid-50"],"jetpack_publicize_connections":[],"jetpack_featured_media_url":"https:\/\/www.hoymercedes.com.ar\/principal\/wp-content\/uploads\/2020\/08\/Circuito-Luis-Bandoni.png","wps_subtitle":"Automovilismo","jetpack_sharing_enabled":true,"_links":{"self":[{"href":"https:\/\/www.hoymercedes.com.ar\/principal\/wp-json\/wp\/v2\/posts\/114958","targetHints":{"allow":["GET"]}}],"collection":[{"href":"https:\/\/www.hoymercedes.com.ar\/principal\/wp-json\/wp\/v2\/posts"}],"about":[{"href":"https:\/\/www.hoymercedes.com.ar\/principal\/wp-json\/wp\/v2\/types\/post"}],"author":[{"embeddable":true,"href":"https:\/\/www.hoymercedes.com.ar\/principal\/wp-json\/wp\/v2\/users\/1"}],"replies":[{"embeddable":true,"href":"https:\/\/www.hoymercedes.com.ar\/principal\/wp-json\/wp\/v2\/comments?post=114958"}],"version-history":[{"count":0,"href":"https:\/\/www.hoymercedes.com.ar\/principal\/wp-json\/wp\/v2\/posts\/114958\/revisions"}],"wp:featuredmedia":[{"embeddable":true,"href":"https:\/\/www.hoymercedes.com.ar\/principal\/wp-json\/wp\/v2\/media\/114960"}],"wp:attachment":[{"href":"https:\/\/www.hoymercedes.com.ar\/principal\/wp-json\/wp\/v2\/media?parent=114958"}],"wp:term":[{"taxonomy":"category","embeddable":true,"href":"https:\/\/www.hoymercedes.com.ar\/principal\/wp-json\/wp\/v2\/categories?post=114958"},{"taxonomy":"post_tag","embeddable":true,"href":"https:\/\/www.hoymercedes.com.ar\/principal\/wp-json\/wp\/v2\/tags?post=114958"}],"curies":[{"name":"wp","href":"https:\/\/api.w.org\/{rel}","templated":true}]}}