{"id":114965,"date":"2020-08-11T19:09:00","date_gmt":"2020-08-11T22:09:00","guid":{"rendered":"http:\/\/www.hoymercedes.com.ar\/principal\/?p=114965"},"modified":"2020-08-11T19:38:22","modified_gmt":"2020-08-11T22:38:22","slug":"concretaron-la-compra-y-venta-de-los-terrenos-para-instalacion-de-la-empresa-alemana","status":"publish","type":"post","link":"https:\/\/www.hoymercedes.com.ar\/principal\/2020\/08\/11\/concretaron-la-compra-y-venta-de-los-terrenos-para-instalacion-de-la-empresa-alemana\/","title":{"rendered":"Concretaron la compra y venta de los terrenos para instalaci\u00f3n de la empresa alemana"},"content":{"rendered":"\n<p>Luego de cinco meses que debieron frenarse los tr\u00e1mites por la pandemia del covid-19, en la ma\u00f1ana de este martes se concret\u00f3 la firma del boleto de compra y venta de los terrenos municipales linderos al Sector Industrial Planificado para la instalaci\u00f3n de la empresa Agro Energie One. En la firma estuvieron autoridades locales, nacionales, provinciales, representates de la empresa,  C\u00e1mara Econ\u00f3mica y referentes gremiales. <\/p>\n\n\n\n<div class=\"wp-block-image\"><figure class=\"aligncenter size-large\"><img loading=\"lazy\" decoding=\"async\" width=\"800\" height=\"533\" data-attachment-id=\"114966\" data-permalink=\"https:\/\/www.hoymercedes.com.ar\/principal\/2020\/08\/11\/concretaron-la-compra-y-venta-de-los-terrenos-para-instalacion-de-la-empresa-alemana\/11-alemanes-4\/#main\" data-orig-file=\"https:\/\/www.hoymercedes.com.ar\/principal\/wp-content\/uploads\/2020\/08\/11-alemanes-4.jpg\" data-orig-size=\"800,533\" data-comments-opened=\"0\" data-image-meta=\"{&quot;aperture&quot;:&quot;0&quot;,&quot;credit&quot;:&quot;&quot;,&quot;camera&quot;:&quot;&quot;,&quot;caption&quot;:&quot;&quot;,&quot;created_timestamp&quot;:&quot;0&quot;,&quot;copyright&quot;:&quot;&quot;,&quot;focal_length&quot;:&quot;0&quot;,&quot;iso&quot;:&quot;0&quot;,&quot;shutter_speed&quot;:&quot;0&quot;,&quot;title&quot;:&quot;&quot;,&quot;orientation&quot;:&quot;0&quot;}\" data-image-title=\"11 alemanes 4\" data-image-description=\"\" data-image-caption=\"\" data-large-file=\"https:\/\/www.hoymercedes.com.ar\/principal\/wp-content\/uploads\/2020\/08\/11-alemanes-4.jpg\" src=\"https:\/\/www.hoymercedes.com.ar\/principal\/wp-content\/uploads\/2020\/08\/11-alemanes-4.jpg\" alt=\"\" class=\"wp-image-114966\"\/><\/figure><\/div>\n\n\n\n<p>En el sal\u00f3n del Concejo Deliberante, en un acto que encabez\u00f3 el Intendente Municipal Juan Ustarroz junto al Ministro del Interior Eduardo de Pedro, el titular de la empresa Agro Energie One Rodolfo Mange, el Presidente de la C\u00e1mara Econ\u00f3mica Mercedina Mario Dimaro y la Subsecretaria Provincial de Industria, PyMEs y Cooperativa Mariela In\u00e9s Bembi a trav\u00e9s de video chat, se concret\u00f3 la firma de la venta por parte del municipio y la escrituraci\u00f3n de los terrenos a nombre de la empresa que podr\u00e1 iniciar las obras para instalar la planta. <\/p>\n\n\n\n<p>Desde su oficina y en nombre del Ministro de Producci\u00f3n Augusto Costa, Mariela Bembi celebr\u00f3 la firma de la escritura y la inversi\u00f3n de la empresa para instalar una planta en la ciudad de Mercedes. \u00abCelebramos tambi\u00e9n las posibilidades que abren estas inversiones para mejorar la infraestructura del sector industrial planificado de Mercedes, y en ese sentido, para la provincia de Buenos Aires, el desarrollo de la infraestructura de parques industriales es una pol\u00edtica que nosotros consideramos muy importante\u201d, agreg\u00f3.<\/p>\n\n\n\n<p>Por su parte, Rodolfo Mange de Agro Energie One expres\u00f3 su agradecimiento a las autoridades de la comuna y a los concejales, evocando los meses de verano hasta que se concret\u00f3 la firma del acuerdo que liego debi\u00f3 detenerse por la pandemia y el aislamiento obligatorio. \u00abVamos a tratar de poner nuestra parte para que este pa\u00eds pueda salir delante de micro emprendimientos en las pymes, lo que son peque\u00f1as y medianas empresas en el mundo entero, generan el 80% del producto bruto interno del mundo, con lo cual, estas empresas son las que van a fortalecer y rico a nuestro pa\u00eds\u201d. <\/p>\n\n\n\n<p>\u00abTomamos el compromiso de tener la mejor tecnolog\u00eda, vamos a ser muy honestos con la sociedad mercedina y con nuestro pueblo argentino y b\u00e1sicamente llevarles a nuestros j\u00f3venes,  en unos a\u00f1os cuando nos estabilicemos, tener clases de qu\u00edmica y ver que los chicos pueda venir a la planta y estudiar, y aquel que le guste pueda crecer en nuestra empresa. Esperamos con el correr del tiempo saber que en la ciudad se construy\u00f3 algo que empez\u00f3 con una idea de crecimiento\u00bb, resalt\u00f3 Mangue. <\/p>\n\n\n\n<div class=\"wp-block-image\"><figure class=\"aligncenter size-large\"><img loading=\"lazy\" decoding=\"async\" width=\"800\" height=\"573\" data-attachment-id=\"114970\" data-permalink=\"https:\/\/www.hoymercedes.com.ar\/principal\/2020\/08\/11\/concretaron-la-compra-y-venta-de-los-terrenos-para-instalacion-de-la-empresa-alemana\/11-alemanes-1\/#main\" data-orig-file=\"https:\/\/www.hoymercedes.com.ar\/principal\/wp-content\/uploads\/2020\/08\/11-alemanes-1.jpg\" data-orig-size=\"800,573\" data-comments-opened=\"0\" data-image-meta=\"{&quot;aperture&quot;:&quot;0&quot;,&quot;credit&quot;:&quot;&quot;,&quot;camera&quot;:&quot;&quot;,&quot;caption&quot;:&quot;&quot;,&quot;created_timestamp&quot;:&quot;0&quot;,&quot;copyright&quot;:&quot;&quot;,&quot;focal_length&quot;:&quot;0&quot;,&quot;iso&quot;:&quot;0&quot;,&quot;shutter_speed&quot;:&quot;0&quot;,&quot;title&quot;:&quot;&quot;,&quot;orientation&quot;:&quot;0&quot;}\" data-image-title=\"11 alemanes 1\" data-image-description=\"\" data-image-caption=\"\" data-large-file=\"https:\/\/www.hoymercedes.com.ar\/principal\/wp-content\/uploads\/2020\/08\/11-alemanes-1.jpg\" src=\"https:\/\/www.hoymercedes.com.ar\/principal\/wp-content\/uploads\/2020\/08\/11-alemanes-1.jpg\" alt=\"\" class=\"wp-image-114970\"\/><\/figure><\/div>\n\n\n\n<p>Por su parte, Ustarroz agradeci\u00f3 tambi\u00e9n a la C\u00e1mara Econ\u00f3mica Mercedina y a Pablo Laresca que acercaron a la empresa a la ciudad y fueron el nexo y puntapi\u00e9 para la instalaci\u00f3n de la empresa de capitales alemanes. Asimismo, agradeci\u00f3 a los concejales, y a los gobiernos provinciales y nacionales representados por los mercedinos De Pedro y Santiago R\u00e9vora.  \u00abEstar ac\u00e1, anunciando algo concreto y tangible, que llev\u00f3 trabajo, pero que vale, es para nosotros una luz de esperanza, es iniciar un camino muy importante. Esto se plasm\u00f3 a trav\u00e9s del trabajo y la gesti\u00f3n, hubo un Estado a disposici\u00f3n absoluta de esta posibilidad. Esto que estamos concretando es un ejemplo de c\u00f3mo tenemos que seguir adelante\u00bb, resalt\u00f3 el Intendente Comunal. <\/p>\n\n\n\n<p>\u00abVamos a proponerles a la C\u00e1mara Econ\u00f3mica, al Sector Industrial Planificado, a la Mesa Sindical, y a los concejales de todas las fuerzas pol\u00edticas inmediatamente, constituir un espacio de trabajo para buscar los nuevos horizontes, el que ser\u00e1 el nuevo terreno que compremos en la ciudad de Mercedes para poder planificar la producci\u00f3n, el empleo, la educaci\u00f3n, el rol de la ciencia y la tecnolog\u00eda en el desarrollo de la ciudad. Este no es el proyecto de un partido, es el proyecto de un pueblo es el proyecto de una comunidad\u201d, agreg\u00f3.<\/p>\n\n\n\n<p><\/p>\n","protected":false},"excerpt":{"rendered":"<p>Luego de cinco meses que debieron frenarse los tr\u00e1mites por la pandemia del covid-19, en la ma\u00f1ana de este martes &#8230; <a title=\"Concretaron la compra y venta de los terrenos para instalaci\u00f3n de la empresa alemana\" class=\"read-more\" href=\"https:\/\/www.hoymercedes.com.ar\/principal\/2020\/08\/11\/concretaron-la-compra-y-venta-de-los-terrenos-para-instalacion-de-la-empresa-alemana\/\" aria-label=\"Leer m\u00e1s sobre Concretaron la compra y venta de los terrenos para instalaci\u00f3n de la empresa alemana\">Leer m\u00e1s<\/a><\/p>\n","protected":false},"author":1,"featured_media":114967,"comment_status":"closed","ping_status":"open","sticky":false,"template":"","format":"standard","meta":{"_monsterinsights_skip_tracking":false,"_monsterinsights_sitenote_active":false,"_monsterinsights_sitenote_note":"","_monsterinsights_sitenote_category":0,"jetpack_post_was_ever_published":false,"_jetpack_newsletter_access":"","_jetpack_dont_email_post_to_subs":false,"_jetpack_newsletter_tier_id":0,"_jetpack_memberships_contains_paywalled_content":false,"_jetpack_memberships_contains_paid_content":false,"footnotes":"","jetpack_publicize_message":"","jetpack_publicize_feature_enabled":true,"jetpack_social_post_already_shared":true,"jetpack_social_options":{"image_generator_settings":{"template":"highway","default_image_id":0,"font":"","enabled":false},"version":2},"_wpas_customize_per_network":false},"categories":[16777],"tags":[16959,16141,10449,244],"class_list":["post-114965","post","type-post","status-publish","format-standard","has-post-thumbnail","hentry","category-economia","tag-agroenergieone","tag-empresa-alemana","tag-inversion","tag-municipio-2","generate-columns","tablet-grid-50","mobile-grid-100","grid-parent","grid-50"],"jetpack_publicize_connections":[],"jetpack_featured_media_url":"https:\/\/www.hoymercedes.com.ar\/principal\/wp-content\/uploads\/2020\/08\/11-alemanes-3.jpg","wps_subtitle":"En la ma\u00f1ana del martes","jetpack_sharing_enabled":true,"_links":{"self":[{"href":"https:\/\/www.hoymercedes.com.ar\/principal\/wp-json\/wp\/v2\/posts\/114965","targetHints":{"allow":["GET"]}}],"collection":[{"href":"https:\/\/www.hoymercedes.com.ar\/principal\/wp-json\/wp\/v2\/posts"}],"about":[{"href":"https:\/\/www.hoymercedes.com.ar\/principal\/wp-json\/wp\/v2\/types\/post"}],"author":[{"embeddable":true,"href":"https:\/\/www.hoymercedes.com.ar\/principal\/wp-json\/wp\/v2\/users\/1"}],"replies":[{"embeddable":true,"href":"https:\/\/www.hoymercedes.com.ar\/principal\/wp-json\/wp\/v2\/comments?post=114965"}],"version-history":[{"count":0,"href":"https:\/\/www.hoymercedes.com.ar\/principal\/wp-json\/wp\/v2\/posts\/114965\/revisions"}],"wp:featuredmedia":[{"embeddable":true,"href":"https:\/\/www.hoymercedes.com.ar\/principal\/wp-json\/wp\/v2\/media\/114967"}],"wp:attachment":[{"href":"https:\/\/www.hoymercedes.com.ar\/principal\/wp-json\/wp\/v2\/media?parent=114965"}],"wp:term":[{"taxonomy":"category","embeddable":true,"href":"https:\/\/www.hoymercedes.com.ar\/principal\/wp-json\/wp\/v2\/categories?post=114965"},{"taxonomy":"post_tag","embeddable":true,"href":"https:\/\/www.hoymercedes.com.ar\/principal\/wp-json\/wp\/v2\/tags?post=114965"}],"curies":[{"name":"wp","href":"https:\/\/api.w.org\/{rel}","templated":true}]}}