{"id":114979,"date":"2020-08-12T08:09:52","date_gmt":"2020-08-12T11:09:52","guid":{"rendered":"http:\/\/www.hoymercedes.com.ar\/principal\/?p=114979"},"modified":"2020-08-11T20:14:20","modified_gmt":"2020-08-11T23:14:20","slug":"francisco-viola-participo-de-un-amistoso-con-la-universidad-de-lomas-de-zamora","status":"publish","type":"post","link":"https:\/\/www.hoymercedes.com.ar\/principal\/2020\/08\/12\/francisco-viola-participo-de-un-amistoso-con-la-universidad-de-lomas-de-zamora\/","title":{"rendered":"Francisco Viola particip\u00f3 de un amistoso con la Universidad de Lomas de Zamora"},"content":{"rendered":"\n<p>El equipo de ajedrez de la Universidad de Lomas de Zamora disput\u00f3 un amistoso este s\u00e1bado 6 ante la Universidad de Ezeiza y el mercedino Francisco Viola fue parte de ese encuentro jugando para UNLZ. Junto a \u00e9l estuvieron los 8 mejores del Circuito en el que Viola fue campe\u00f3n hace algunas semanas y todo se jug\u00f3 de manera online.<\/p>\n\n\n\n<figure class=\"wp-block-image size-large\"><img loading=\"lazy\" decoding=\"async\" width=\"960\" height=\"960\" data-attachment-id=\"114980\" data-permalink=\"https:\/\/www.hoymercedes.com.ar\/principal\/2020\/08\/12\/francisco-viola-participo-de-un-amistoso-con-la-universidad-de-lomas-de-zamora\/francisco-viola-universidad-de-lomas-de-zamora-ajedrez-2\/#main\" data-orig-file=\"https:\/\/www.hoymercedes.com.ar\/principal\/wp-content\/uploads\/2020\/08\/Francisco-Viola-Universidad-de-Lomas-de-Zamora-Ajedrez.jpg\" data-orig-size=\"960,960\" data-comments-opened=\"0\" data-image-meta=\"{&quot;aperture&quot;:&quot;0&quot;,&quot;credit&quot;:&quot;&quot;,&quot;camera&quot;:&quot;&quot;,&quot;caption&quot;:&quot;&quot;,&quot;created_timestamp&quot;:&quot;0&quot;,&quot;copyright&quot;:&quot;&quot;,&quot;focal_length&quot;:&quot;0&quot;,&quot;iso&quot;:&quot;0&quot;,&quot;shutter_speed&quot;:&quot;0&quot;,&quot;title&quot;:&quot;&quot;,&quot;orientation&quot;:&quot;0&quot;}\" data-image-title=\"Francisco-Viola-Universidad-de-Lomas-de-Zamora-Ajedrez\" data-image-description=\"\" data-image-caption=\"\" data-large-file=\"https:\/\/www.hoymercedes.com.ar\/principal\/wp-content\/uploads\/2020\/08\/Francisco-Viola-Universidad-de-Lomas-de-Zamora-Ajedrez.jpg\" src=\"https:\/\/www.hoymercedes.com.ar\/principal\/wp-content\/uploads\/2020\/08\/Francisco-Viola-Universidad-de-Lomas-de-Zamora-Ajedrez.jpg\" alt=\"\" class=\"wp-image-114980\"\/><\/figure>\n\n\n\n<p>La UNLZ venci\u00f3 por 121 a 35. Viola cosech\u00f3 41 unideades producto de diez triunfos y una derrota, sobre once partidas. En la jornada de este mi\u00e9rcoles, volver\u00e1 a ser parte del torneo Chesscovid, donde junto a Mart\u00edn Gioscio integra el equipo C\u00edrculo de Escobar, integrando el Grupo D con intensiones de quedar entre los tres mejores y poder escalar al C.<\/p>\n","protected":false},"excerpt":{"rendered":"<p>El equipo de ajedrez de la Universidad de Lomas de Zamora disput\u00f3 un amistoso este s\u00e1bado 6 ante la Universidad &#8230; <a title=\"Francisco Viola particip\u00f3 de un amistoso con la Universidad de Lomas de Zamora\" class=\"read-more\" href=\"https:\/\/www.hoymercedes.com.ar\/principal\/2020\/08\/12\/francisco-viola-participo-de-un-amistoso-con-la-universidad-de-lomas-de-zamora\/\" aria-label=\"Leer m\u00e1s sobre Francisco Viola particip\u00f3 de un amistoso con la Universidad de Lomas de Zamora\">Leer m\u00e1s<\/a><\/p>\n","protected":false},"author":1,"featured_media":114980,"comment_status":"closed","ping_status":"open","sticky":false,"template":"","format":"standard","meta":{"_monsterinsights_skip_tracking":false,"_monsterinsights_sitenote_active":false,"_monsterinsights_sitenote_note":"","_monsterinsights_sitenote_category":0,"jetpack_post_was_ever_published":false,"_jetpack_newsletter_access":"","_jetpack_dont_email_post_to_subs":false,"_jetpack_newsletter_tier_id":0,"_jetpack_memberships_contains_paywalled_content":false,"_jetpack_memberships_contains_paid_content":false,"footnotes":"","jetpack_publicize_message":"","jetpack_publicize_feature_enabled":true,"jetpack_social_post_already_shared":true,"jetpack_social_options":{"image_generator_settings":{"template":"highway","default_image_id":0,"font":"","enabled":false},"version":2},"_wpas_customize_per_network":false},"categories":[21],"tags":[9871,16960,10760],"class_list":["post-114979","post","type-post","status-publish","format-standard","has-post-thumbnail","hentry","category-deportes","tag-ajedrez","tag-universidad-de-ezeiza","tag-universidad-de-lomas-de-zamora","generate-columns","tablet-grid-50","mobile-grid-100","grid-parent","grid-50"],"jetpack_publicize_connections":[],"jetpack_featured_media_url":"https:\/\/www.hoymercedes.com.ar\/principal\/wp-content\/uploads\/2020\/08\/Francisco-Viola-Universidad-de-Lomas-de-Zamora-Ajedrez.jpg","wps_subtitle":"Ajedrez","jetpack_sharing_enabled":true,"jetpack-related-posts":[{"id":112221,"url":"https:\/\/www.hoymercedes.com.ar\/principal\/2020\/06\/16\/se-corto-la-racha-para-francisco-viola-en-la-unlz\/","url_meta":{"origin":114979,"position":0},"title":"Se cort\u00f3 la racha para Francisco Viola en la UNLZ","author":"hoymercedes","date":"16 junio, 2020","format":false,"excerpt":"Luego de campeonar durante cuatro jornadas al hilo, Francisco Viola qued\u00f3 segundo este s\u00e1bado en el torneo de ajedrez virtual que se organiza la Universidad Nacional de Lomas de Zamora. El mercedino hab\u00eda ganado la primera fecha y luego las jornadas tres a seis, mientras que en la s\u00e9ptima, qued\u00f3\u2026","rel":"","context":"En \u00abDeportes\u00bb","block_context":{"text":"Deportes","link":"https:\/\/www.hoymercedes.com.ar\/principal\/category\/deportes\/"},"img":{"alt_text":"","src":"https:\/\/i0.wp.com\/www.hoymercedes.com.ar\/principal\/wp-content\/uploads\/2020\/06\/Francisco-Viola-4.jpg?resize=350%2C200&ssl=1","width":350,"height":200,"srcset":"https:\/\/i0.wp.com\/www.hoymercedes.com.ar\/principal\/wp-content\/uploads\/2020\/06\/Francisco-Viola-4.jpg?resize=350%2C200&ssl=1 1x, https:\/\/i0.wp.com\/www.hoymercedes.com.ar\/principal\/wp-content\/uploads\/2020\/06\/Francisco-Viola-4.jpg?resize=525%2C300&ssl=1 1.5x, https:\/\/i0.wp.com\/www.hoymercedes.com.ar\/principal\/wp-content\/uploads\/2020\/06\/Francisco-Viola-4.jpg?resize=700%2C400&ssl=1 2x"},"classes":[]},{"id":113907,"url":"https:\/\/www.hoymercedes.com.ar\/principal\/2020\/07\/21\/francisco-viola-campeon-del-torneo-virtual-de-la-universidad-de-lomas-de-zamora\/","url_meta":{"origin":114979,"position":1},"title":"Francisco Viola, campe\u00f3n del torneo virtual de la Universidad de Lomas de Zamora","author":"hoymercedes","date":"21 julio, 2020","format":false,"excerpt":"Finalmente el ajedrecista mercedino Francisco Viola se coron\u00f3 campe\u00f3n del torneo organizado por la Universidad Nacional de Lomas de Zamora a una fecha del final. Aunque no logr\u00f3 quedarse con la fecha, como en casi todo el certamen, los puntos sumados m\u00e1s la distancia que ya hab\u00eda cosechado, hicieron que\u2026","rel":"","context":"En \u00abDeportes\u00bb","block_context":{"text":"Deportes","link":"https:\/\/www.hoymercedes.com.ar\/principal\/category\/deportes\/"},"img":{"alt_text":"","src":"https:\/\/i0.wp.com\/www.hoymercedes.com.ar\/principal\/wp-content\/uploads\/2020\/07\/Francisco-Viola-Ajedrez.jpg?resize=350%2C200&ssl=1","width":350,"height":200,"srcset":"https:\/\/i0.wp.com\/www.hoymercedes.com.ar\/principal\/wp-content\/uploads\/2020\/07\/Francisco-Viola-Ajedrez.jpg?resize=350%2C200&ssl=1 1x, https:\/\/i0.wp.com\/www.hoymercedes.com.ar\/principal\/wp-content\/uploads\/2020\/07\/Francisco-Viola-Ajedrez.jpg?resize=525%2C300&ssl=1 1.5x, https:\/\/i0.wp.com\/www.hoymercedes.com.ar\/principal\/wp-content\/uploads\/2020\/07\/Francisco-Viola-Ajedrez.jpg?resize=700%2C400&ssl=1 2x"},"classes":[]},{"id":122299,"url":"https:\/\/www.hoymercedes.com.ar\/principal\/2020\/12\/23\/francisco-viola-termino-tercero-en-la-final-de-ajedrez-de-la-unlz\/","url_meta":{"origin":114979,"position":2},"title":"Francisco Viola termin\u00f3 tercero en la final de ajedrez de la UNLZ","author":"hoymercedes","date":"23 diciembre, 2020","format":false,"excerpt":"Se llev\u00f3 adelante la final de ajedrez de la Universidad Nacional de Lomas de Zamora. El torneo contempl\u00f3 a los mejores jugadores del a\u00f1o, ya que 14 de los 18 participantes clasificaron luego de jugar el circuito Oto\u00f1o-Invierno y Primera-Verano. Los restantes 4 tableros, tambi\u00e9n estudiantes de la UNLZ, fueron\u2026","rel":"","context":"En \u00abDeportes\u00bb","block_context":{"text":"Deportes","link":"https:\/\/www.hoymercedes.com.ar\/principal\/category\/deportes\/"},"img":{"alt_text":"","src":"https:\/\/i0.wp.com\/www.hoymercedes.com.ar\/principal\/wp-content\/uploads\/2020\/12\/Francisco-Viola-Ajedrez.jpg?resize=350%2C200&ssl=1","width":350,"height":200,"srcset":"https:\/\/i0.wp.com\/www.hoymercedes.com.ar\/principal\/wp-content\/uploads\/2020\/12\/Francisco-Viola-Ajedrez.jpg?resize=350%2C200&ssl=1 1x, https:\/\/i0.wp.com\/www.hoymercedes.com.ar\/principal\/wp-content\/uploads\/2020\/12\/Francisco-Viola-Ajedrez.jpg?resize=525%2C300&ssl=1 1.5x, https:\/\/i0.wp.com\/www.hoymercedes.com.ar\/principal\/wp-content\/uploads\/2020\/12\/Francisco-Viola-Ajedrez.jpg?resize=700%2C400&ssl=1 2x"},"classes":[]},{"id":113294,"url":"https:\/\/www.hoymercedes.com.ar\/principal\/2020\/07\/07\/francisco-viola-se-encamina-hacia-el-titulo\/","url_meta":{"origin":114979,"position":3},"title":"Francisco Viola se encamina hacia el t\u00edtulo","author":"hoymercedes","date":"7 julio, 2020","format":false,"excerpt":"Comenz\u00f3 la cuenta regresiva para el final del torneo de ajedrez virtual organizado por la Universidad Nacional de Lomas de Zamora. Este s\u00e1bado se realiz\u00f3 la d\u00e9cima fecha y nuevamente el mercedino Francisco Viola volvi\u00f3 a quedarse con la jornada. Viola obtuvo seis triunfos y una derrota sobre siete partidas\u2026","rel":"","context":"En \u00abDeportes\u00bb","block_context":{"text":"Deportes","link":"https:\/\/www.hoymercedes.com.ar\/principal\/category\/deportes\/"},"img":{"alt_text":"","src":"https:\/\/i0.wp.com\/www.hoymercedes.com.ar\/principal\/wp-content\/uploads\/2020\/07\/Francisco-Viola-3.jpg?resize=350%2C200&ssl=1","width":350,"height":200,"srcset":"https:\/\/i0.wp.com\/www.hoymercedes.com.ar\/principal\/wp-content\/uploads\/2020\/07\/Francisco-Viola-3.jpg?resize=350%2C200&ssl=1 1x, https:\/\/i0.wp.com\/www.hoymercedes.com.ar\/principal\/wp-content\/uploads\/2020\/07\/Francisco-Viola-3.jpg?resize=525%2C300&ssl=1 1.5x, https:\/\/i0.wp.com\/www.hoymercedes.com.ar\/principal\/wp-content\/uploads\/2020\/07\/Francisco-Viola-3.jpg?resize=700%2C400&ssl=1 2x"},"classes":[]},{"id":111854,"url":"https:\/\/www.hoymercedes.com.ar\/principal\/2020\/06\/08\/francisco-viola-mantiene-el-invicto-en-el-torneo-de-lomas-de-zamora\/","url_meta":{"origin":114979,"position":4},"title":"Francisco Viola mantiene el invicto en el torneo de Lomas de Zamora","author":"hoymercedes","date":"8 junio, 2020","format":false,"excerpt":"La s\u00e9ptima fecha del circuito de ajedrez virtual del torneo que organiza la Universidad de Lomas de Zamora se llev\u00f3 a cabo este s\u00e1bado, en una de las pocas actividades deportivas que se encuentra en funcionamiento durante la cuarentena. Francisco Viola volvi\u00f3 a tener una buena performance, ganando 5 de\u2026","rel":"","context":"En \u00abDeportes\u00bb","block_context":{"text":"Deportes","link":"https:\/\/www.hoymercedes.com.ar\/principal\/category\/deportes\/"},"img":{"alt_text":"","src":"https:\/\/i0.wp.com\/www.hoymercedes.com.ar\/principal\/wp-content\/uploads\/2020\/06\/Francisco-Viola-Fecha-7-UNLZ-1.jpg?resize=350%2C200&ssl=1","width":350,"height":200,"srcset":"https:\/\/i0.wp.com\/www.hoymercedes.com.ar\/principal\/wp-content\/uploads\/2020\/06\/Francisco-Viola-Fecha-7-UNLZ-1.jpg?resize=350%2C200&ssl=1 1x, https:\/\/i0.wp.com\/www.hoymercedes.com.ar\/principal\/wp-content\/uploads\/2020\/06\/Francisco-Viola-Fecha-7-UNLZ-1.jpg?resize=525%2C300&ssl=1 1.5x, https:\/\/i0.wp.com\/www.hoymercedes.com.ar\/principal\/wp-content\/uploads\/2020\/06\/Francisco-Viola-Fecha-7-UNLZ-1.jpg?resize=700%2C400&ssl=1 2x"},"classes":[]},{"id":111248,"url":"https:\/\/www.hoymercedes.com.ar\/principal\/2020\/05\/27\/francisco-viola-nuevamente-campeon-en-la-universidad-de-lomas\/","url_meta":{"origin":114979,"position":5},"title":"Francisco Viola, nuevamente campe\u00f3n en la Universidad de Lomas","author":"hoymercedes","date":"27 mayo, 2020","format":false,"excerpt":"El ajedrecista Francisco Viola fue parte de la cuarta fecha del torneo de ajedrez virtual que organiza la Universidad Nacional de Lomas de Zamora. Fueron 16 los participantes y en esta oportunidad hubo un triple empate en el primer puesto, ya que el mercedino obtuvo 5 triunfos y 2 derrotas\u2026","rel":"","context":"En \u00abDeportes\u00bb","block_context":{"text":"Deportes","link":"https:\/\/www.hoymercedes.com.ar\/principal\/category\/deportes\/"},"img":{"alt_text":"","src":"https:\/\/i0.wp.com\/www.hoymercedes.com.ar\/principal\/wp-content\/uploads\/2020\/05\/Francisco-Viola-4.jpg?resize=350%2C200&ssl=1","width":350,"height":200,"srcset":"https:\/\/i0.wp.com\/www.hoymercedes.com.ar\/principal\/wp-content\/uploads\/2020\/05\/Francisco-Viola-4.jpg?resize=350%2C200&ssl=1 1x, https:\/\/i0.wp.com\/www.hoymercedes.com.ar\/principal\/wp-content\/uploads\/2020\/05\/Francisco-Viola-4.jpg?resize=525%2C300&ssl=1 1.5x, https:\/\/i0.wp.com\/www.hoymercedes.com.ar\/principal\/wp-content\/uploads\/2020\/05\/Francisco-Viola-4.jpg?resize=700%2C400&ssl=1 2x"},"classes":[]}],"_links":{"self":[{"href":"https:\/\/www.hoymercedes.com.ar\/principal\/wp-json\/wp\/v2\/posts\/114979","targetHints":{"allow":["GET"]}}],"collection":[{"href":"https:\/\/www.hoymercedes.com.ar\/principal\/wp-json\/wp\/v2\/posts"}],"about":[{"href":"https:\/\/www.hoymercedes.com.ar\/principal\/wp-json\/wp\/v2\/types\/post"}],"author":[{"embeddable":true,"href":"https:\/\/www.hoymercedes.com.ar\/principal\/wp-json\/wp\/v2\/users\/1"}],"replies":[{"embeddable":true,"href":"https:\/\/www.hoymercedes.com.ar\/principal\/wp-json\/wp\/v2\/comments?post=114979"}],"version-history":[{"count":0,"href":"https:\/\/www.hoymercedes.com.ar\/principal\/wp-json\/wp\/v2\/posts\/114979\/revisions"}],"wp:featuredmedia":[{"embeddable":true,"href":"https:\/\/www.hoymercedes.com.ar\/principal\/wp-json\/wp\/v2\/media\/114980"}],"wp:attachment":[{"href":"https:\/\/www.hoymercedes.com.ar\/principal\/wp-json\/wp\/v2\/media?parent=114979"}],"wp:term":[{"taxonomy":"category","embeddable":true,"href":"https:\/\/www.hoymercedes.com.ar\/principal\/wp-json\/wp\/v2\/categories?post=114979"},{"taxonomy":"post_tag","embeddable":true,"href":"https:\/\/www.hoymercedes.com.ar\/principal\/wp-json\/wp\/v2\/tags?post=114979"}],"curies":[{"name":"wp","href":"https:\/\/api.w.org\/{rel}","templated":true}]}}