{"id":114999,"date":"2020-08-12T11:20:47","date_gmt":"2020-08-12T14:20:47","guid":{"rendered":"http:\/\/www.hoymercedes.com.ar\/principal\/?p=114999"},"modified":"2020-08-13T21:28:40","modified_gmt":"2020-08-14T00:28:40","slug":"la-policia-federal-realizo-operativo-por-infraccion-a-la-ley-tributaria","status":"publish","type":"post","link":"https:\/\/www.hoymercedes.com.ar\/principal\/2020\/08\/12\/la-policia-federal-realizo-operativo-por-infraccion-a-la-ley-tributaria\/","title":{"rendered":"La Polic\u00eda Federal realiz\u00f3 operativo por infracci\u00f3n a la ley tributaria"},"content":{"rendered":"\n<p>El pasado lunes 10 de agosto, personal de brigada de la Delegaci\u00f3n Mercedes de la Polic\u00eda Federal Argentina Argentina, llev\u00f3 a cabo tres procedimientos por infracci\u00f3n a la Ley 11.683 (Penal Tributaria), en la ciudad de Chivilcoy. <\/p>\n\n\n\n<div class=\"wp-block-image\"><figure class=\"aligncenter size-large\"><img loading=\"lazy\" decoding=\"async\" width=\"800\" height=\"378\" data-attachment-id=\"115001\" data-permalink=\"https:\/\/www.hoymercedes.com.ar\/principal\/2020\/08\/12\/la-policia-federal-realizo-operativo-por-infraccion-a-la-ley-tributaria\/12-poli-federal-2\/#main\" data-orig-file=\"https:\/\/www.hoymercedes.com.ar\/principal\/wp-content\/uploads\/2020\/08\/12-poli-federal-2.jpeg\" data-orig-size=\"800,378\" data-comments-opened=\"0\" data-image-meta=\"{&quot;aperture&quot;:&quot;0&quot;,&quot;credit&quot;:&quot;&quot;,&quot;camera&quot;:&quot;&quot;,&quot;caption&quot;:&quot;&quot;,&quot;created_timestamp&quot;:&quot;0&quot;,&quot;copyright&quot;:&quot;&quot;,&quot;focal_length&quot;:&quot;0&quot;,&quot;iso&quot;:&quot;0&quot;,&quot;shutter_speed&quot;:&quot;0&quot;,&quot;title&quot;:&quot;&quot;,&quot;orientation&quot;:&quot;0&quot;}\" data-image-title=\"12 poli federal 2\" data-image-description=\"\" data-image-caption=\"\" data-large-file=\"https:\/\/www.hoymercedes.com.ar\/principal\/wp-content\/uploads\/2020\/08\/12-poli-federal-2.jpeg\" src=\"https:\/\/www.hoymercedes.com.ar\/principal\/wp-content\/uploads\/2020\/08\/12-poli-federal-2.jpeg\" alt=\"\" class=\"wp-image-115001\"\/><\/figure><\/div>\n\n\n\n<p>Los mencionados procedimientos, se dieron en el marco de un control vehicular llevado a cabo por personal de La Delegaci\u00f3n Mercedes de la PFA, juntamente con personal del Divisi\u00f3n Equipamiento De Sistemas Multitecnol\u00f3gicos, perteneciente a la Superintendencia Federal De Tecnolog\u00edas De La Informaci\u00f3n Y Comunicaciones de la misma Fuerza.<\/p>\n\n\n\n<p>Los mismos se llevaron a cabo en Ruta Nacional N\u00b0 5 km 140,600, Chivilcoy, desalentando el tr\u00e1nsito de veh\u00edculos, ordenado en Decreto Presidencial 297\/2020 &#8211; Aislamiento Social Preventivo Y Obligatorio en prevenci\u00f3n del COVID-19, como as\u00ed tambi\u00e9n realizando tareas de prevenci\u00f3n en general.<\/p>\n\n\n\n<p>Procedimiento 1. Se detuvo la marcha de un veh\u00edculo Toyota modelo Hilux, el cual circulaba sobre la cinta asf\u00e1ltica de Ruta Nac. N\u00b0 5 sentido Mercedes- Chivilcoy, conducido por un masculino mayor de edad, oriundo de la Localidad de Acassuso, quien trasportaba 26 neum\u00e1ticos de diferentes marcas y rodados, sin el comprobante fiscal de la compra efectuada, mercader\u00eda con un valor aproximado de mercado, estimado en m\u00e1s de $ 1.100.000 pesos.<\/p>\n\n\n\n<div class=\"wp-block-image\"><figure class=\"aligncenter size-large\"><img loading=\"lazy\" decoding=\"async\" width=\"800\" height=\"378\" data-attachment-id=\"115000\" data-permalink=\"https:\/\/www.hoymercedes.com.ar\/principal\/2020\/08\/12\/la-policia-federal-realizo-operativo-por-infraccion-a-la-ley-tributaria\/12-poli-federal-1\/#main\" data-orig-file=\"https:\/\/www.hoymercedes.com.ar\/principal\/wp-content\/uploads\/2020\/08\/12-poli-federal-1.jpeg\" data-orig-size=\"800,378\" data-comments-opened=\"0\" data-image-meta=\"{&quot;aperture&quot;:&quot;0&quot;,&quot;credit&quot;:&quot;&quot;,&quot;camera&quot;:&quot;&quot;,&quot;caption&quot;:&quot;&quot;,&quot;created_timestamp&quot;:&quot;0&quot;,&quot;copyright&quot;:&quot;&quot;,&quot;focal_length&quot;:&quot;0&quot;,&quot;iso&quot;:&quot;0&quot;,&quot;shutter_speed&quot;:&quot;0&quot;,&quot;title&quot;:&quot;&quot;,&quot;orientation&quot;:&quot;0&quot;}\" data-image-title=\"12 poli federal 1\" data-image-description=\"\" data-image-caption=\"\" data-large-file=\"https:\/\/www.hoymercedes.com.ar\/principal\/wp-content\/uploads\/2020\/08\/12-poli-federal-1.jpeg\" src=\"https:\/\/www.hoymercedes.com.ar\/principal\/wp-content\/uploads\/2020\/08\/12-poli-federal-1.jpeg\" alt=\"\" class=\"wp-image-115000\"\/><\/figure><\/div>\n\n\n\n<p>Procedimiento 2. se detuvo la marcha de un cami\u00f3n Mercedes Benz modelo 1620, el cual circulaba sobre la cinta asf\u00e1ltica de Ruta Nac. N\u00b0 5 sentido Carlos Casares- Suipacha, conducido por un masculino mayor de edad, oriundo de la Localidad de Suipacha, quien trasportaba DIECIOCHO MIL (18.000) litros de leche, sin el debido comprobante fiscal de la compra efectuada, mercader\u00eda con un valor aproximado de mercado, estimado en m\u00e1s de $ 684.000 pesos.<\/p>\n\n\n\n<p>Procedimiento 3. se detuvo la marcha de un cami\u00f3n Mercedes Benz modelo 1725, el cual circulaba sobre la cinta asf\u00e1ltica de Ruta Nac. N\u00b0 5 sentido Suipacha- Chivilcoy, conducido por un masculino mayor de edad, oriundo de la Ciudad de Suipacha, quien trasportaba VEINTISEIS (26) rollos de pasto, sin el debido comprobante fiscal de la compra efectuada, mercader\u00eda con un valor aproximado de mercado aproximado de mercado, estimado en m\u00e1s de $ 60.000 pesos.<\/p>\n\n\n\n<p>Intervino la A.F.I.P. Regional Mercedes, quien ordeno labrar actas por infracci\u00f3n a la Ley 11.683 (PENAL TRIBUTARIA), no adoptando temperamento sobre las mercader\u00edas y los veh\u00edculos.<\/p>\n\n\n\n<p>Fuente: Polic\u00eda Federal Delegaci\u00f3n Mercedes<\/p>\n\n\n\n<div class=\"wp-block-image\"><figure class=\"aligncenter size-large\"><img loading=\"lazy\" decoding=\"async\" width=\"800\" height=\"534\" data-attachment-id=\"115002\" data-permalink=\"https:\/\/www.hoymercedes.com.ar\/principal\/2020\/08\/12\/la-policia-federal-realizo-operativo-por-infraccion-a-la-ley-tributaria\/12-poli-federal-3\/#main\" data-orig-file=\"https:\/\/www.hoymercedes.com.ar\/principal\/wp-content\/uploads\/2020\/08\/12-poli-federal-3.jpeg\" data-orig-size=\"800,534\" data-comments-opened=\"0\" data-image-meta=\"{&quot;aperture&quot;:&quot;0&quot;,&quot;credit&quot;:&quot;&quot;,&quot;camera&quot;:&quot;&quot;,&quot;caption&quot;:&quot;&quot;,&quot;created_timestamp&quot;:&quot;0&quot;,&quot;copyright&quot;:&quot;&quot;,&quot;focal_length&quot;:&quot;0&quot;,&quot;iso&quot;:&quot;0&quot;,&quot;shutter_speed&quot;:&quot;0&quot;,&quot;title&quot;:&quot;&quot;,&quot;orientation&quot;:&quot;0&quot;}\" data-image-title=\"12 poli federal 3\" data-image-description=\"\" data-image-caption=\"\" data-large-file=\"https:\/\/www.hoymercedes.com.ar\/principal\/wp-content\/uploads\/2020\/08\/12-poli-federal-3.jpeg\" src=\"https:\/\/www.hoymercedes.com.ar\/principal\/wp-content\/uploads\/2020\/08\/12-poli-federal-3.jpeg\" alt=\"\" class=\"wp-image-115002\"\/><\/figure><\/div>\n","protected":false},"excerpt":{"rendered":"<p>El pasado lunes 10 de agosto, personal de brigada de la Delegaci\u00f3n Mercedes de la Polic\u00eda Federal Argentina Argentina, llev\u00f3 &#8230; <a title=\"La Polic\u00eda Federal realiz\u00f3 operativo por infracci\u00f3n a la ley tributaria\" class=\"read-more\" href=\"https:\/\/www.hoymercedes.com.ar\/principal\/2020\/08\/12\/la-policia-federal-realizo-operativo-por-infraccion-a-la-ley-tributaria\/\" aria-label=\"Leer m\u00e1s sobre La Polic\u00eda Federal realiz\u00f3 operativo por infracci\u00f3n a la ley tributaria\">Leer m\u00e1s<\/a><\/p>\n","protected":false},"author":1,"featured_media":115002,"comment_status":"closed","ping_status":"open","sticky":false,"template":"","format":"standard","meta":{"_monsterinsights_skip_tracking":false,"_monsterinsights_sitenote_active":false,"_monsterinsights_sitenote_note":"","_monsterinsights_sitenote_category":0,"jetpack_post_was_ever_published":false,"_jetpack_newsletter_access":"","_jetpack_dont_email_post_to_subs":false,"_jetpack_newsletter_tier_id":0,"_jetpack_memberships_contains_paywalled_content":false,"_jetpack_memberships_contains_paid_content":false,"footnotes":"","jetpack_publicize_message":"","jetpack_publicize_feature_enabled":true,"jetpack_social_post_already_shared":true,"jetpack_social_options":{"image_generator_settings":{"template":"highway","default_image_id":0,"font":"","enabled":false},"version":2},"_wpas_customize_per_network":false},"categories":[85],"tags":[16964,6549,96],"class_list":["post-114999","post","type-post","status-publish","format-standard","has-post-thumbnail","hentry","category-policial","tag-ley-tributaria","tag-policia-federal","tag-policial-2","generate-columns","tablet-grid-50","mobile-grid-100","grid-parent","grid-50"],"jetpack_publicize_connections":[],"jetpack_featured_media_url":"https:\/\/www.hoymercedes.com.ar\/principal\/wp-content\/uploads\/2020\/08\/12-poli-federal-3.jpeg","wps_subtitle":"En Chivilcoy","jetpack_sharing_enabled":true,"_links":{"self":[{"href":"https:\/\/www.hoymercedes.com.ar\/principal\/wp-json\/wp\/v2\/posts\/114999","targetHints":{"allow":["GET"]}}],"collection":[{"href":"https:\/\/www.hoymercedes.com.ar\/principal\/wp-json\/wp\/v2\/posts"}],"about":[{"href":"https:\/\/www.hoymercedes.com.ar\/principal\/wp-json\/wp\/v2\/types\/post"}],"author":[{"embeddable":true,"href":"https:\/\/www.hoymercedes.com.ar\/principal\/wp-json\/wp\/v2\/users\/1"}],"replies":[{"embeddable":true,"href":"https:\/\/www.hoymercedes.com.ar\/principal\/wp-json\/wp\/v2\/comments?post=114999"}],"version-history":[{"count":0,"href":"https:\/\/www.hoymercedes.com.ar\/principal\/wp-json\/wp\/v2\/posts\/114999\/revisions"}],"wp:featuredmedia":[{"embeddable":true,"href":"https:\/\/www.hoymercedes.com.ar\/principal\/wp-json\/wp\/v2\/media\/115002"}],"wp:attachment":[{"href":"https:\/\/www.hoymercedes.com.ar\/principal\/wp-json\/wp\/v2\/media?parent=114999"}],"wp:term":[{"taxonomy":"category","embeddable":true,"href":"https:\/\/www.hoymercedes.com.ar\/principal\/wp-json\/wp\/v2\/categories?post=114999"},{"taxonomy":"post_tag","embeddable":true,"href":"https:\/\/www.hoymercedes.com.ar\/principal\/wp-json\/wp\/v2\/tags?post=114999"}],"curies":[{"name":"wp","href":"https:\/\/api.w.org\/{rel}","templated":true}]}}