{"id":115009,"date":"2020-08-12T12:10:58","date_gmt":"2020-08-12T15:10:58","guid":{"rendered":"http:\/\/www.hoymercedes.com.ar\/principal\/?p=115009"},"modified":"2020-08-12T12:11:17","modified_gmt":"2020-08-12T15:11:17","slug":"juan-emmanuel-culio-renovo-su-contrato-con-quilmes","status":"publish","type":"post","link":"https:\/\/www.hoymercedes.com.ar\/principal\/2020\/08\/12\/juan-emmanuel-culio-renovo-su-contrato-con-quilmes\/","title":{"rendered":"Juan Emmanuel Culio renov\u00f3 su contrato con Quilmes"},"content":{"rendered":"\n<p>El volante mercedino Juan Emmanuel Culio confirm\u00f3 su v\u00ednculo con Quilmes Atl\u00e9tico Club de la Primera Nacional del F\u00fatbol Argentino hasta diciembre de 2021. El jugador, que lleg\u00f3 en enero proveniente de Cluj FC de Rumania, hab\u00eda terminado su contrato por seis meses el 30 de junio pasado y, si bien acord\u00f3 su continuidad de palabra, reci\u00e9n ayer termin\u00f3 sellando su r\u00fabrica.<\/p>\n\n\n\n<figure class=\"wp-block-image size-large\"><img loading=\"lazy\" decoding=\"async\" width=\"1024\" height=\"682\" data-attachment-id=\"115010\" data-permalink=\"https:\/\/www.hoymercedes.com.ar\/principal\/2020\/08\/12\/juan-emmanuel-culio-renovo-su-contrato-con-quilmes\/juan-emmanuel-culio-quilmes\/#main\" data-orig-file=\"https:\/\/www.hoymercedes.com.ar\/principal\/wp-content\/uploads\/2020\/08\/Juan-Emmanuel-Culio-Quilmes.jpg\" data-orig-size=\"1024,682\" data-comments-opened=\"0\" data-image-meta=\"{&quot;aperture&quot;:&quot;0&quot;,&quot;credit&quot;:&quot;&quot;,&quot;camera&quot;:&quot;&quot;,&quot;caption&quot;:&quot;&quot;,&quot;created_timestamp&quot;:&quot;0&quot;,&quot;copyright&quot;:&quot;&quot;,&quot;focal_length&quot;:&quot;0&quot;,&quot;iso&quot;:&quot;0&quot;,&quot;shutter_speed&quot;:&quot;0&quot;,&quot;title&quot;:&quot;&quot;,&quot;orientation&quot;:&quot;0&quot;}\" data-image-title=\"Juan-Emmanuel-Culio-Quilmes\" data-image-description=\"\" data-image-caption=\"\" data-large-file=\"https:\/\/www.hoymercedes.com.ar\/principal\/wp-content\/uploads\/2020\/08\/Juan-Emmanuel-Culio-Quilmes.jpg\" src=\"https:\/\/www.hoymercedes.com.ar\/principal\/wp-content\/uploads\/2020\/08\/Juan-Emmanuel-Culio-Quilmes.jpg\" alt=\"\" class=\"wp-image-115010\"\/><\/figure>\n\n\n\n<p>Culio, de 36 a\u00f1os, lleg\u00f3 por expreso pedido del entrenador Facundo Sava en enero pasado y hasta iniciada la pandemia el 20 de marzo, momento en que se suspendi\u00f3 el f\u00fatbol, hab\u00eda disputado seis partidos en el cervecero, equipo que hab\u00eda logrado una levantada en sus resultados, y ahora espera por la reanudaci\u00f3n del torneo en busca de poder volver a Primera Divisi\u00f3n.<\/p>\n\n\n\n<p>La Asociaci\u00f3n del F\u00fatbol Argentino, que ya habilit\u00f3 los entrenamientos para todas las categor\u00edas, tendr\u00e1 a los mercedinos Culio y Nicolas Dematei (Agropecuario de Carlos Casares) de vuelta en contacto con la pelota a partir del 2 de septiembre, previo hisopado que deber\u00e1n realizarse el 30 de agosto.<\/p>\n","protected":false},"excerpt":{"rendered":"<p>El volante mercedino Juan Emmanuel Culio confirm\u00f3 su v\u00ednculo con Quilmes Atl\u00e9tico Club de la Primera Nacional del F\u00fatbol Argentino &#8230; <a title=\"Juan Emmanuel Culio renov\u00f3 su contrato con Quilmes\" class=\"read-more\" href=\"https:\/\/www.hoymercedes.com.ar\/principal\/2020\/08\/12\/juan-emmanuel-culio-renovo-su-contrato-con-quilmes\/\" aria-label=\"Leer m\u00e1s sobre Juan Emmanuel Culio renov\u00f3 su contrato con Quilmes\">Leer m\u00e1s<\/a><\/p>\n","protected":false},"author":1,"featured_media":115010,"comment_status":"closed","ping_status":"open","sticky":false,"template":"","format":"standard","meta":{"_monsterinsights_skip_tracking":false,"_monsterinsights_sitenote_active":false,"_monsterinsights_sitenote_note":"","_monsterinsights_sitenote_category":0,"jetpack_post_was_ever_published":false,"_jetpack_newsletter_access":"","_jetpack_dont_email_post_to_subs":false,"_jetpack_newsletter_tier_id":0,"_jetpack_memberships_contains_paywalled_content":false,"_jetpack_memberships_contains_paid_content":false,"footnotes":"","jetpack_publicize_message":"","jetpack_publicize_feature_enabled":true,"jetpack_social_post_already_shared":true,"jetpack_social_options":{"image_generator_settings":{"template":"highway","default_image_id":0,"font":"","enabled":false},"version":2},"_wpas_customize_per_network":false},"categories":[21],"tags":[16953,16114],"class_list":["post-115009","post","type-post","status-publish","format-standard","has-post-thumbnail","hentry","category-deportes","tag-juan-emmanuel-culio","tag-primera-nacional","generate-columns","tablet-grid-50","mobile-grid-100","grid-parent","grid-50"],"jetpack_publicize_connections":[],"jetpack_featured_media_url":"https:\/\/www.hoymercedes.com.ar\/principal\/wp-content\/uploads\/2020\/08\/Juan-Emmanuel-Culio-Quilmes.jpg","wps_subtitle":"La Legi\u00f3n","jetpack_sharing_enabled":true,"_links":{"self":[{"href":"https:\/\/www.hoymercedes.com.ar\/principal\/wp-json\/wp\/v2\/posts\/115009","targetHints":{"allow":["GET"]}}],"collection":[{"href":"https:\/\/www.hoymercedes.com.ar\/principal\/wp-json\/wp\/v2\/posts"}],"about":[{"href":"https:\/\/www.hoymercedes.com.ar\/principal\/wp-json\/wp\/v2\/types\/post"}],"author":[{"embeddable":true,"href":"https:\/\/www.hoymercedes.com.ar\/principal\/wp-json\/wp\/v2\/users\/1"}],"replies":[{"embeddable":true,"href":"https:\/\/www.hoymercedes.com.ar\/principal\/wp-json\/wp\/v2\/comments?post=115009"}],"version-history":[{"count":0,"href":"https:\/\/www.hoymercedes.com.ar\/principal\/wp-json\/wp\/v2\/posts\/115009\/revisions"}],"wp:featuredmedia":[{"embeddable":true,"href":"https:\/\/www.hoymercedes.com.ar\/principal\/wp-json\/wp\/v2\/media\/115010"}],"wp:attachment":[{"href":"https:\/\/www.hoymercedes.com.ar\/principal\/wp-json\/wp\/v2\/media?parent=115009"}],"wp:term":[{"taxonomy":"category","embeddable":true,"href":"https:\/\/www.hoymercedes.com.ar\/principal\/wp-json\/wp\/v2\/categories?post=115009"},{"taxonomy":"post_tag","embeddable":true,"href":"https:\/\/www.hoymercedes.com.ar\/principal\/wp-json\/wp\/v2\/tags?post=115009"}],"curies":[{"name":"wp","href":"https:\/\/api.w.org\/{rel}","templated":true}]}}