{"id":115022,"date":"2020-08-12T20:52:06","date_gmt":"2020-08-12T23:52:06","guid":{"rendered":"http:\/\/www.hoymercedes.com.ar\/principal\/?p=115022"},"modified":"2020-08-12T22:10:56","modified_gmt":"2020-08-13T01:10:56","slug":"docentes-de-vamos-creciendo-levantan-paro-pero-siguen-sin-novedades","status":"publish","type":"post","link":"https:\/\/www.hoymercedes.com.ar\/principal\/2020\/08\/12\/docentes-de-vamos-creciendo-levantan-paro-pero-siguen-sin-novedades\/","title":{"rendered":"Docentes de Vamos Creciendo levantan paro, pero siguen sin novedades"},"content":{"rendered":"\n<p>A trav\u00e9s de una comunicaci\u00f3n enviada a los medios, los docentes de la Escuela de Educaci\u00f3n Especial \u00abVamos Creciendo\u00bb informaron que decidieron \u00ablevantar momentaneamente el paro\u00bb y retomar\u00e1n su labor los d\u00edas jueves 13 y viernes 14 de agosto. Sin embargo, los docentes expresan que contin\u00faan \u00absin novedades respecto a la deuda de salarios que nuestra empleadora mantiene para con nosotras\u00bb.<\/p>\n\n\n\n<p>\u00abNuestra angustia es inexplicable, a\u00fan as\u00ed siempre estuvimos abiertas al di\u00e1logo y mostramos nuestra predisposici\u00f3n a que la situaci\u00f3n mejore, retomando la labor los d\u00edas restantes de la corriente semana. Agradecemos de coraz\u00f3n a todos los que brindaron y lo siguen haciendo, su apoyo y acompa\u00f1amiento en nuestro reclamo. Muchas gracias\u00bb, expresan los docentes de Vamos Creciendo. <\/p>\n\n\n\n<p>Las firmas de la comunicaciones son de Mar\u00eda Luz Villalba, Eugenia Guti\u00e9rrez, Rosana Resqu\u00edn, Ana Moix, Florencia Altavista, Gabriela Bresan, Loana Arias, Mariana Harosteguy, Marianela P\u00e9rez, M\u00f3nica Giuanguilio, Paula Rodejas, Gabriel Santana, Marcela Indurain, Virginia Ramirez, Tatiana Moleres, Giuliana Niciforo, Lorena De Marzi, Soledad Dom\u00e9, Ver\u00f3nica Avila, Camila Oterm\u00edn, Roxana Alfonso, y Mar\u00eda de las Mercedes Ibarra. <\/p>\n\n\n\n<p><\/p>\n","protected":false},"excerpt":{"rendered":"<p>A trav\u00e9s de una comunicaci\u00f3n enviada a los medios, los docentes de la Escuela de Educaci\u00f3n Especial \u00abVamos Creciendo\u00bb informaron &#8230; <a title=\"Docentes de Vamos Creciendo levantan paro, pero siguen sin novedades\" class=\"read-more\" href=\"https:\/\/www.hoymercedes.com.ar\/principal\/2020\/08\/12\/docentes-de-vamos-creciendo-levantan-paro-pero-siguen-sin-novedades\/\" aria-label=\"Leer m\u00e1s sobre Docentes de Vamos Creciendo levantan paro, pero siguen sin novedades\">Leer m\u00e1s<\/a><\/p>\n","protected":false},"author":1,"featured_media":115024,"comment_status":"closed","ping_status":"open","sticky":false,"template":"","format":"standard","meta":{"_monsterinsights_skip_tracking":false,"_monsterinsights_sitenote_active":false,"_monsterinsights_sitenote_note":"","_monsterinsights_sitenote_category":0,"jetpack_post_was_ever_published":false,"_jetpack_newsletter_access":"","_jetpack_dont_email_post_to_subs":false,"_jetpack_newsletter_tier_id":0,"_jetpack_memberships_contains_paywalled_content":false,"_jetpack_memberships_contains_paid_content":false,"footnotes":"","jetpack_publicize_message":"","jetpack_publicize_feature_enabled":true,"jetpack_social_post_already_shared":true,"jetpack_social_options":{"image_generator_settings":{"template":"highway","default_image_id":0,"font":"","enabled":false},"version":2},"_wpas_customize_per_network":false},"categories":[23],"tags":[16961,5682,11265,3971],"class_list":["post-115022","post","type-post","status-publish","format-standard","has-post-thumbnail","hentry","category-educacion","tag-pago-de-sueldos","tag-reclamo-docente","tag-sadop","tag-vamos-creciendo","generate-columns","tablet-grid-50","mobile-grid-100","grid-parent","grid-50"],"jetpack_publicize_connections":[],"jetpack_featured_media_url":"https:\/\/www.hoymercedes.com.ar\/principal\/wp-content\/uploads\/2020\/08\/WhatsApp-Image-2020-08-12-at-20.25.20.jpeg","wps_subtitle":"Reclamo docente","jetpack_sharing_enabled":true,"_links":{"self":[{"href":"https:\/\/www.hoymercedes.com.ar\/principal\/wp-json\/wp\/v2\/posts\/115022","targetHints":{"allow":["GET"]}}],"collection":[{"href":"https:\/\/www.hoymercedes.com.ar\/principal\/wp-json\/wp\/v2\/posts"}],"about":[{"href":"https:\/\/www.hoymercedes.com.ar\/principal\/wp-json\/wp\/v2\/types\/post"}],"author":[{"embeddable":true,"href":"https:\/\/www.hoymercedes.com.ar\/principal\/wp-json\/wp\/v2\/users\/1"}],"replies":[{"embeddable":true,"href":"https:\/\/www.hoymercedes.com.ar\/principal\/wp-json\/wp\/v2\/comments?post=115022"}],"version-history":[{"count":0,"href":"https:\/\/www.hoymercedes.com.ar\/principal\/wp-json\/wp\/v2\/posts\/115022\/revisions"}],"wp:featuredmedia":[{"embeddable":true,"href":"https:\/\/www.hoymercedes.com.ar\/principal\/wp-json\/wp\/v2\/media\/115024"}],"wp:attachment":[{"href":"https:\/\/www.hoymercedes.com.ar\/principal\/wp-json\/wp\/v2\/media?parent=115022"}],"wp:term":[{"taxonomy":"category","embeddable":true,"href":"https:\/\/www.hoymercedes.com.ar\/principal\/wp-json\/wp\/v2\/categories?post=115022"},{"taxonomy":"post_tag","embeddable":true,"href":"https:\/\/www.hoymercedes.com.ar\/principal\/wp-json\/wp\/v2\/tags?post=115022"}],"curies":[{"name":"wp","href":"https:\/\/api.w.org\/{rel}","templated":true}]}}