{"id":115027,"date":"2020-08-12T22:02:19","date_gmt":"2020-08-13T01:02:19","guid":{"rendered":"http:\/\/www.hoymercedes.com.ar\/principal\/?p=115027"},"modified":"2020-08-12T22:10:37","modified_gmt":"2020-08-13T01:10:37","slug":"coronavirus-en-mercedes-un-fallecimiento-y-seis-casos-positivos-en-la-jornada-del-miercoles","status":"publish","type":"post","link":"https:\/\/www.hoymercedes.com.ar\/principal\/2020\/08\/12\/coronavirus-en-mercedes-un-fallecimiento-y-seis-casos-positivos-en-la-jornada-del-miercoles\/","title":{"rendered":"Coronavirus en Mercedes: Un fallecimiento y seis casos positivos en la jornada del mi\u00e9rcoles"},"content":{"rendered":"\n<p>Este mi\u00e9rcoles 12 de agosto, el informe local da cuenta del fallecimiento de una mujer de 90 a\u00f1os port\u00f3 el virus y que se manten\u00eda internada por complicaci\u00f3n en tu salud. Asimismo, dieron cuenta de seis nuevos casos de covid-19 entre los 40 test realizados por el Laboratorio de Virolog\u00eda Molecular y dos altas de pacientes que pasaron el tiempo de aislamiento obligatorio tras confirmarse la portaci\u00f3n del virus. <\/p>\n\n\n\n<div class=\"wp-block-image\"><figure class=\"aligncenter size-large\"><img loading=\"lazy\" decoding=\"async\" width=\"900\" height=\"900\" data-attachment-id=\"115030\" data-permalink=\"https:\/\/www.hoymercedes.com.ar\/principal\/2020\/08\/12\/coronavirus-en-mercedes-un-fallecimiento-y-seis-casos-positivos-en-la-jornada-del-miercoles\/whatsapp-image-2020-08-12-at-21-18-49-1\/#main\" data-orig-file=\"https:\/\/www.hoymercedes.com.ar\/principal\/wp-content\/uploads\/2020\/08\/WhatsApp-Image-2020-08-12-at-21.18.49-1.jpeg\" data-orig-size=\"900,900\" data-comments-opened=\"0\" data-image-meta=\"{&quot;aperture&quot;:&quot;0&quot;,&quot;credit&quot;:&quot;&quot;,&quot;camera&quot;:&quot;&quot;,&quot;caption&quot;:&quot;&quot;,&quot;created_timestamp&quot;:&quot;0&quot;,&quot;copyright&quot;:&quot;&quot;,&quot;focal_length&quot;:&quot;0&quot;,&quot;iso&quot;:&quot;0&quot;,&quot;shutter_speed&quot;:&quot;0&quot;,&quot;title&quot;:&quot;&quot;,&quot;orientation&quot;:&quot;0&quot;}\" data-image-title=\"WhatsApp-Image-2020-08-12-at-21.18.49-1\" data-image-description=\"\" data-image-caption=\"\" data-large-file=\"https:\/\/www.hoymercedes.com.ar\/principal\/wp-content\/uploads\/2020\/08\/WhatsApp-Image-2020-08-12-at-21.18.49-1.jpeg\" src=\"https:\/\/www.hoymercedes.com.ar\/principal\/wp-content\/uploads\/2020\/08\/WhatsApp-Image-2020-08-12-at-21.18.49-1.jpeg\" alt=\"\" class=\"wp-image-115030\"\/><\/figure><\/div>\n\n\n\n<p>La informaci\u00f3n provista por el Municipio de Mercedes y el Hospital Blas L. Dubarry expresa: <\/p>\n\n\n\n<p>\u00abEn el d\u00eda de la fecha el Laboratorio de Virolog\u00eda Molecular Municipal por medio de los procesos cient\u00edficos que lleva adelante cotidianamente detect\u00f3 6 nuevos casos para covid-19. <br>Adem\u00e1s, 2 pacientes fueron dados de alta tras su recuperaci\u00f3n m\u00e9dica arribando a un total de 430. <br>Al d\u00eda de la fecha tenemos 40 casos activos y 478 desde iniciada la pandemia.<br>Lamentamos informar el fallecimiento de una vecina de 90 a\u00f1os de edad quien hab\u00eda negativizado el virus entes de fallecer, sin embargo, a\u00fan se manten\u00eda internada por complejidades sanitarias previas en la Cl\u00ednica Nueva Cruz Azul.<br>En seguimiento por contacto estrecho contin\u00faan a instancias del Centro de Teleseguimiento con 93 operadores socio sanitarios 228 mercedinos.<br>En cuanto al Centro de Aislamiento Sanitario II con todas las normas socio sanitarias y un fuerte trabajo de Salud, Protecci\u00f3n Civil, SAME, Seguridad, Desarrollo Social y Servicios P\u00fablicos tiene 2 pacientes alojados, aislados y monitoreados\u00bb.<\/p>\n\n\n\n<p><strong>Situaci\u00f3n nacional<\/strong><\/p>\n\n\n\n<p>El gobierno nacional confirm\u00f3 este mi\u00e9rcoles 7.663 nuevos casos de COVID-19. Entre los casos confirmados del d\u00eda 5153 son de la provincia de Buenos Aires y 1163 de la ciudad de Buenos Aires. El resto se distribuye en: Chaco 64; Chubut 10; C\u00f3rdoba 141; Corrientes 3; Entre R\u00edos 66; Jujuy 152; La Rioja 22; Mendoza 189; Neuqu\u00e9n 155; R\u00edo Negro 180; Salta 67; San Luis 1; Santa Cruz 34; Santa Fe 165; Santiago del Estero 21; Tierra del Fuego 46 y Tucum\u00e1n 32. Con estos registros, suman 268.574 positivos en el pa\u00eds.<\/p>\n\n\n\n<p>Asimismo, dieron cuenta del fallecimientos de 209 personas con covid-19 en todo el pa\u00eds. Las primeras 84 las confirmaron en el informe matutino: 39 hombres (30 residentes en la provincia de Buenos Aires; y 9 residentes en la Ciudad de Buenos Aires); y 44 mujeres (25 residentes en la provincia de Buenos Aires; 17 residentes en la Ciudad de Buenos Aires; un residente en la provincia de Tierra del Fuego; y un residente en la provincia de Mendoza)<\/p>\n\n\n\n<p>En el informe vespertino inform\u00f3 el resto de los fallecimientos: 69 hombres (48 residentes en la provincia de Buenos Aires; 16 residentes en la Ciudad de Buenos Aires; dos residentes en la provincia de Mendoza; un residente en la provincia de Chubut; un residente en la provincia de R\u00edo Negro; un residente en la provincia de Santa Fe) y 55 mujeres (38 residentes en la provincia de Buenos Aires; 15 residentes en la Ciudad de Buenos Aires; y 2 residentes en la provincia de R\u00edo Negro). Una persona notificada como fallecida, residente en en la Ciudad de Buenos Aires, no registra dato de sexo. Al momento la cantidad de personas fallecidas es 5.213.<\/p>\n","protected":false},"excerpt":{"rendered":"<p>Este mi\u00e9rcoles 12 de agosto, el informe local da cuenta del fallecimiento de una mujer de 90 a\u00f1os port\u00f3 el &#8230; <a title=\"Coronavirus en Mercedes: Un fallecimiento y seis casos positivos en la jornada del mi\u00e9rcoles\" class=\"read-more\" href=\"https:\/\/www.hoymercedes.com.ar\/principal\/2020\/08\/12\/coronavirus-en-mercedes-un-fallecimiento-y-seis-casos-positivos-en-la-jornada-del-miercoles\/\" aria-label=\"Leer m\u00e1s sobre Coronavirus en Mercedes: Un fallecimiento y seis casos positivos en la jornada del mi\u00e9rcoles\">Leer m\u00e1s<\/a><\/p>\n","protected":false},"author":1,"featured_media":115030,"comment_status":"closed","ping_status":"open","sticky":false,"template":"","format":"standard","meta":{"_monsterinsights_skip_tracking":false,"_monsterinsights_sitenote_active":false,"_monsterinsights_sitenote_note":"","_monsterinsights_sitenote_category":0,"jetpack_post_was_ever_published":false,"_jetpack_newsletter_access":"","_jetpack_dont_email_post_to_subs":false,"_jetpack_newsletter_tier_id":0,"_jetpack_memberships_contains_paywalled_content":false,"_jetpack_memberships_contains_paid_content":false,"footnotes":"","jetpack_publicize_message":"","jetpack_publicize_feature_enabled":true,"jetpack_social_post_already_shared":true,"jetpack_social_options":{"image_generator_settings":{"template":"highway","default_image_id":0,"font":"","enabled":false},"version":2},"_wpas_customize_per_network":false},"categories":[9791],"tags":[16561,16175,16313],"class_list":["post-115027","post","type-post","status-publish","format-standard","has-post-thumbnail","hentry","category-salud","tag-cierre-del-dia","tag-coronavirus","tag-covid-19","generate-columns","tablet-grid-50","mobile-grid-100","grid-parent","grid-50"],"jetpack_publicize_connections":[],"jetpack_featured_media_url":"https:\/\/www.hoymercedes.com.ar\/principal\/wp-content\/uploads\/2020\/08\/WhatsApp-Image-2020-08-12-at-21.18.49-1.jpeg","wps_subtitle":"Cierre del d\u00eda","jetpack_sharing_enabled":true,"_links":{"self":[{"href":"https:\/\/www.hoymercedes.com.ar\/principal\/wp-json\/wp\/v2\/posts\/115027","targetHints":{"allow":["GET"]}}],"collection":[{"href":"https:\/\/www.hoymercedes.com.ar\/principal\/wp-json\/wp\/v2\/posts"}],"about":[{"href":"https:\/\/www.hoymercedes.com.ar\/principal\/wp-json\/wp\/v2\/types\/post"}],"author":[{"embeddable":true,"href":"https:\/\/www.hoymercedes.com.ar\/principal\/wp-json\/wp\/v2\/users\/1"}],"replies":[{"embeddable":true,"href":"https:\/\/www.hoymercedes.com.ar\/principal\/wp-json\/wp\/v2\/comments?post=115027"}],"version-history":[{"count":0,"href":"https:\/\/www.hoymercedes.com.ar\/principal\/wp-json\/wp\/v2\/posts\/115027\/revisions"}],"wp:featuredmedia":[{"embeddable":true,"href":"https:\/\/www.hoymercedes.com.ar\/principal\/wp-json\/wp\/v2\/media\/115030"}],"wp:attachment":[{"href":"https:\/\/www.hoymercedes.com.ar\/principal\/wp-json\/wp\/v2\/media?parent=115027"}],"wp:term":[{"taxonomy":"category","embeddable":true,"href":"https:\/\/www.hoymercedes.com.ar\/principal\/wp-json\/wp\/v2\/categories?post=115027"},{"taxonomy":"post_tag","embeddable":true,"href":"https:\/\/www.hoymercedes.com.ar\/principal\/wp-json\/wp\/v2\/tags?post=115027"}],"curies":[{"name":"wp","href":"https:\/\/api.w.org\/{rel}","templated":true}]}}