{"id":115039,"date":"2020-08-13T07:26:00","date_gmt":"2020-08-13T10:26:00","guid":{"rendered":"http:\/\/www.hoymercedes.com.ar\/principal\/?p=115039"},"modified":"2020-08-13T21:27:55","modified_gmt":"2020-08-14T00:27:55","slug":"direccion-de-discapacidad-propone-actividades-para-realizar-en-casa","status":"publish","type":"post","link":"https:\/\/www.hoymercedes.com.ar\/principal\/2020\/08\/13\/direccion-de-discapacidad-propone-actividades-para-realizar-en-casa\/","title":{"rendered":"Direcci\u00f3n de Discapacidad propone actividades para realizar en casa"},"content":{"rendered":"\n<p>La Direcci\u00f3n de Discapacidad, a cargo de Tatiana L\u00f3pez, contin\u00faa generando contenidos virtuales para el acompa\u00f1amiento de las familias. En las \u00faltimas jornadas se abri\u00f3 el acceso a nuevos tutoriales y videos de entretenimientos.<\/p>\n\n\n\n<p>Estos contenidos permiten que \u201calgunas clases de los talleres inclusivos para que puedan hacerlos en casa y en familia\u201d cont\u00f3 L\u00f3pez y afirm\u00f3, por ejemplo, que \u201cel profe Agust\u00edn hoy nos muestra c\u00f3mo crear nuestro propio s\u00faper h\u00e9roe\/hero\u00edna\u201d<\/p>\n\n\n\n<p>A la vez invit\u00f3 a quien lo desee mande su video para \u201cmostrar como en casa los confeccionan\u201d<\/p>\n\n\n\n<p>Como disparador de la actividad se presenta un dibujo de un s\u00faper h\u00e9roe\/hero\u00edna realizado por nosotros, donde describimos sus caracter\u00edsticas. Para esta actividad vamos a necesitar: una hoja, l\u00e1pices, crayones o fibras de colores.<\/p>\n\n\n\n<p>\u201cVamos a crear e imaginar c\u00f3mo ser\u00eda nuestro super h\u00e9roe\/hero\u00edna, pensar un nombre, 3 s\u00faper poderes y una debilidad\u201d narr\u00f3.<\/p>\n\n\n\n<p>El whtasapp de la Direcci\u00f3n de Discapacidad es: 2324 468141 y all\u00ed se pueden, adem\u00e1s, efectuar todo tipo de consultas y sugerencias.<\/p>\n\n\n\n<p>Tambi\u00e9n se inform\u00f3 que se ir\u00e1n subiendo m\u00e1s videos de talleres, como deportivos, musicoterapia y ProEBa.<\/p>\n\n\n\n<p>Link directo:&nbsp;<a rel=\"noreferrer noopener\" target=\"_blank\" href=\"https:\/\/youtu.be\/eW_tEOORA58\">https:\/\/youtu.be\/eW_tEOORA58<\/a><\/p>\n\n\n\n<p>Para b\u00fasquedas:&nbsp;<a rel=\"noreferrer noopener\" target=\"_blank\" href=\"https:\/\/www.youtube.com\/MunicipalidadMercedes\">https:\/\/www.youtube.com\/MunicipalidadMercedes<\/a><\/p>\n","protected":false},"excerpt":{"rendered":"<p>La Direcci\u00f3n de Discapacidad, a cargo de Tatiana L\u00f3pez, contin\u00faa generando contenidos virtuales para el acompa\u00f1amiento de las familias. En &#8230; <a title=\"Direcci\u00f3n de Discapacidad propone actividades para realizar en casa\" class=\"read-more\" href=\"https:\/\/www.hoymercedes.com.ar\/principal\/2020\/08\/13\/direccion-de-discapacidad-propone-actividades-para-realizar-en-casa\/\" aria-label=\"Leer m\u00e1s sobre Direcci\u00f3n de Discapacidad propone actividades para realizar en casa\">Leer m\u00e1s<\/a><\/p>\n","protected":false},"author":1,"featured_media":115040,"comment_status":"closed","ping_status":"open","sticky":false,"template":"","format":"standard","meta":{"_monsterinsights_skip_tracking":false,"_monsterinsights_sitenote_active":false,"_monsterinsights_sitenote_note":"","_monsterinsights_sitenote_category":0,"jetpack_post_was_ever_published":false,"_jetpack_newsletter_access":"","_jetpack_dont_email_post_to_subs":false,"_jetpack_newsletter_tier_id":0,"_jetpack_memberships_contains_paywalled_content":false,"_jetpack_memberships_contains_paid_content":false,"footnotes":"","jetpack_publicize_message":"","jetpack_publicize_feature_enabled":true,"jetpack_social_post_already_shared":true,"jetpack_social_options":{"image_generator_settings":{"template":"highway","default_image_id":0,"font":"","enabled":false},"version":2},"_wpas_customize_per_network":false},"categories":[30],"tags":[1174,1422,244],"class_list":["post-115039","post","type-post","status-publish","format-standard","has-post-thumbnail","hentry","category-municipio","tag-dia-del-nino","tag-discapacidad","tag-municipio-2","generate-columns","tablet-grid-50","mobile-grid-100","grid-parent","grid-50"],"jetpack_publicize_connections":[],"jetpack_featured_media_url":"https:\/\/www.hoymercedes.com.ar\/principal\/wp-content\/uploads\/2020\/08\/13-disc-muni.jpg","wps_subtitle":"Propuestas digitales","jetpack_sharing_enabled":true,"_links":{"self":[{"href":"https:\/\/www.hoymercedes.com.ar\/principal\/wp-json\/wp\/v2\/posts\/115039","targetHints":{"allow":["GET"]}}],"collection":[{"href":"https:\/\/www.hoymercedes.com.ar\/principal\/wp-json\/wp\/v2\/posts"}],"about":[{"href":"https:\/\/www.hoymercedes.com.ar\/principal\/wp-json\/wp\/v2\/types\/post"}],"author":[{"embeddable":true,"href":"https:\/\/www.hoymercedes.com.ar\/principal\/wp-json\/wp\/v2\/users\/1"}],"replies":[{"embeddable":true,"href":"https:\/\/www.hoymercedes.com.ar\/principal\/wp-json\/wp\/v2\/comments?post=115039"}],"version-history":[{"count":0,"href":"https:\/\/www.hoymercedes.com.ar\/principal\/wp-json\/wp\/v2\/posts\/115039\/revisions"}],"wp:featuredmedia":[{"embeddable":true,"href":"https:\/\/www.hoymercedes.com.ar\/principal\/wp-json\/wp\/v2\/media\/115040"}],"wp:attachment":[{"href":"https:\/\/www.hoymercedes.com.ar\/principal\/wp-json\/wp\/v2\/media?parent=115039"}],"wp:term":[{"taxonomy":"category","embeddable":true,"href":"https:\/\/www.hoymercedes.com.ar\/principal\/wp-json\/wp\/v2\/categories?post=115039"},{"taxonomy":"post_tag","embeddable":true,"href":"https:\/\/www.hoymercedes.com.ar\/principal\/wp-json\/wp\/v2\/tags?post=115039"}],"curies":[{"name":"wp","href":"https:\/\/api.w.org\/{rel}","templated":true}]}}