{"id":115053,"date":"2020-08-13T11:03:00","date_gmt":"2020-08-13T14:03:00","guid":{"rendered":"http:\/\/www.hoymercedes.com.ar\/principal\/?p=115053"},"modified":"2020-08-13T21:24:16","modified_gmt":"2020-08-14T00:24:16","slug":"direccion-de-ninez-prepara-audiovisual-para-el-dia-del-nino","status":"publish","type":"post","link":"https:\/\/www.hoymercedes.com.ar\/principal\/2020\/08\/13\/direccion-de-ninez-prepara-audiovisual-para-el-dia-del-nino\/","title":{"rendered":"Direcci\u00f3n de Ni\u00f1ez prepara audiovisual para el d\u00eda del ni\u00f1o"},"content":{"rendered":"\n<p>M\u00fasica, show de payaso, cuentos, entretenimientos es parte del programa especial que est\u00e1n preparando la Direcci\u00f3n de Ni\u00f1ez y Adolescencia junto a la Direcci\u00f3n de Cultura que se emitir\u00e1 de manera conjunta en distintas redes sociales de la municipalidad. El mismo buscar\u00e1 que en la tarde del domingo las familias puedan tener un momento de encuentro y entretenimiento.<\/p>\n\n\n\n<div class=\"wp-block-image\"><figure class=\"aligncenter size-large\"><img loading=\"lazy\" decoding=\"async\" width=\"800\" height=\"532\" data-attachment-id=\"115054\" data-permalink=\"https:\/\/www.hoymercedes.com.ar\/principal\/2020\/08\/13\/direccion-de-ninez-prepara-audiovisual-para-el-dia-del-nino\/13-muni-juegos\/#main\" data-orig-file=\"https:\/\/www.hoymercedes.com.ar\/principal\/wp-content\/uploads\/2020\/08\/13-muni-juegos.jpg\" data-orig-size=\"800,532\" data-comments-opened=\"0\" data-image-meta=\"{&quot;aperture&quot;:&quot;0&quot;,&quot;credit&quot;:&quot;&quot;,&quot;camera&quot;:&quot;&quot;,&quot;caption&quot;:&quot;&quot;,&quot;created_timestamp&quot;:&quot;0&quot;,&quot;copyright&quot;:&quot;&quot;,&quot;focal_length&quot;:&quot;0&quot;,&quot;iso&quot;:&quot;0&quot;,&quot;shutter_speed&quot;:&quot;0&quot;,&quot;title&quot;:&quot;&quot;,&quot;orientation&quot;:&quot;0&quot;}\" data-image-title=\"13 muni juegos\" data-image-description=\"\" data-image-caption=\"\" data-large-file=\"https:\/\/www.hoymercedes.com.ar\/principal\/wp-content\/uploads\/2020\/08\/13-muni-juegos.jpg\" src=\"https:\/\/www.hoymercedes.com.ar\/principal\/wp-content\/uploads\/2020\/08\/13-muni-juegos.jpg\" alt=\"\" class=\"wp-image-115054\"\/><\/figure><\/div>\n\n\n\n<p>Seg\u00fan se inform\u00f3 habr\u00e1 m\u00fasica infantil con videos muy entretenidos, show del payaso Pelambre, relatos de Silvia De Cesare y esa musiquita con Eduardo Castro y Carolina Saboredo.<\/p>\n\n\n\n<p>En los pr\u00f3ximos d\u00edas se conocer\u00e1 el horario y los canales de comunicaci\u00f3n en los que se podr\u00e1 ver y o\u00edr la propuesta de entretenimiento para los ni\u00f1os y ni\u00f1as, pero que sin duda ser\u00e1 un atractivo para todas las edades.<\/p>\n\n\n\n<p>La conducci\u00f3n estar\u00e1 a cargo de Andrea Moleres y Clarisa Garc\u00eda.<\/p>\n\n\n\n<p>Fuente: Prensa Municipal<\/p>\n","protected":false},"excerpt":{"rendered":"<p>M\u00fasica, show de payaso, cuentos, entretenimientos es parte del programa especial que est\u00e1n preparando la Direcci\u00f3n de Ni\u00f1ez y Adolescencia &#8230; <a title=\"Direcci\u00f3n de Ni\u00f1ez prepara audiovisual para el d\u00eda del ni\u00f1o\" class=\"read-more\" href=\"https:\/\/www.hoymercedes.com.ar\/principal\/2020\/08\/13\/direccion-de-ninez-prepara-audiovisual-para-el-dia-del-nino\/\" aria-label=\"Leer m\u00e1s sobre Direcci\u00f3n de Ni\u00f1ez prepara audiovisual para el d\u00eda del ni\u00f1o\">Leer m\u00e1s<\/a><\/p>\n","protected":false},"author":1,"featured_media":115054,"comment_status":"closed","ping_status":"open","sticky":false,"template":"","format":"standard","meta":{"_monsterinsights_skip_tracking":false,"_monsterinsights_sitenote_active":false,"_monsterinsights_sitenote_note":"","_monsterinsights_sitenote_category":0,"jetpack_post_was_ever_published":false,"_jetpack_newsletter_access":"","_jetpack_dont_email_post_to_subs":false,"_jetpack_newsletter_tier_id":0,"_jetpack_memberships_contains_paywalled_content":false,"_jetpack_memberships_contains_paid_content":false,"footnotes":"","jetpack_publicize_message":"","jetpack_publicize_feature_enabled":true,"jetpack_social_post_already_shared":true,"jetpack_social_options":{"image_generator_settings":{"template":"highway","default_image_id":0,"font":"","enabled":false},"version":2},"_wpas_customize_per_network":false},"categories":[30],"tags":[1174,11219,244,16668],"class_list":["post-115053","post","type-post","status-publish","format-standard","has-post-thumbnail","hentry","category-municipio","tag-dia-del-nino","tag-direccion","tag-municipio-2","tag-ninez","generate-columns","tablet-grid-50","mobile-grid-100","grid-parent","grid-50"],"jetpack_publicize_connections":[],"jetpack_featured_media_url":"https:\/\/www.hoymercedes.com.ar\/principal\/wp-content\/uploads\/2020\/08\/13-muni-juegos.jpg","wps_subtitle":"A trav\u00e9s de las redes","jetpack_sharing_enabled":true,"_links":{"self":[{"href":"https:\/\/www.hoymercedes.com.ar\/principal\/wp-json\/wp\/v2\/posts\/115053","targetHints":{"allow":["GET"]}}],"collection":[{"href":"https:\/\/www.hoymercedes.com.ar\/principal\/wp-json\/wp\/v2\/posts"}],"about":[{"href":"https:\/\/www.hoymercedes.com.ar\/principal\/wp-json\/wp\/v2\/types\/post"}],"author":[{"embeddable":true,"href":"https:\/\/www.hoymercedes.com.ar\/principal\/wp-json\/wp\/v2\/users\/1"}],"replies":[{"embeddable":true,"href":"https:\/\/www.hoymercedes.com.ar\/principal\/wp-json\/wp\/v2\/comments?post=115053"}],"version-history":[{"count":0,"href":"https:\/\/www.hoymercedes.com.ar\/principal\/wp-json\/wp\/v2\/posts\/115053\/revisions"}],"wp:featuredmedia":[{"embeddable":true,"href":"https:\/\/www.hoymercedes.com.ar\/principal\/wp-json\/wp\/v2\/media\/115054"}],"wp:attachment":[{"href":"https:\/\/www.hoymercedes.com.ar\/principal\/wp-json\/wp\/v2\/media?parent=115053"}],"wp:term":[{"taxonomy":"category","embeddable":true,"href":"https:\/\/www.hoymercedes.com.ar\/principal\/wp-json\/wp\/v2\/categories?post=115053"},{"taxonomy":"post_tag","embeddable":true,"href":"https:\/\/www.hoymercedes.com.ar\/principal\/wp-json\/wp\/v2\/tags?post=115053"}],"curies":[{"name":"wp","href":"https:\/\/api.w.org\/{rel}","templated":true}]}}