{"id":115058,"date":"2020-08-13T19:59:13","date_gmt":"2020-08-13T22:59:13","guid":{"rendered":"http:\/\/www.hoymercedes.com.ar\/principal\/?p=115058"},"modified":"2020-08-13T21:23:16","modified_gmt":"2020-08-14T00:23:16","slug":"fin-de-semana-de-recreacion-para-ninez-y-adolecencia","status":"publish","type":"post","link":"https:\/\/www.hoymercedes.com.ar\/principal\/2020\/08\/13\/fin-de-semana-de-recreacion-para-ninez-y-adolecencia\/","title":{"rendered":"Fin de semana de recreaci\u00f3n para ni\u00f1ez y adolescencia"},"content":{"rendered":"\n<p>El fin de semana largo, en donde adem\u00e1s se festeja el D\u00eda de la Ni\u00f1ez, el Municipio \u00ababrir\u00e1\u00bb espacios p\u00fablicos para que las familias con ni\u00f1os, ni\u00f1as y adolescentes puedan disfrutar de las tardes del s\u00e1bado, domingo y lunes. Con protocolos socios sanitarios, habilitar\u00e1n formalmente momentos de recreaci\u00f3n en el Parque Municipal, el Mart\u00edn Rodr\u00edguez, Clubes Sociales y Deportivos, Sociedades de Fomento de la zona rural, y el Aeroclub entre las 14 y las 17 horas. Asimismo, autorizaron a los comercios relacionados con el D\u00eda del Ni\u00f1o a abrir el d\u00eda domingo. <\/p>\n\n\n\n<div class=\"wp-block-image\"><figure class=\"aligncenter size-large\"><img loading=\"lazy\" decoding=\"async\" width=\"800\" height=\"533\" data-attachment-id=\"115059\" data-permalink=\"https:\/\/www.hoymercedes.com.ar\/principal\/2020\/08\/13\/fin-de-semana-de-recreacion-para-ninez-y-adolecencia\/13-ninez-muni\/#main\" data-orig-file=\"https:\/\/www.hoymercedes.com.ar\/principal\/wp-content\/uploads\/2020\/08\/13-ni\u00f1ez-muni.jpg\" data-orig-size=\"800,533\" data-comments-opened=\"0\" data-image-meta=\"{&quot;aperture&quot;:&quot;0&quot;,&quot;credit&quot;:&quot;&quot;,&quot;camera&quot;:&quot;&quot;,&quot;caption&quot;:&quot;&quot;,&quot;created_timestamp&quot;:&quot;0&quot;,&quot;copyright&quot;:&quot;&quot;,&quot;focal_length&quot;:&quot;0&quot;,&quot;iso&quot;:&quot;0&quot;,&quot;shutter_speed&quot;:&quot;0&quot;,&quot;title&quot;:&quot;&quot;,&quot;orientation&quot;:&quot;0&quot;}\" data-image-title=\"13 ni\u00f1ez muni\" data-image-description=\"\" data-image-caption=\"\" data-large-file=\"https:\/\/www.hoymercedes.com.ar\/principal\/wp-content\/uploads\/2020\/08\/13-ni\u00f1ez-muni.jpg\" src=\"https:\/\/www.hoymercedes.com.ar\/principal\/wp-content\/uploads\/2020\/08\/13-ni\u00f1ez-muni.jpg\" alt=\"\" class=\"wp-image-115059\"\/><\/figure><\/div>\n\n\n\n<p>A trav\u00e9s de una conferencia de prensa realizada en la ma\u00f1ana del jueves en la que particip\u00f3 el Intendente Juan Ignacio Ustarroz, el Director del Hospital Blas L. Dubarry, la Directora de Ni\u00f1ez Gabriela Olivella y la Coordinadora de Deportes Mariana Saboredo, anunciaron la apertunra de lugares p\u00fablico a cielo abierto durante de los d\u00edas s\u00e1bado 15, domingo 16 y lunes 17 de agosto, entre las 14 y las 17 horas para la recreaci\u00f3n de los m\u00e1s peque\u00f1os y adolescentes. <\/p>\n\n\n\n<p>\u00abHoy los ni\u00f1os y los adolescentes son los campeones de la cuarentena. Son quienes no est\u00e1n yendo a las escuelas, no van a los clubes, y no van a los espacios p\u00fablicos. Nos planteamos c\u00f3mo debemos avanzar. Entre el Estado, la sociedad y el pueblo debemos aprender a convivir con el virus, habida cuenta que nos queda mucho tiempo por delante\u201d, expres\u00f3 el Jefe Comunal y cont\u00f3 que en la reuni\u00f3n del Comit\u00e9 de Crisis del d\u00eda mi\u00e9rcoles se plante\u00f3 la idea de abrir momento de recreaci\u00f3n durante el fin de semana de tres d\u00edas que adem\u00e1s coincide con el D\u00eda del Ni\u00f1o. <\/p>\n\n\n\n<p>\u00abPara nosotros este primer paso es important\u00edsimo. Se habilitar\u00e1n los dos sectores del Parque Municipal, el Mart\u00edn Rodr\u00edguez, hablamos el AeroClub para el d\u00eda domingo y convocamos a los clubes para descomprimir la aglomeraci\u00f3n de gente en los espacios municpales. No habilitamos el Complejo Cultural La Trocha porque no podemos garantizar el cuidado correspondiente y porque a\u00fan no est\u00e1n dadas las condiciones desde el punto de vista sanitario para dar un salto muy grande, tenemos que ir paso a paso, de manera firme, avanzando, evolucionando\u00bb, explic\u00f3 el Intendente. <\/p>\n\n\n\n<div class=\"wp-block-image\"><figure class=\"aligncenter size-large\"><img loading=\"lazy\" decoding=\"async\" width=\"800\" height=\"800\" data-attachment-id=\"115063\" data-permalink=\"https:\/\/www.hoymercedes.com.ar\/principal\/2020\/08\/13\/fin-de-semana-de-recreacion-para-ninez-y-adolecencia\/117683464_1308993442768680_62652086814780454_o-1\/#main\" data-orig-file=\"https:\/\/www.hoymercedes.com.ar\/principal\/wp-content\/uploads\/2020\/08\/117683464_1308993442768680_62652086814780454_o-1.jpg\" data-orig-size=\"800,800\" data-comments-opened=\"0\" data-image-meta=\"{&quot;aperture&quot;:&quot;0&quot;,&quot;credit&quot;:&quot;&quot;,&quot;camera&quot;:&quot;&quot;,&quot;caption&quot;:&quot;&quot;,&quot;created_timestamp&quot;:&quot;0&quot;,&quot;copyright&quot;:&quot;&quot;,&quot;focal_length&quot;:&quot;0&quot;,&quot;iso&quot;:&quot;0&quot;,&quot;shutter_speed&quot;:&quot;0&quot;,&quot;title&quot;:&quot;&quot;,&quot;orientation&quot;:&quot;0&quot;}\" data-image-title=\"117683464_1308993442768680_62652086814780454_o-1\" data-image-description=\"\" data-image-caption=\"\" data-large-file=\"https:\/\/www.hoymercedes.com.ar\/principal\/wp-content\/uploads\/2020\/08\/117683464_1308993442768680_62652086814780454_o-1.jpg\" src=\"https:\/\/www.hoymercedes.com.ar\/principal\/wp-content\/uploads\/2020\/08\/117683464_1308993442768680_62652086814780454_o-1.jpg\" alt=\"\" class=\"wp-image-115063\"\/><\/figure><\/div>\n\n\n\n<p><strong>Responsabilidad de las familias<\/strong><\/p>\n\n\n\n<p>\u201cLos primeros cuidados comienzan en la familia y nosotros como Estado vamos a estar, con todas las \u00e1reas del municipio, en los lugares que definimos para el cuidado general y el acompa\u00f1amiento. Adem\u00e1s, vamos a tener clubes que para nosotros son muy importantes porque nos ayuda a descomprimir un poco el deseo y la necesidad de ir a estos espacios p\u00fablicos\u201d, agreg\u00f3<\/p>\n\n\n\n<p>Los detalles de las actividades y propuestas las dieron las dos funcionarias de las \u00e1reas de Ni\u00f1ez y de Deporte. \u00abLa convocatoria es para todas las ni\u00f1as y ni\u00f1os de 0 a 18 a\u00f1os, los menores de 12 pueden ir acompa\u00f1ados por su familia y los m\u00e1s grandes pueden ir solos, con la idea de compartir una tarde, sin olvidarse de que el virus sigue presente\u201d expres\u00f3 Olivella. \u201cApelamos mucho a la responsabilidad y a la solidaridad de las familias de que lo que se podr\u00e1 hacer es lo que permite la fase 4 que es la recreaci\u00f3n pero no el uso de los juegos ni la pr\u00e1ctica de deportes\u201d, agreg\u00f3.<\/p>\n\n\n\n<p>\u00abEs nuestra responsabilidad como adultos de cuidar de ellos a trav\u00e9s de las medidas que ya conocemos y como sociedad ya hemos internalizado much\u00edsimo, que es el uso del tapabocas, distanciamiento, no compartir el mate.\u00a0 Como pap\u00e1s hablar con los chicos algunas cosas previas c\u00f3mo; no puedo abrazar a mi amigo con el que me cruce, me tengo que saludar con el codo, no puedo compartir el vaso, etc. Y transmitir tambi\u00e9n lo que s\u00ed se puede, como es acudir a un parque y jugar al aire libre. La convocatoria es para este fin de semana -s\u00e1bado, domingo y lunes feriado- de 14:00 a 17:00 horas\u201d, resalt\u00f3 la Directora de Ni\u00f1ez.<\/p>\n\n\n\n<p>Por su parte, Saboredo cont\u00f3 que se convoc\u00f3 a los clubes sociales y deportivos para que sean ellos los que inviten a sus socios y familias que asisten a sus actividades en tiempos \u00abnormales\u00bb. \u00abLos clubes  abrir\u00e1n sus espacios para que puedan ir sus ni\u00f1os, abrir\u00e1n sus puertas los d\u00edas s\u00e1bado, domingo y lunes de 14:00 a 17:00 para que los ni\u00f1os puedan ir a disfrutar de los espacios que tanto anhelan y extra\u00f1an y encontrarse, teniendo en cuenta las medidas necesarias, con sus amigos. Creemos que es de suma importancia poder brindar este espacio durante este fin de semana. Nos estamos juntando con los clubes para poder organizar la log\u00edstica, c\u00f3mo van a ser las normas de cuidado y seguridad dentro de cada instituci\u00f3n, los vamos a estar acompa\u00f1ando desde el \u00e1rea de deportes al igual que en el parque y el Ex Mart\u00edn Rodr\u00edguez, trabajando con todos los profesores y todas las \u00e1reas municipales que se han convocado para este fin de semana\u201d, agreg\u00f3.<\/p>\n\n\n\n<p>Adem\u00e1s, el Intendente cont\u00f3 que desde el \u00e1rea de Cultura tambi\u00e9n plantear\u00e1n actividades recreativas convocando a artistas para que hagan sus actuaciones en los distintos espacios para los m\u00e1s peque\u00f1os. <\/p>\n\n\n\n<p><strong>Comercios<\/strong><\/p>\n\n\n\n<p>Por otra parte, y ante la consulta de los medios presentes, Ustarroz confirm\u00f3 que autorizaron a los comercios vinculados al D\u00eda del Ni\u00f1o (jugueter\u00edas especialmente) a abrir sus puertas el d\u00eda domingo 16. <\/p>\n\n\n\n<p>VER CONFERENCIA DE PRENSA.<\/p>\n\n\n\n<figure class=\"wp-block-embed-youtube wp-block-embed is-type-video is-provider-youtube wp-embed-aspect-16-9 wp-has-aspect-ratio\"><div class=\"wp-block-embed__wrapper\">\n<span class=\"embed-youtube\" style=\"text-align:center; display: block;\"><iframe loading=\"lazy\" class=\"youtube-player\" width=\"1200\" height=\"675\" src=\"https:\/\/www.youtube.com\/embed\/EscDJIXJzyE?version=3&#038;rel=1&#038;showsearch=0&#038;showinfo=1&#038;iv_load_policy=1&#038;fs=1&#038;hl=es-ES&#038;autohide=2&#038;wmode=transparent\" allowfullscreen=\"true\" style=\"border:0;\" sandbox=\"allow-scripts allow-same-origin allow-popups allow-presentation allow-popups-to-escape-sandbox\"><\/iframe><\/span>\n<\/div><\/figure>\n\n\n\n<figure class=\"wp-block-embed-youtube wp-block-embed is-type-video is-provider-youtube wp-embed-aspect-16-9 wp-has-aspect-ratio\"><div class=\"wp-block-embed__wrapper\">\n<span class=\"embed-youtube\" style=\"text-align:center; display: block;\"><iframe loading=\"lazy\" class=\"youtube-player\" width=\"1200\" height=\"675\" src=\"https:\/\/www.youtube.com\/embed\/Ipr-4nE19Os?version=3&#038;rel=1&#038;showsearch=0&#038;showinfo=1&#038;iv_load_policy=1&#038;fs=1&#038;hl=es-ES&#038;autohide=2&#038;wmode=transparent\" allowfullscreen=\"true\" style=\"border:0;\" sandbox=\"allow-scripts allow-same-origin allow-popups allow-presentation allow-popups-to-escape-sandbox\"><\/iframe><\/span>\n<\/div><\/figure>\n","protected":false},"excerpt":{"rendered":"<p>El fin de semana largo, en donde adem\u00e1s se festeja el D\u00eda de la Ni\u00f1ez, el Municipio \u00ababrir\u00e1\u00bb espacios p\u00fablicos &#8230; <a title=\"Fin de semana de recreaci\u00f3n para ni\u00f1ez y adolescencia\" class=\"read-more\" href=\"https:\/\/www.hoymercedes.com.ar\/principal\/2020\/08\/13\/fin-de-semana-de-recreacion-para-ninez-y-adolecencia\/\" aria-label=\"Leer m\u00e1s sobre Fin de semana de recreaci\u00f3n para ni\u00f1ez y adolescencia\">Leer m\u00e1s<\/a><\/p>\n","protected":false},"author":1,"featured_media":115059,"comment_status":"closed","ping_status":"open","sticky":false,"template":"","format":"standard","meta":{"_monsterinsights_skip_tracking":false,"_monsterinsights_sitenote_active":false,"_monsterinsights_sitenote_note":"","_monsterinsights_sitenote_category":0,"jetpack_post_was_ever_published":false,"_jetpack_newsletter_access":"","_jetpack_dont_email_post_to_subs":false,"_jetpack_newsletter_tier_id":0,"_jetpack_memberships_contains_paywalled_content":false,"_jetpack_memberships_contains_paid_content":false,"footnotes":"","jetpack_publicize_message":"","jetpack_publicize_feature_enabled":true,"jetpack_social_post_already_shared":true,"jetpack_social_options":{"image_generator_settings":{"template":"highway","default_image_id":0,"font":"","enabled":false},"version":2},"_wpas_customize_per_network":false},"categories":[30],"tags":[16962,1174,244,16668],"class_list":["post-115058","post","type-post","status-publish","format-standard","has-post-thumbnail","hentry","category-municipio","tag-adolescencia","tag-dia-del-nino","tag-municipio-2","tag-ninez","generate-columns","tablet-grid-50","mobile-grid-100","grid-parent","grid-50"],"jetpack_publicize_connections":[],"jetpack_featured_media_url":"https:\/\/www.hoymercedes.com.ar\/principal\/wp-content\/uploads\/2020\/08\/13-ni\u00f1ez-muni.jpg","wps_subtitle":"Apertura de espacios p\u00fablicos","jetpack_sharing_enabled":true,"_links":{"self":[{"href":"https:\/\/www.hoymercedes.com.ar\/principal\/wp-json\/wp\/v2\/posts\/115058","targetHints":{"allow":["GET"]}}],"collection":[{"href":"https:\/\/www.hoymercedes.com.ar\/principal\/wp-json\/wp\/v2\/posts"}],"about":[{"href":"https:\/\/www.hoymercedes.com.ar\/principal\/wp-json\/wp\/v2\/types\/post"}],"author":[{"embeddable":true,"href":"https:\/\/www.hoymercedes.com.ar\/principal\/wp-json\/wp\/v2\/users\/1"}],"replies":[{"embeddable":true,"href":"https:\/\/www.hoymercedes.com.ar\/principal\/wp-json\/wp\/v2\/comments?post=115058"}],"version-history":[{"count":0,"href":"https:\/\/www.hoymercedes.com.ar\/principal\/wp-json\/wp\/v2\/posts\/115058\/revisions"}],"wp:featuredmedia":[{"embeddable":true,"href":"https:\/\/www.hoymercedes.com.ar\/principal\/wp-json\/wp\/v2\/media\/115059"}],"wp:attachment":[{"href":"https:\/\/www.hoymercedes.com.ar\/principal\/wp-json\/wp\/v2\/media?parent=115058"}],"wp:term":[{"taxonomy":"category","embeddable":true,"href":"https:\/\/www.hoymercedes.com.ar\/principal\/wp-json\/wp\/v2\/categories?post=115058"},{"taxonomy":"post_tag","embeddable":true,"href":"https:\/\/www.hoymercedes.com.ar\/principal\/wp-json\/wp\/v2\/tags?post=115058"}],"curies":[{"name":"wp","href":"https:\/\/api.w.org\/{rel}","templated":true}]}}