{"id":115072,"date":"2020-08-13T21:19:21","date_gmt":"2020-08-14T00:19:21","guid":{"rendered":"http:\/\/www.hoymercedes.com.ar\/principal\/?p=115072"},"modified":"2020-08-13T21:22:40","modified_gmt":"2020-08-14T00:22:40","slug":"lujan-encuentran-los-restos-de-un-cuerpo-humano-en-la-vereda","status":"publish","type":"post","link":"https:\/\/www.hoymercedes.com.ar\/principal\/2020\/08\/13\/lujan-encuentran-los-restos-de-un-cuerpo-humano-en-la-vereda\/","title":{"rendered":"Luj\u00e1n: Encuentran los restos de un cuerpo humano en la vereda"},"content":{"rendered":"\n<p>Por Luj\u00e1n Hoy &#8211; <em><strong>El hallazgo se produjo este jueves cerca del mediod\u00eda en Alem 1069 de la localidad de Luj\u00e1n. Los restos estaban envueltos en bolsas de nylon y fueron encontrados por una persona que pasaba por la calle y se detuvo a buscar entre la basura que hab\u00eda en la vereda. La Polic\u00eda ingres\u00f3 a la vivienda ubicada all\u00ed, la cual est\u00e1 abandonada desde hace casi dos a\u00f1os, y hall\u00f3 debajo de un piso m\u00e1s huesos.<\/strong><\/em><\/p>\n\n\n\n<div class=\"wp-block-image\"><figure class=\"aligncenter size-large\"><img loading=\"lazy\" decoding=\"async\" width=\"735\" height=\"460\" data-attachment-id=\"115074\" data-permalink=\"https:\/\/www.hoymercedes.com.ar\/principal\/2020\/08\/13\/lujan-encuentran-los-restos-de-un-cuerpo-humano-en-la-vereda\/13-restos-humanos-lujan\/#main\" data-orig-file=\"https:\/\/www.hoymercedes.com.ar\/principal\/wp-content\/uploads\/2020\/08\/13-Restos-Humanos-lujan.jpg\" data-orig-size=\"735,460\" data-comments-opened=\"0\" data-image-meta=\"{&quot;aperture&quot;:&quot;0&quot;,&quot;credit&quot;:&quot;&quot;,&quot;camera&quot;:&quot;&quot;,&quot;caption&quot;:&quot;&quot;,&quot;created_timestamp&quot;:&quot;0&quot;,&quot;copyright&quot;:&quot;&quot;,&quot;focal_length&quot;:&quot;0&quot;,&quot;iso&quot;:&quot;0&quot;,&quot;shutter_speed&quot;:&quot;0&quot;,&quot;title&quot;:&quot;&quot;,&quot;orientation&quot;:&quot;0&quot;}\" data-image-title=\"13 Restos-Humanos lujan\" data-image-description=\"\" data-image-caption=\"\" data-large-file=\"https:\/\/www.hoymercedes.com.ar\/principal\/wp-content\/uploads\/2020\/08\/13-Restos-Humanos-lujan.jpg\" src=\"https:\/\/www.hoymercedes.com.ar\/principal\/wp-content\/uploads\/2020\/08\/13-Restos-Humanos-lujan.jpg\" alt=\"\" class=\"wp-image-115074\"\/><\/figure><\/div>\n\n\n\n<p>Este jueves cerca del mediod\u00eda fueron hallados restos de un cuerpo humano en la vereda de Alem al 1000, entre San Mart\u00edn y Mitre. El hecho fue descubierto por un joven que pasaba caminando y al ver chatarra y bolsas de residuos en la vereda comenz\u00f3 a buscar para determinar qu\u00e9 le serv\u00eda. Y fue all\u00ed cuando descubri\u00f3 los restos de un cuerpo.<\/p>\n\n\n\n<p>Tal como pudo saber&nbsp;<strong>LUJANHOY<\/strong>, en ese momento pasaba por all\u00ed un m\u00f3vil policial y el joven le hizo se\u00f1as. Al ser advertido sobre esta situaci\u00f3n, uno de los efectivos se acerc\u00f3 y al observar en el interior de las bolsas encontr\u00f3 el cr\u00e1neo. Ante esto, r\u00e1pidamente se hicieron presentes en el lugar m\u00e1s m\u00f3viles policiales, se vall\u00f3 la zona y luego arribaron a la escena efectivos de la Polic\u00eda Cient\u00edfica.<\/p>\n\n\n\n<p>Y all\u00ed, ante un testigo h\u00e1bil, descubrieron que envueltos en bolsas de nylon de color azul y negra -las cuales estaban atadas con un hilo blanco-, se encontraban el torso y los huesos de la pelvis y las extremidades. En principio, se tratar\u00eda de una mujer, aunque esto lo determinar\u00e1 la autopsia.<\/p>\n\n\n\n<div class=\"wp-block-image\"><figure class=\"aligncenter size-large\"><img loading=\"lazy\" decoding=\"async\" width=\"700\" height=\"470\" data-attachment-id=\"115073\" data-permalink=\"https:\/\/www.hoymercedes.com.ar\/principal\/2020\/08\/13\/lujan-encuentran-los-restos-de-un-cuerpo-humano-en-la-vereda\/13-restos-humanos-lujan-2\/#main\" data-orig-file=\"https:\/\/www.hoymercedes.com.ar\/principal\/wp-content\/uploads\/2020\/08\/13-Restos-Humanos-lujan-2.jpg\" data-orig-size=\"700,470\" data-comments-opened=\"0\" data-image-meta=\"{&quot;aperture&quot;:&quot;0&quot;,&quot;credit&quot;:&quot;&quot;,&quot;camera&quot;:&quot;&quot;,&quot;caption&quot;:&quot;&quot;,&quot;created_timestamp&quot;:&quot;0&quot;,&quot;copyright&quot;:&quot;&quot;,&quot;focal_length&quot;:&quot;0&quot;,&quot;iso&quot;:&quot;0&quot;,&quot;shutter_speed&quot;:&quot;0&quot;,&quot;title&quot;:&quot;&quot;,&quot;orientation&quot;:&quot;0&quot;}\" data-image-title=\"13 Restos-Humanos lujan 2\" data-image-description=\"\" data-image-caption=\"\" data-large-file=\"https:\/\/www.hoymercedes.com.ar\/principal\/wp-content\/uploads\/2020\/08\/13-Restos-Humanos-lujan-2.jpg\" src=\"https:\/\/www.hoymercedes.com.ar\/principal\/wp-content\/uploads\/2020\/08\/13-Restos-Humanos-lujan-2.jpg\" alt=\"\" class=\"wp-image-115073\"\/><\/figure><\/div>\n\n\n\n<p>Si bien el origen de estos restos es motivo de investigaci\u00f3n, vecinos se\u00f1alaron a&nbsp;<strong>LUJANHOY<\/strong>&nbsp;en los \u00faltimos d\u00edas vieron movimientos en la casa ubicada al 1069, en la cual personas que a\u00fan no fueron localizadas aparentemente realizaron una limpieza y luego depositaron en la vereda una cocina, maderas y bolsas, entre ellas, las que conten\u00edan los restos humanos.<\/p>\n\n\n\n<p>En esta propiedad, tal como pudo saber este medio, hasta hace m\u00e1s de un a\u00f1o y medio fue hallada sin vida una mujer mayor de edad que viv\u00eda sola. En ese momento, la Polic\u00eda tom\u00f3 conocimiento del deceso ya que el jardinero lleg\u00f3 para realizar el mantenimiento del parque y se encontr\u00f3 con la v\u00edctima en el suelo. Desde entonces, la vivienda permaneci\u00f3 cerrada, ya que aparentemente la mujer no ten\u00eda hijos y un sobrino que vive en Buenos aires nunca pudo ser localizado por la Polic\u00eda.<\/p>\n\n\n\n<p>Una vez que el personal de la Cient\u00edfica recolect\u00f3 esta tarde todos los restos que se hallaban en la vereda, un primo de la mujer que viv\u00eda en esa casa se hizo presente y ante el pedido de la Polic\u00eda llam\u00f3 a un cerrajero, ya que descubrieron que en el \u00faltimo tiempo alguien cambi\u00f3 la cerradura, quiz\u00e1s los mismos que estuvieron limpiando y por el momento no fueron identificados.<\/p>\n\n\n\n<p>Y tras ingresar a la propiedad y realizar una recorrida por todos los ambientes, fuentes policiales se\u00f1alaron ante la consulta de este medio que en una de las habitaciones hallaron el piso de madera levantado y debajo m\u00e1s huesos que ser\u00edan del mismo cuerpo.<\/p>\n\n\n\n<p>Una de las hip\u00f3tesis que se maneja es que los restos pertenezcan a la madre de la mujer que viv\u00eda all\u00ed hasta hace poco m\u00e1s de un a\u00f1o y medio. En este sentido, tanto el familiar como dos vecinos coincidieron que ambas viv\u00edan juntas hasta hace unos seis o siete a\u00f1os, pero \u201cde un d\u00eda para el otro\u201d cada vez que le preguntaban por su madre la mujer dec\u00eda que estaba en Buenos Aires y que se encontraba \u201cmuy bien y cuidada\u201d.<\/p>\n\n\n\n<p>A su vez, un hombre de la cuadra dijo que la mujer era \u201crara\u201d y que \u201cten\u00eda muy poco trato con los vecinos\u201d. De hecho, remarc\u00f3 que \u201cnunca supimos cu\u00e1ndo muri\u00f3 la mam\u00e1 ni si hubo velatorio o entierro\u201d. Por eso, especul\u00f3: \u201cNo me sorprender\u00eda que se trate del cuerpo de su madre y que decidi\u00f3 tenerlo con ella\u201d.<\/p>\n\n\n\n<p>En el hecho interviene la UFI N\u00b0 10, que por el momento inici\u00f3 una investigaci\u00f3n caratulada \u201caveriguaci\u00f3n de il\u00edcito\u201d.<\/p>\n\n\n\n<div class=\"wp-block-image\"><figure class=\"aligncenter size-large\"><img loading=\"lazy\" decoding=\"async\" width=\"696\" height=\"457\" data-attachment-id=\"115075\" data-permalink=\"https:\/\/www.hoymercedes.com.ar\/principal\/2020\/08\/13\/lujan-encuentran-los-restos-de-un-cuerpo-humano-en-la-vereda\/13-restos-humanos-lujan-1\/#main\" data-orig-file=\"https:\/\/www.hoymercedes.com.ar\/principal\/wp-content\/uploads\/2020\/08\/13-Restos-Humanos-lujan-1.jpg\" data-orig-size=\"696,457\" data-comments-opened=\"0\" data-image-meta=\"{&quot;aperture&quot;:&quot;0&quot;,&quot;credit&quot;:&quot;&quot;,&quot;camera&quot;:&quot;&quot;,&quot;caption&quot;:&quot;&quot;,&quot;created_timestamp&quot;:&quot;0&quot;,&quot;copyright&quot;:&quot;&quot;,&quot;focal_length&quot;:&quot;0&quot;,&quot;iso&quot;:&quot;0&quot;,&quot;shutter_speed&quot;:&quot;0&quot;,&quot;title&quot;:&quot;&quot;,&quot;orientation&quot;:&quot;0&quot;}\" data-image-title=\"13 Restos-Humanos-lujan 1\" data-image-description=\"\" data-image-caption=\"\" data-large-file=\"https:\/\/www.hoymercedes.com.ar\/principal\/wp-content\/uploads\/2020\/08\/13-Restos-Humanos-lujan-1.jpg\" src=\"https:\/\/www.hoymercedes.com.ar\/principal\/wp-content\/uploads\/2020\/08\/13-Restos-Humanos-lujan-1.jpg\" alt=\"\" class=\"wp-image-115075\"\/><\/figure><\/div>\n","protected":false},"excerpt":{"rendered":"<p>Por Luj\u00e1n Hoy &#8211; El hallazgo se produjo este jueves cerca del mediod\u00eda en Alem 1069 de la localidad de &#8230; <a title=\"Luj\u00e1n: Encuentran los restos de un cuerpo humano en la vereda\" class=\"read-more\" href=\"https:\/\/www.hoymercedes.com.ar\/principal\/2020\/08\/13\/lujan-encuentran-los-restos-de-un-cuerpo-humano-en-la-vereda\/\" aria-label=\"Leer m\u00e1s sobre Luj\u00e1n: Encuentran los restos de un cuerpo humano en la vereda\">Leer m\u00e1s<\/a><\/p>\n","protected":false},"author":1,"featured_media":115075,"comment_status":"closed","ping_status":"open","sticky":false,"template":"","format":"standard","meta":{"_monsterinsights_skip_tracking":false,"_monsterinsights_sitenote_active":false,"_monsterinsights_sitenote_note":"","_monsterinsights_sitenote_category":0,"jetpack_post_was_ever_published":false,"_jetpack_newsletter_access":"","_jetpack_dont_email_post_to_subs":false,"_jetpack_newsletter_tier_id":0,"_jetpack_memberships_contains_paywalled_content":false,"_jetpack_memberships_contains_paid_content":false,"footnotes":"","jetpack_publicize_message":"","jetpack_publicize_feature_enabled":true,"jetpack_social_post_already_shared":true,"jetpack_social_options":{"image_generator_settings":{"template":"highway","default_image_id":0,"font":"","enabled":false},"version":2},"_wpas_customize_per_network":false},"categories":[85],"tags":[10581,10486,86,96,1057],"class_list":["post-115072","post","type-post","status-publish","format-standard","has-post-thumbnail","hentry","category-policial","tag-fiscalia","tag-investigacion","tag-lujan","tag-policial-2","tag-regional","generate-columns","tablet-grid-50","mobile-grid-100","grid-parent","grid-50"],"jetpack_publicize_connections":[],"jetpack_featured_media_url":"https:\/\/www.hoymercedes.com.ar\/principal\/wp-content\/uploads\/2020\/08\/13-Restos-Humanos-lujan-1.jpg","wps_subtitle":"Informaci\u00f3n regional","jetpack_sharing_enabled":true,"_links":{"self":[{"href":"https:\/\/www.hoymercedes.com.ar\/principal\/wp-json\/wp\/v2\/posts\/115072","targetHints":{"allow":["GET"]}}],"collection":[{"href":"https:\/\/www.hoymercedes.com.ar\/principal\/wp-json\/wp\/v2\/posts"}],"about":[{"href":"https:\/\/www.hoymercedes.com.ar\/principal\/wp-json\/wp\/v2\/types\/post"}],"author":[{"embeddable":true,"href":"https:\/\/www.hoymercedes.com.ar\/principal\/wp-json\/wp\/v2\/users\/1"}],"replies":[{"embeddable":true,"href":"https:\/\/www.hoymercedes.com.ar\/principal\/wp-json\/wp\/v2\/comments?post=115072"}],"version-history":[{"count":0,"href":"https:\/\/www.hoymercedes.com.ar\/principal\/wp-json\/wp\/v2\/posts\/115072\/revisions"}],"wp:featuredmedia":[{"embeddable":true,"href":"https:\/\/www.hoymercedes.com.ar\/principal\/wp-json\/wp\/v2\/media\/115075"}],"wp:attachment":[{"href":"https:\/\/www.hoymercedes.com.ar\/principal\/wp-json\/wp\/v2\/media?parent=115072"}],"wp:term":[{"taxonomy":"category","embeddable":true,"href":"https:\/\/www.hoymercedes.com.ar\/principal\/wp-json\/wp\/v2\/categories?post=115072"},{"taxonomy":"post_tag","embeddable":true,"href":"https:\/\/www.hoymercedes.com.ar\/principal\/wp-json\/wp\/v2\/tags?post=115072"}],"curies":[{"name":"wp","href":"https:\/\/api.w.org\/{rel}","templated":true}]}}