{"id":115093,"date":"2020-08-14T07:20:00","date_gmt":"2020-08-14T10:20:00","guid":{"rendered":"http:\/\/www.hoymercedes.com.ar\/principal\/?p=115093"},"modified":"2020-08-14T18:27:18","modified_gmt":"2020-08-14T21:27:18","slug":"adquiriran-equipamiento-para-terapia-intensiva-del-dubarry","status":"publish","type":"post","link":"https:\/\/www.hoymercedes.com.ar\/principal\/2020\/08\/14\/adquiriran-equipamiento-para-terapia-intensiva-del-dubarry\/","title":{"rendered":"Adquirir\u00e1n equipamiento para terapia intensiva del Dubarry"},"content":{"rendered":"\n<p>El Intendente Municipal de Mercedes, Juan Ignacio Ustarroz junto al director del hospital Dr. Pablo Cassiani y el jefe de terapia, Dr. Sergio Villarroel confirmaron que el municipio har\u00e1 la compra de una central multiparam\u00e9trica para ser utilizado en el \u00e1rea de terapia del nosocomio local. <\/p>\n\n\n\n<div class=\"wp-block-image\"><figure class=\"aligncenter size-large\"><img loading=\"lazy\" decoding=\"async\" width=\"800\" height=\"450\" data-attachment-id=\"115094\" data-permalink=\"https:\/\/www.hoymercedes.com.ar\/principal\/2020\/08\/14\/adquiriran-equipamiento-para-terapia-intensiva-del-dubarry\/14-muni-dubarry\/#main\" data-orig-file=\"https:\/\/www.hoymercedes.com.ar\/principal\/wp-content\/uploads\/2020\/08\/14-muni-dubarry.jpg\" data-orig-size=\"800,450\" data-comments-opened=\"0\" data-image-meta=\"{&quot;aperture&quot;:&quot;0&quot;,&quot;credit&quot;:&quot;&quot;,&quot;camera&quot;:&quot;&quot;,&quot;caption&quot;:&quot;&quot;,&quot;created_timestamp&quot;:&quot;0&quot;,&quot;copyright&quot;:&quot;&quot;,&quot;focal_length&quot;:&quot;0&quot;,&quot;iso&quot;:&quot;0&quot;,&quot;shutter_speed&quot;:&quot;0&quot;,&quot;title&quot;:&quot;&quot;,&quot;orientation&quot;:&quot;0&quot;}\" data-image-title=\"14 muni dubarry\" data-image-description=\"\" data-image-caption=\"\" data-large-file=\"https:\/\/www.hoymercedes.com.ar\/principal\/wp-content\/uploads\/2020\/08\/14-muni-dubarry.jpg\" src=\"https:\/\/www.hoymercedes.com.ar\/principal\/wp-content\/uploads\/2020\/08\/14-muni-dubarry.jpg\" alt=\"\" class=\"wp-image-115094\"\/><\/figure><\/div>\n\n\n\n<p>En el encuentro el Dr Pablo Cassiani sostuvo que \u201cquiero agradecer al jefe de terapia del hospital por su enorme trabajo y a trav\u00e9s de su persona a todo el equipo de terapia intensiva del hospital, con 14 m\u00e9dicos terapistas, con el aumento de camas del \u00e1rea en casi un 400% porque en febrero ten\u00edamos 5 camas y pasamos a 18, con su equipamiento, y es muy positivo\u201d y coment\u00f3 que \u201choy tenemos 6 pacientes internados en esa \u00e1rea y queda demostrado que a principio de a\u00f1o no nos hubiera alcanzado sin estas incorporaciones y grandes horas de trabajo del Dr .Villaroel y de todo su equipo\u201d afirm\u00f3,<\/p>\n\n\n\n<p>M\u00e1s adelante Cassiani coment\u00f3 que \u201cle hemos solicitado un equipamiento nuevo para nuestra terapia, que ha crecido much\u00edsimo, ya que el doctor Villaroel nos hab\u00eda presentado la propuesta de contar con una central multiparam\u00e9trica y as\u00ed tener un tablero de mando de los pacientes internados\u201d y destac\u00f3 que \u201cel intendente nos escuch\u00f3, comprendi\u00f3 su importancia y nos ha efectuado el aporte\u201d<\/p>\n\n\n\n<p>Por su parte, el Dr Sergio Villarroel afirm\u00f3 que \u201cevidentemente el camino es este, seguir trabajando, seguir progresando, seguir actuando para que la terapia est\u00e9 lo mejor equipada que se pueda y as\u00ed ofrecer el mejor servicio posible\u201d y remarc\u00f3 que \u201cestamos muy contentos porque lo que estamos incorporando es sumamente necesario y adem\u00e1s de \u00faltima tecnolog\u00eda. La terapia se est\u00e1 actualizando y poniendo en un lugar realmente de excelencia\u201d<\/p>\n\n\n\n<p>El m\u00e9dico tambi\u00e9n aprovech\u00f3 la ocasi\u00f3n para comentar que \u201cmi versi\u00f3n personal \u2013respecto a la pandemia- debemos entender que cada uno se debe cuidar, y tambi\u00e9n al vecino, las personas debemos saber que no deben de momento juntarse, pero los chicos merecen una salida, que no pueden juntarse y abrazarse por ahora, pero si somos responsables ellos tener un lindo momento e ir de a poco avanzando\u201d, narr\u00f3.<\/p>\n\n\n\n<p>El jefe comunal expres\u00f3 que \u201ces un orgullo seguir invirtiendo en equipos para nuestro hospital, en este caso en terapia, donde, adem\u00e1s de la aparatolog\u00eda de \u00faltima tecnolog\u00eda a incorporar, contamos con lo m\u00e1s importante que es el recurso humano y en nuestra ciudad y en particular en el Hospital Dubarry un recurso humano de excelencia que cuando se lo acompa\u00f1a a trav\u00e9s de recursos econ\u00f3micos, materiales, redunda en beneficio para la atenci\u00f3n de la salud de nuestros vecinos\u201d<\/p>\n\n\n\n<p>Antes de finalizar el jefe comunal dijo \u201cen este contexto tan particular queremos agradecer a todos los m\u00e9dicos, trabajadores y trabajadoras, al personal, porque est\u00e1n realizando un inmenso esfuerzo cada d\u00eda\u201d destac\u00f3 y mencion\u00f3 \u201ctenemos un hospital que est\u00e1 avanzando mucho, ahora tenemos los ciudadanos que acompa\u00f1arlo desde las conductas, la prevenci\u00f3n, el cuidado socio sanitario, as\u00ed que deseamos nuevamente felicitarlos por el trabajo excepcional que efect\u00faan, siendo las personas que no descansan, que est\u00e1n permanentemente trabajando para salvar vida, cuidar a nuestra gente\u201d<\/p>\n\n\n\n<p>Por Prensa Municipal<\/p>\n","protected":false},"excerpt":{"rendered":"<p>El Intendente Municipal de Mercedes, Juan Ignacio Ustarroz junto al director del hospital Dr. Pablo Cassiani y el jefe de &#8230; <a title=\"Adquirir\u00e1n equipamiento para terapia intensiva del Dubarry\" class=\"read-more\" href=\"https:\/\/www.hoymercedes.com.ar\/principal\/2020\/08\/14\/adquiriran-equipamiento-para-terapia-intensiva-del-dubarry\/\" aria-label=\"Leer m\u00e1s sobre Adquirir\u00e1n equipamiento para terapia intensiva del Dubarry\">Leer m\u00e1s<\/a><\/p>\n","protected":false},"author":1,"featured_media":115094,"comment_status":"closed","ping_status":"open","sticky":false,"template":"","format":"standard","meta":{"_monsterinsights_skip_tracking":false,"_monsterinsights_sitenote_active":false,"_monsterinsights_sitenote_note":"","_monsterinsights_sitenote_category":0,"jetpack_post_was_ever_published":false,"_jetpack_newsletter_access":"","_jetpack_dont_email_post_to_subs":false,"_jetpack_newsletter_tier_id":0,"_jetpack_memberships_contains_paywalled_content":false,"_jetpack_memberships_contains_paid_content":false,"footnotes":"","jetpack_publicize_message":"","jetpack_publicize_feature_enabled":true,"jetpack_social_post_already_shared":true,"jetpack_social_options":{"image_generator_settings":{"template":"highway","default_image_id":0,"font":"","enabled":false},"version":2},"_wpas_customize_per_network":false},"categories":[30],"tags":[8724,624,244],"class_list":["post-115093","post","type-post","status-publish","format-standard","has-post-thumbnail","hentry","category-municipio","tag-equipo","tag-hospital-blas-l-dubarry","tag-municipio-2","generate-columns","tablet-grid-50","mobile-grid-100","grid-parent","grid-50"],"jetpack_publicize_connections":[],"jetpack_featured_media_url":"https:\/\/www.hoymercedes.com.ar\/principal\/wp-content\/uploads\/2020\/08\/14-muni-dubarry.jpg","wps_subtitle":"Fortalecimiento en la salud","jetpack_sharing_enabled":true,"_links":{"self":[{"href":"https:\/\/www.hoymercedes.com.ar\/principal\/wp-json\/wp\/v2\/posts\/115093","targetHints":{"allow":["GET"]}}],"collection":[{"href":"https:\/\/www.hoymercedes.com.ar\/principal\/wp-json\/wp\/v2\/posts"}],"about":[{"href":"https:\/\/www.hoymercedes.com.ar\/principal\/wp-json\/wp\/v2\/types\/post"}],"author":[{"embeddable":true,"href":"https:\/\/www.hoymercedes.com.ar\/principal\/wp-json\/wp\/v2\/users\/1"}],"replies":[{"embeddable":true,"href":"https:\/\/www.hoymercedes.com.ar\/principal\/wp-json\/wp\/v2\/comments?post=115093"}],"version-history":[{"count":0,"href":"https:\/\/www.hoymercedes.com.ar\/principal\/wp-json\/wp\/v2\/posts\/115093\/revisions"}],"wp:featuredmedia":[{"embeddable":true,"href":"https:\/\/www.hoymercedes.com.ar\/principal\/wp-json\/wp\/v2\/media\/115094"}],"wp:attachment":[{"href":"https:\/\/www.hoymercedes.com.ar\/principal\/wp-json\/wp\/v2\/media?parent=115093"}],"wp:term":[{"taxonomy":"category","embeddable":true,"href":"https:\/\/www.hoymercedes.com.ar\/principal\/wp-json\/wp\/v2\/categories?post=115093"},{"taxonomy":"post_tag","embeddable":true,"href":"https:\/\/www.hoymercedes.com.ar\/principal\/wp-json\/wp\/v2\/tags?post=115093"}],"curies":[{"name":"wp","href":"https:\/\/api.w.org\/{rel}","templated":true}]}}