{"id":115109,"date":"2020-08-14T10:08:00","date_gmt":"2020-08-14T13:08:00","guid":{"rendered":"http:\/\/www.hoymercedes.com.ar\/principal\/?p=115109"},"modified":"2020-08-14T18:26:58","modified_gmt":"2020-08-14T21:26:58","slug":"encuentro-virtual-con-jefes-de-servicios-y-ayudantes-de-establecimientos-frigorificos","status":"publish","type":"post","link":"https:\/\/www.hoymercedes.com.ar\/principal\/2020\/08\/14\/encuentro-virtual-con-jefes-de-servicios-y-ayudantes-de-establecimientos-frigorificos\/","title":{"rendered":"Encuentro virtual con Jefes de Servicios y ayudantes de establecimientos frigor\u00edficos"},"content":{"rendered":"\n<p><em><strong>Se analiz\u00f3 la realidad operativa de las distintas plantas frigor\u00edficas de la regi\u00f3n norte bonaerense, con el fin de continuar trabajando a favor de la inocuidad y calidad de los alimentos, destinados a resguardar la salud de los consumidores.<\/strong><\/em> <\/p>\n\n\n\n<div class=\"wp-block-image\"><figure class=\"aligncenter size-large\"><img loading=\"lazy\" decoding=\"async\" width=\"595\" height=\"432\" data-attachment-id=\"115117\" data-permalink=\"https:\/\/www.hoymercedes.com.ar\/principal\/2020\/08\/14\/encuentro-virtual-con-jefes-de-servicios-y-ayudantes-de-establecimientos-frigorificos\/director-iglesias-berrondo\/#main\" data-orig-file=\"https:\/\/www.hoymercedes.com.ar\/principal\/wp-content\/uploads\/2020\/08\/Director-Iglesias-Berrondo.jpg\" data-orig-size=\"595,432\" data-comments-opened=\"0\" data-image-meta=\"{&quot;aperture&quot;:&quot;0&quot;,&quot;credit&quot;:&quot;&quot;,&quot;camera&quot;:&quot;&quot;,&quot;caption&quot;:&quot;&quot;,&quot;created_timestamp&quot;:&quot;0&quot;,&quot;copyright&quot;:&quot;&quot;,&quot;focal_length&quot;:&quot;0&quot;,&quot;iso&quot;:&quot;0&quot;,&quot;shutter_speed&quot;:&quot;0&quot;,&quot;title&quot;:&quot;&quot;,&quot;orientation&quot;:&quot;0&quot;}\" data-image-title=\"Director &amp;#8211; Iglesias Berrondo\" data-image-description=\"\" data-image-caption=\"\" data-large-file=\"https:\/\/www.hoymercedes.com.ar\/principal\/wp-content\/uploads\/2020\/08\/Director-Iglesias-Berrondo.jpg\" src=\"https:\/\/www.hoymercedes.com.ar\/principal\/wp-content\/uploads\/2020\/08\/Director-Iglesias-Berrondo.jpg\" alt=\"\" class=\"wp-image-115117\"\/><\/figure><\/div>\n\n\n\n<p>Convocada por el director del Centro Regional Buenos Aires Norte, Emilio Iglesias Berrondo y el coordinador de Inocuidad y Calidad Agroalimentaria, Gabriel Pedretti, el pasado 12 de agosto, se realiz\u00f3 una nueva jornada virtual de trabajo, con la participaci\u00f3n de Jefes de Servicios y Ayudantes de Inspecci\u00f3n Veterinaria, con funciones en establecimientos frigor\u00edficos ciclo I y II, pertenecientes a la zona 3, bajo la supervisi\u00f3n de Dami\u00e1n Tursi.<\/p>\n\n\n\n<p>El objetivo del encuentro fue interactuar con cada uno de los S.I.V., escuchar sus opiniones y experiencias, seg\u00fan la realidad operativa propia de cada establecimiento oficial,&nbsp; en el marco del evento sanitario que est\u00e1 atravesando el pa\u00eds por la enfermedad COVID-19, resaltando la importancia de sus funciones -como actividad esencial-, a lo largo de la cadena agroalimentaria.<\/p>\n\n\n\n<p>Se destac\u00f3 la importancia de los protocolos sanitarios realizados por las empresas, en lo que respecta a normas de higiene y seguridad que otorguen sustentabilidad&nbsp; a los lineamientos productivos y sanitarios aplicados, con el fin de asegurar y garantizar el cumplimiento de los mecanismos de prevenci\u00f3n vinculados a la enfermedad de car\u00e1cter pand\u00e9mico.<\/p>\n\n\n\n<p>Tambi\u00e9n, se hizo menci\u00f3n a los procedimientos oficiales que ejercen las autoridades sanitarias a trav\u00e9s de la implementaci\u00f3n de los registros de control y verificaci\u00f3n de operaciones, vinculados a los procedimientos de limpieza estandarizados, buenas pr\u00e1cticas de manufactura, plan de an\u00e1lisis de peligros y puntos cr\u00edticos de control, en la etapa de elaboraci\u00f3n de alimentos,&nbsp; con el fin de generar productos inocuos y seguros, destinados a resguardar la salud de los consumidores.&nbsp;<\/p>\n\n\n\n<p>Por \u00faltimo, se hizo hincapi\u00e9 en la importancia de lograr una comunicaci\u00f3n fluida de informaci\u00f3n, apoyo y formaci\u00f3n de cada uno de los agentes sanitarios, en sus diferentes puestos de trabajo, por parte de las autoridades tanto regionales como nacionales. \u00a0<\/p>\n\n\n\n<div class=\"wp-block-image\"><figure class=\"aligncenter size-large\"><img loading=\"lazy\" decoding=\"async\" width=\"716\" height=\"426\" data-attachment-id=\"115116\" data-permalink=\"https:\/\/www.hoymercedes.com.ar\/principal\/2020\/08\/14\/encuentro-virtual-con-jefes-de-servicios-y-ayudantes-de-establecimientos-frigorificos\/coordinador-pedretti\/#main\" data-orig-file=\"https:\/\/www.hoymercedes.com.ar\/principal\/wp-content\/uploads\/2020\/08\/Coordinador-Pedretti.jpg\" data-orig-size=\"716,426\" data-comments-opened=\"0\" data-image-meta=\"{&quot;aperture&quot;:&quot;0&quot;,&quot;credit&quot;:&quot;&quot;,&quot;camera&quot;:&quot;&quot;,&quot;caption&quot;:&quot;&quot;,&quot;created_timestamp&quot;:&quot;0&quot;,&quot;copyright&quot;:&quot;&quot;,&quot;focal_length&quot;:&quot;0&quot;,&quot;iso&quot;:&quot;0&quot;,&quot;shutter_speed&quot;:&quot;0&quot;,&quot;title&quot;:&quot;&quot;,&quot;orientation&quot;:&quot;0&quot;}\" data-image-title=\"Coordinador &amp;#8211; Pedretti\" data-image-description=\"\" data-image-caption=\"\" data-large-file=\"https:\/\/www.hoymercedes.com.ar\/principal\/wp-content\/uploads\/2020\/08\/Coordinador-Pedretti.jpg\" src=\"https:\/\/www.hoymercedes.com.ar\/principal\/wp-content\/uploads\/2020\/08\/Coordinador-Pedretti.jpg\" alt=\"\" class=\"wp-image-115116\"\/><\/figure><\/div>\n","protected":false},"excerpt":{"rendered":"<p>Se analiz\u00f3 la realidad operativa de las distintas plantas frigor\u00edficas de la regi\u00f3n norte bonaerense, con el fin de continuar &#8230; <a title=\"Encuentro virtual con Jefes de Servicios y ayudantes de establecimientos frigor\u00edficos\" class=\"read-more\" href=\"https:\/\/www.hoymercedes.com.ar\/principal\/2020\/08\/14\/encuentro-virtual-con-jefes-de-servicios-y-ayudantes-de-establecimientos-frigorificos\/\" aria-label=\"Leer m\u00e1s sobre Encuentro virtual con Jefes de Servicios y ayudantes de establecimientos frigor\u00edficos\">Leer m\u00e1s<\/a><\/p>\n","protected":false},"author":1,"featured_media":115117,"comment_status":"closed","ping_status":"open","sticky":false,"template":"","format":"standard","meta":{"_monsterinsights_skip_tracking":false,"_monsterinsights_sitenote_active":false,"_monsterinsights_sitenote_note":"","_monsterinsights_sitenote_category":0,"jetpack_post_was_ever_published":false,"_jetpack_newsletter_access":"","_jetpack_dont_email_post_to_subs":false,"_jetpack_newsletter_tier_id":0,"_jetpack_memberships_contains_paywalled_content":false,"_jetpack_memberships_contains_paid_content":false,"footnotes":"","jetpack_publicize_message":"","jetpack_publicize_feature_enabled":true,"jetpack_social_post_already_shared":true,"jetpack_social_options":{"image_generator_settings":{"template":"highway","default_image_id":0,"font":"","enabled":false},"version":2},"_wpas_customize_per_network":false},"categories":[8],"tags":[16784,8450],"class_list":["post-115109","post","type-post","status-publish","format-standard","has-post-thumbnail","hentry","category-sociedad","tag-frigorificos","tag-senasa","generate-columns","tablet-grid-50","mobile-grid-100","grid-parent","grid-50"],"jetpack_publicize_connections":[],"jetpack_featured_media_url":"https:\/\/www.hoymercedes.com.ar\/principal\/wp-content\/uploads\/2020\/08\/Director-Iglesias-Berrondo.jpg","wps_subtitle":"SENASA","jetpack_sharing_enabled":true,"_links":{"self":[{"href":"https:\/\/www.hoymercedes.com.ar\/principal\/wp-json\/wp\/v2\/posts\/115109","targetHints":{"allow":["GET"]}}],"collection":[{"href":"https:\/\/www.hoymercedes.com.ar\/principal\/wp-json\/wp\/v2\/posts"}],"about":[{"href":"https:\/\/www.hoymercedes.com.ar\/principal\/wp-json\/wp\/v2\/types\/post"}],"author":[{"embeddable":true,"href":"https:\/\/www.hoymercedes.com.ar\/principal\/wp-json\/wp\/v2\/users\/1"}],"replies":[{"embeddable":true,"href":"https:\/\/www.hoymercedes.com.ar\/principal\/wp-json\/wp\/v2\/comments?post=115109"}],"version-history":[{"count":0,"href":"https:\/\/www.hoymercedes.com.ar\/principal\/wp-json\/wp\/v2\/posts\/115109\/revisions"}],"wp:featuredmedia":[{"embeddable":true,"href":"https:\/\/www.hoymercedes.com.ar\/principal\/wp-json\/wp\/v2\/media\/115117"}],"wp:attachment":[{"href":"https:\/\/www.hoymercedes.com.ar\/principal\/wp-json\/wp\/v2\/media?parent=115109"}],"wp:term":[{"taxonomy":"category","embeddable":true,"href":"https:\/\/www.hoymercedes.com.ar\/principal\/wp-json\/wp\/v2\/categories?post=115109"},{"taxonomy":"post_tag","embeddable":true,"href":"https:\/\/www.hoymercedes.com.ar\/principal\/wp-json\/wp\/v2\/tags?post=115109"}],"curies":[{"name":"wp","href":"https:\/\/api.w.org\/{rel}","templated":true}]}}