{"id":115111,"date":"2020-08-14T15:27:20","date_gmt":"2020-08-14T18:27:20","guid":{"rendered":"http:\/\/www.hoymercedes.com.ar\/principal\/?p=115111"},"modified":"2020-08-14T18:04:03","modified_gmt":"2020-08-14T21:04:03","slug":"el-estado-en-tu-barrio-se-realiza-en-distintos-puntos-de-la-ciudad","status":"publish","type":"post","link":"https:\/\/www.hoymercedes.com.ar\/principal\/2020\/08\/14\/el-estado-en-tu-barrio-se-realiza-en-distintos-puntos-de-la-ciudad\/","title":{"rendered":"El \u201cEstado en tu barrio\u201d se realiza en distintos puntos de la ciudad"},"content":{"rendered":"\n<p>El Centro de Referencia local junto a organismos nacionales, provinciales y el municipio de Mercedes est\u00e1 llevando adelante este operativo con el objetivo de atender consultas y acercar respuestas a los vecinos y vecinas que necesitan acceder a distintas prestaciones del Estado. Participan ANSES, PAMI, la Defensor\u00eda, el Centro de Acceso a la Justicia y la coordinaci\u00f3n regional de Salud Mental de la provincia de Buenos Aires. Por la Municipalidad de Mercedes acompa\u00f1an la secretar\u00eda de Desarrollo Social, el \u00e1rea de Producci\u00f3n y el OMIC.<\/p>\n\n\n\n<div class=\"wp-block-image\"><figure class=\"aligncenter size-large\"><img loading=\"lazy\" decoding=\"async\" width=\"800\" height=\"386\" data-attachment-id=\"115112\" data-permalink=\"https:\/\/www.hoymercedes.com.ar\/principal\/2020\/08\/14\/el-estado-en-tu-barrio-se-realiza-en-distintos-puntos-de-la-ciudad\/whatsapp-image-2020-08-14-at-15-02-22\/#main\" data-orig-file=\"https:\/\/www.hoymercedes.com.ar\/principal\/wp-content\/uploads\/2020\/08\/WhatsApp-Image-2020-08-14-at-15.02.22.jpeg\" data-orig-size=\"800,386\" data-comments-opened=\"0\" data-image-meta=\"{&quot;aperture&quot;:&quot;0&quot;,&quot;credit&quot;:&quot;&quot;,&quot;camera&quot;:&quot;&quot;,&quot;caption&quot;:&quot;&quot;,&quot;created_timestamp&quot;:&quot;0&quot;,&quot;copyright&quot;:&quot;&quot;,&quot;focal_length&quot;:&quot;0&quot;,&quot;iso&quot;:&quot;0&quot;,&quot;shutter_speed&quot;:&quot;0&quot;,&quot;title&quot;:&quot;&quot;,&quot;orientation&quot;:&quot;0&quot;}\" data-image-title=\"WhatsApp Image 2020-08-14 at 15.02.22\" data-image-description=\"\" data-image-caption=\"\" data-large-file=\"https:\/\/www.hoymercedes.com.ar\/principal\/wp-content\/uploads\/2020\/08\/WhatsApp-Image-2020-08-14-at-15.02.22.jpeg\" src=\"https:\/\/www.hoymercedes.com.ar\/principal\/wp-content\/uploads\/2020\/08\/WhatsApp-Image-2020-08-14-at-15.02.22.jpeg\" alt=\"\" class=\"wp-image-115112\"\/><\/figure><\/div>\n\n\n\n<p>Desde el CDR Nicol\u00e1s Zeballos se\u00f1al\u00f3 que \u201cesta actividad en el barrio Lomas del Pac\u00edfico es la cuarta que realizamos. Se comenz\u00f3 en Gowland, despu\u00e9s Franklin y Altamira ya que son los que se encuentran m\u00e1s alejados del caso urbano. En este sentido, tanto el intendente Ustarroz como las autoridades de las dem\u00e1s instituciones que participan, entienden la importancia de estar presentes en distintos puntos de la  ciudad y decidieron acompa\u00f1arnos para brindar una respuesta del estado\u201d.<\/p>\n\n\n\n<p>El Estado en tu barrio acerca servicios y prestaciones del Estado a cada rinc\u00f3n del pa\u00eds, para que cada persona pueda hacer tr\u00e1mites cerca de su casa, en un mismo lugar, de forma gratuita y en menos tiempo. Cabe destacar que \u201clos operativos se llevan adelante en articulaci\u00f3n con organismos nacionales y locales cumpliendo con los protocolos sanitarios correspondientes a fin de resguardar tanto a los trabajadores como a los ciudadanos que concurren a realizar consultas\u201d explic\u00f3 Joaqu\u00edn Bistuer<br>coordinador de los operativos. <\/p>\n\n\n\n<p>Por su parte, la asistente social Mariana Panessi que forma parte de los equipos t\u00e9cnicos del Centro de Referencia cont\u00f3 que se est\u00e1n atendiendo consultas sobre la Tarjeta Alimentar, Ingreso Familiar de Emergencia y asignaciones familiares. En el caso de PAMI se est\u00e1 asesorando a los adultos mayores sobre afiliaciones, confecci\u00f3n de recetas, m\u00e9dicos de cabecera y autorizaciones de medicamentos.<\/p>\n\n\n\n<p>El OMIC est\u00e1 informando a los consumidores sobre sus derechos y c\u00f3mo ejecutar garant\u00edas ante las empresas o gestionar reclamos, ya sean referentes a planes de ahorro, compras en general o de aparatos electr\u00f3nicos o electrodom\u00e9sticos, ante bancos y tarjetas de cr\u00e9dito. Se explica el alcance de las normativas existentes en materia de defensa del consumidor y se interviene cuando es necesario realizar una exposici\u00f3n. Tambi\u00e9n se realiza la tarjeta SUBE y la gesti\u00f3n de las tarifas sociales de luz y gas explic\u00f3 N\u00e9stor Coria.<\/p>\n\n\n\n<p>Respecto a las consultas sobre DNI desde el ANSES manifestaron que se est\u00e1n tomando los datos de las personas que necesitan el documento y se las estar\u00e1 convocando cuando se pueda realizar el tr\u00e1mite. <\/p>\n\n\n\n<div class=\"wp-block-image\"><figure class=\"aligncenter size-large\"><img loading=\"lazy\" decoding=\"async\" width=\"800\" height=\"397\" data-attachment-id=\"115113\" data-permalink=\"https:\/\/www.hoymercedes.com.ar\/principal\/2020\/08\/14\/el-estado-en-tu-barrio-se-realiza-en-distintos-puntos-de-la-ciudad\/whatsapp-image-2020-08-14-at-15-02-22-1\/#main\" data-orig-file=\"https:\/\/www.hoymercedes.com.ar\/principal\/wp-content\/uploads\/2020\/08\/WhatsApp-Image-2020-08-14-at-15.02.22-1.jpeg\" data-orig-size=\"800,397\" data-comments-opened=\"0\" data-image-meta=\"{&quot;aperture&quot;:&quot;0&quot;,&quot;credit&quot;:&quot;&quot;,&quot;camera&quot;:&quot;&quot;,&quot;caption&quot;:&quot;&quot;,&quot;created_timestamp&quot;:&quot;0&quot;,&quot;copyright&quot;:&quot;&quot;,&quot;focal_length&quot;:&quot;0&quot;,&quot;iso&quot;:&quot;0&quot;,&quot;shutter_speed&quot;:&quot;0&quot;,&quot;title&quot;:&quot;&quot;,&quot;orientation&quot;:&quot;0&quot;}\" data-image-title=\"WhatsApp Image 2020-08-14 at 15.02.22 (1)\" data-image-description=\"\" data-image-caption=\"\" data-large-file=\"https:\/\/www.hoymercedes.com.ar\/principal\/wp-content\/uploads\/2020\/08\/WhatsApp-Image-2020-08-14-at-15.02.22-1.jpeg\" src=\"https:\/\/www.hoymercedes.com.ar\/principal\/wp-content\/uploads\/2020\/08\/WhatsApp-Image-2020-08-14-at-15.02.22-1.jpeg\" alt=\"\" class=\"wp-image-115113\"\/><\/figure><\/div>\n\n\n\n<p>Clara Batista del Centro de Acceso a la Justicia cont\u00f3 que los vecinos y vecinas se acercan por asesoramiento jur\u00eddico respecto a partidas de nacimiento, tr\u00e1mites migratorios y consultas sobre el certificado \u00fanico de discapacidad.<\/p>\n\n\n\n<p>Desde la Defensor\u00eda manifestaron que se acompa\u00f1a a los ciudadanos en distintas presentaciones administrativas a fin de promover los derechos individuales y colectivos como tambi\u00e9n controlar el cumplimiento de la Constituci\u00f3n tanto por parte de funcionarios como de las instituciones p\u00fablicas. En los operativos se cont\u00f3 con la presencia de su titular Fernando Florella.<\/p>\n\n\n\n<p>El jefe comunal, Juan Ignacio Ustarroz destac\u00f3 la importancia de este programa nacional \u201clos vecinos y vecinas m\u00e1s que nunca necesitan de un estado presente, activo y dando soluciones a sus necesidades e inquietudes. Por eso agradecemos y felicitamos a todos los trabajadores y trabajadoras por el compromiso y la dedicaci\u00f3n en estos momentos\u201d<\/p>\n\n\n\n<p>Fuente: CDR Mercedes<\/p>\n","protected":false},"excerpt":{"rendered":"<p>El Centro de Referencia local junto a organismos nacionales, provinciales y el municipio de Mercedes est\u00e1 llevando adelante este operativo &#8230; <a title=\"El \u201cEstado en tu barrio\u201d se realiza en distintos puntos de la ciudad\" class=\"read-more\" href=\"https:\/\/www.hoymercedes.com.ar\/principal\/2020\/08\/14\/el-estado-en-tu-barrio-se-realiza-en-distintos-puntos-de-la-ciudad\/\" aria-label=\"Leer m\u00e1s sobre El \u201cEstado en tu barrio\u201d se realiza en distintos puntos de la ciudad\">Leer m\u00e1s<\/a><\/p>\n","protected":false},"author":1,"featured_media":115113,"comment_status":"closed","ping_status":"open","sticky":false,"template":"","format":"standard","meta":{"_monsterinsights_skip_tracking":false,"_monsterinsights_sitenote_active":false,"_monsterinsights_sitenote_note":"","_monsterinsights_sitenote_category":0,"jetpack_post_was_ever_published":false,"_jetpack_newsletter_access":"","_jetpack_dont_email_post_to_subs":false,"_jetpack_newsletter_tier_id":0,"_jetpack_memberships_contains_paywalled_content":false,"_jetpack_memberships_contains_paid_content":false,"footnotes":"","jetpack_publicize_message":"","jetpack_publicize_feature_enabled":true,"jetpack_social_post_already_shared":true,"jetpack_social_options":{"image_generator_settings":{"template":"highway","default_image_id":0,"font":"","enabled":false},"version":2},"_wpas_customize_per_network":false},"categories":[8],"tags":[5969,16890,185,1803],"class_list":["post-115111","post","type-post","status-publish","format-standard","has-post-thumbnail","hentry","category-sociedad","tag-cdr-mercedes","tag-estado-en-tu-barrio","tag-nacion","tag-provincia","generate-columns","tablet-grid-50","mobile-grid-100","grid-parent","grid-50"],"jetpack_publicize_connections":[],"jetpack_featured_media_url":"https:\/\/www.hoymercedes.com.ar\/principal\/wp-content\/uploads\/2020\/08\/WhatsApp-Image-2020-08-14-at-15.02.22-1.jpeg","wps_subtitle":"En zona rural","jetpack_sharing_enabled":true,"_links":{"self":[{"href":"https:\/\/www.hoymercedes.com.ar\/principal\/wp-json\/wp\/v2\/posts\/115111","targetHints":{"allow":["GET"]}}],"collection":[{"href":"https:\/\/www.hoymercedes.com.ar\/principal\/wp-json\/wp\/v2\/posts"}],"about":[{"href":"https:\/\/www.hoymercedes.com.ar\/principal\/wp-json\/wp\/v2\/types\/post"}],"author":[{"embeddable":true,"href":"https:\/\/www.hoymercedes.com.ar\/principal\/wp-json\/wp\/v2\/users\/1"}],"replies":[{"embeddable":true,"href":"https:\/\/www.hoymercedes.com.ar\/principal\/wp-json\/wp\/v2\/comments?post=115111"}],"version-history":[{"count":0,"href":"https:\/\/www.hoymercedes.com.ar\/principal\/wp-json\/wp\/v2\/posts\/115111\/revisions"}],"wp:featuredmedia":[{"embeddable":true,"href":"https:\/\/www.hoymercedes.com.ar\/principal\/wp-json\/wp\/v2\/media\/115113"}],"wp:attachment":[{"href":"https:\/\/www.hoymercedes.com.ar\/principal\/wp-json\/wp\/v2\/media?parent=115111"}],"wp:term":[{"taxonomy":"category","embeddable":true,"href":"https:\/\/www.hoymercedes.com.ar\/principal\/wp-json\/wp\/v2\/categories?post=115111"},{"taxonomy":"post_tag","embeddable":true,"href":"https:\/\/www.hoymercedes.com.ar\/principal\/wp-json\/wp\/v2\/tags?post=115111"}],"curies":[{"name":"wp","href":"https:\/\/api.w.org\/{rel}","templated":true}]}}