{"id":11513,"date":"2012-03-14T11:42:16","date_gmt":"2012-03-14T11:42:16","guid":{"rendered":"http:\/\/www.hoymercedes.com.ar\/principal\/?p=11513"},"modified":"2012-03-14T11:42:16","modified_gmt":"2012-03-14T11:42:16","slug":"frente-grande-despenalizacion-del-aborto-por-el-derecho-a-decidir","status":"publish","type":"post","link":"https:\/\/www.hoymercedes.com.ar\/principal\/2012\/03\/14\/frente-grande-despenalizacion-del-aborto-por-el-derecho-a-decidir\/","title":{"rendered":"Frente Grande: Despenalizaci\u00f3n del aborto: por el derecho a decidir"},"content":{"rendered":"<p>El Frente Grande (FG) acompa\u00f1a y apoya el tratamiento del proyecto de ley en el Congreso Nacional sobre legalizaci\u00f3n y despenalizaci\u00f3n del aborto y sostiene que deben establecerse todas las instancias de protecci\u00f3n de los derechos de la mujer mediante la creaci\u00f3n y sostenimiento de pol\u00edticas p\u00fablicas tendientes a que el Estado de garant\u00edas de protecci\u00f3n de esos derechos.<\/p>\n<p>La criminalizaci\u00f3n del aborto vulnera la salud y la integridad ps\u00edquica y moral s\u00f3lo de las mujeres, en especial de adolescentes y ni\u00f1as de distintos estratos sociales.<\/p>\n<p>El Frente Grande considera que la penalizaci\u00f3n es, con claridad, contraria a la Constituci\u00f3n Nacional (CN) y a los Tratados Internacionales de Derechos Humanos, por lo que se debe garantizar a todas las mujeres en caso de interrupci\u00f3n voluntaria de un embarazo el acceso a los servicios de salud p\u00fablica en forma segura y gratuita.<\/p>\n<p>En los \u00faltimos a\u00f1os la Argentina est\u00e1 a la vanguardia no s\u00f3lo en Am\u00e9rica Latina, sino del mundo, en lo que respecta a la creaci\u00f3n y sostenimiento de pol\u00edticas p\u00fablicas tendientes a garantizar los derechos personales, los derechos humanos en su totalidad y la justicia social. Ejemplo de esto son la Asignaci\u00f3n Universal por hijo y para embarazadas y la ley de matrimonio igualitario. En este camino es que el Frente Grande promueve dar el debate en serio sobre el derecho de las mujeres a decidir sobre sus cuerpos, teniendo como eje que la penalizaci\u00f3n del aborto implica la violaci\u00f3n de los derechos humanos.<\/p>\n<p>Las estad\u00edsticas oficiales y no oficiales indican que en la Argentina cada a\u00f1o entre 500 y 600 mil mujeres se someten a pr\u00e1cticas de abortos, que en el contexto jur\u00eddico actual en el que se niega el derecho a decidir, son pr\u00e1cticas clandestinas e inseguras para la vida y la salud de las mujeres.<\/p>\n<p>Seg\u00fan datos del Ministerio de Salud de la Naci\u00f3n de 2009, en la Argentina mueren por a\u00f1o 100 mujeres por estas pr\u00e1cticas. En su mayor\u00eda son j\u00f3venes provenientes de los sectores m\u00e1s pobres y vulnerables. \u00c9stas son muertes evitables con el dictado de una norma que habilite el ejercicio de un derecho humano, como es el de decidir sobre sus cuerpos. Las cifras de muertes anuales de mujeres por abortos clandestinos o mal practicados demuestran que la prohibici\u00f3n no preserva ni protege la vida, muy por el contrario convierte la pr\u00e1ctica del aborto clandestino e inseguro en un negocio rentable.<\/p>\n<p>Por eso el Frente Grande considera que es urgente y necesario para preservar la vida y garantizar los derechos de todas las mujeres:<\/p>\n<p>Acompa\u00f1ar la consigna de la Campa\u00f1a Nacional \u201cEducaci\u00f3n sexual para decidir, anticonceptivos para no abortar, aborto legal para no morir\u201d.<\/p>\n<p>Que el Congreso de la Naci\u00f3n Argentina debata y sancione la ley que despenalice y haga legal el derecho a decidir abortar.<\/p>\n<p>La aplicaci\u00f3n y acceso de todas y todos a la Ley Nacional 26.150 de Educaci\u00f3n Sexual Integral;<\/p>\n<p>Que el Estado nacional como los provinciales, incentiven, inviertan, sostengan y actualicen los programas referidos a la salud sexual y reproductiva.<\/p>\n<p>Adriana Puiggr\u00f3s<\/p>\n<p>Presidenta del Frente Grande<\/p>\n<p>Daniel San Crist\u00f3bal<\/p>\n<p>Secretario General FG<\/p>\n<p>Tania Kiriaco<\/p>\n<p>Secretar\u00eda Mujer y G\u00e9nero FG<\/p>\n","protected":false},"excerpt":{"rendered":"<p>El Frente Grande (FG) acompa\u00f1a y apoya el tratamiento del proyecto de ley en el Congreso Nacional sobre legalizaci\u00f3n y &#8230; <a title=\"Frente Grande: Despenalizaci\u00f3n del aborto: por el derecho a decidir\" class=\"read-more\" href=\"https:\/\/www.hoymercedes.com.ar\/principal\/2012\/03\/14\/frente-grande-despenalizacion-del-aborto-por-el-derecho-a-decidir\/\" aria-label=\"Leer m\u00e1s sobre Frente Grande: Despenalizaci\u00f3n del aborto: por el derecho a decidir\">Leer m\u00e1s<\/a><\/p>\n","protected":false},"author":1,"featured_media":0,"comment_status":"open","ping_status":"open","sticky":false,"template":"","format":"standard","meta":{"_monsterinsights_skip_tracking":false,"_monsterinsights_sitenote_active":false,"_monsterinsights_sitenote_note":"","_monsterinsights_sitenote_category":0,"jetpack_post_was_ever_published":false,"_jetpack_newsletter_access":"","_jetpack_dont_email_post_to_subs":false,"_jetpack_newsletter_tier_id":0,"_jetpack_memberships_contains_paywalled_content":false,"_jetpack_memberships_contains_paid_content":false,"footnotes":"","jetpack_publicize_message":"","jetpack_publicize_feature_enabled":true,"jetpack_social_post_already_shared":false,"jetpack_social_options":{"image_generator_settings":{"template":"highway","default_image_id":0,"font":"","enabled":false},"version":2},"_wpas_customize_per_network":false},"categories":[5],"tags":[1930],"class_list":["post-11513","post","type-post","status-publish","format-standard","hentry","category-politica","tag-frente-grande","generate-columns","tablet-grid-50","mobile-grid-100","grid-parent","grid-50"],"jetpack_publicize_connections":[],"jetpack_featured_media_url":"","wps_subtitle":"","jetpack_sharing_enabled":true,"_links":{"self":[{"href":"https:\/\/www.hoymercedes.com.ar\/principal\/wp-json\/wp\/v2\/posts\/11513","targetHints":{"allow":["GET"]}}],"collection":[{"href":"https:\/\/www.hoymercedes.com.ar\/principal\/wp-json\/wp\/v2\/posts"}],"about":[{"href":"https:\/\/www.hoymercedes.com.ar\/principal\/wp-json\/wp\/v2\/types\/post"}],"author":[{"embeddable":true,"href":"https:\/\/www.hoymercedes.com.ar\/principal\/wp-json\/wp\/v2\/users\/1"}],"replies":[{"embeddable":true,"href":"https:\/\/www.hoymercedes.com.ar\/principal\/wp-json\/wp\/v2\/comments?post=11513"}],"version-history":[{"count":0,"href":"https:\/\/www.hoymercedes.com.ar\/principal\/wp-json\/wp\/v2\/posts\/11513\/revisions"}],"wp:attachment":[{"href":"https:\/\/www.hoymercedes.com.ar\/principal\/wp-json\/wp\/v2\/media?parent=11513"}],"wp:term":[{"taxonomy":"category","embeddable":true,"href":"https:\/\/www.hoymercedes.com.ar\/principal\/wp-json\/wp\/v2\/categories?post=11513"},{"taxonomy":"post_tag","embeddable":true,"href":"https:\/\/www.hoymercedes.com.ar\/principal\/wp-json\/wp\/v2\/tags?post=11513"}],"curies":[{"name":"wp","href":"https:\/\/api.w.org\/{rel}","templated":true}]}}