{"id":115180,"date":"2020-08-16T05:55:00","date_gmt":"2020-08-16T08:55:00","guid":{"rendered":"http:\/\/www.hoymercedes.com.ar\/principal\/?p=115180"},"modified":"2020-08-16T00:00:57","modified_gmt":"2020-08-16T03:00:57","slug":"reabren-inscripcion-para-el-programa-mi-terreno","status":"publish","type":"post","link":"https:\/\/www.hoymercedes.com.ar\/principal\/2020\/08\/16\/reabren-inscripcion-para-el-programa-mi-terreno\/","title":{"rendered":"Reabren inscripci\u00f3n para el programa Mi Terreno"},"content":{"rendered":"\n<p>Desde el palacio Municipal, el intendente Juan Ignacio Ustarroz anunci\u00f3 una nueva inscripci\u00f3n para el programa Mi Terreno. La misma comenzar\u00e1 a partir del martes 18 de agosto por intermedio de la p\u00e1gina del municipio (<a rel=\"noreferrer noopener\" target=\"_blank\" href=\"http:\/\/nw.mercedes.gob.ar\/\">http:\/\/nw.mercedes.gob.ar\/<\/a>\u00a0) Los interesados deber\u00e1n ingresar a la solapa de \u201cMi Terreno\u201d completar algunos datos y sacar turno, para en un posterior encuentro, acercar la documentaci\u00f3n necesaria para participar de los sorteos. <\/p>\n\n\n\n<div class=\"wp-block-image\"><figure class=\"aligncenter size-large\"><img loading=\"lazy\" decoding=\"async\" width=\"800\" height=\"365\" data-attachment-id=\"115181\" data-permalink=\"https:\/\/www.hoymercedes.com.ar\/principal\/2020\/08\/16\/reabren-inscripcion-para-el-programa-mi-terreno\/miterreno-1\/#main\" data-orig-file=\"https:\/\/www.hoymercedes.com.ar\/principal\/wp-content\/uploads\/2020\/08\/MiTerreno-1.jpg\" data-orig-size=\"800,365\" data-comments-opened=\"0\" data-image-meta=\"{&quot;aperture&quot;:&quot;0&quot;,&quot;credit&quot;:&quot;&quot;,&quot;camera&quot;:&quot;&quot;,&quot;caption&quot;:&quot;&quot;,&quot;created_timestamp&quot;:&quot;0&quot;,&quot;copyright&quot;:&quot;&quot;,&quot;focal_length&quot;:&quot;0&quot;,&quot;iso&quot;:&quot;0&quot;,&quot;shutter_speed&quot;:&quot;0&quot;,&quot;title&quot;:&quot;&quot;,&quot;orientation&quot;:&quot;0&quot;}\" data-image-title=\"MiTerreno (1)\" data-image-description=\"\" data-image-caption=\"\" data-large-file=\"https:\/\/www.hoymercedes.com.ar\/principal\/wp-content\/uploads\/2020\/08\/MiTerreno-1.jpg\" src=\"https:\/\/www.hoymercedes.com.ar\/principal\/wp-content\/uploads\/2020\/08\/MiTerreno-1.jpg\" alt=\"\" class=\"wp-image-115181\"\/><\/figure><\/div>\n\n\n\n<p>El jefe comunal record\u00f3 que \u201clo que estamos haciendo es incorporar terrenos del Estado Provincial al municipio para poder sumarlos a estos programas\u201d y asegur\u00f3 \u201cse ha ido creciendo exponencialmente en cuanto a la cantidad de terrenos, adem\u00e1s, estamos realizando compras a privados\u201d.&nbsp;<\/p>\n\n\n\n<p>Ustarroz subray\u00f3 \u201calgo muy importante que se ha realizado, es la aplicaci\u00f3n de la ley de H\u00e1bitat, donde un porcentaje de los loteos queda para el banco municipal de tierras, mismo que despu\u00e9s ingresa a estos sorteos\u201d y aclar\u00f3 \u201clos terrenos no son gratuitos, se sortean ante escribano p\u00fablico, tienen un valor y se pagan en cuotas. Nosotros emulando el criterio del plan Procrear, a los beneficiarios les damos un plazo de construcci\u00f3n, durante el mismo la gente no paga cuota entendiendo que paga alquiler y tiene muchas erogaciones por la construcci\u00f3n\u201d&nbsp;<\/p>\n\n\n\n<p>&nbsp;Valeria Ilarraz, directora de Tierras y H\u00e1bitat de la Municipalidad explic\u00f3 que \u201clos interesados ingresan a la p\u00e1gina de la municipalidad (<a rel=\"noreferrer noopener\" target=\"_blank\" href=\"http:\/\/nw.mercedes.gob.ar\/\">http:\/\/nw.mercedes.gob.ar\/<\/a>&nbsp;) pulsan la solapa de \u201cMi Terreno\u201d, all\u00ed deber\u00e1n llenar una declaraci\u00f3n jurada, para luego sacar un turno. Debido a las medidas sanitarias se estableci\u00f3 de ese modo con la idea de que no se aglomere gente en resguardo del personal y de los interesados\u201d y agreg\u00f3 \u201cvan a poder inscribirse, mucha gente lo viene pidiendo, y a partir de este martes lo podr\u00e1n hacer\u201d, sostuvo.&nbsp;<\/p>\n\n\n\n<p>Ilarraz aclar\u00f3 que \u201caquellos que ya se inscribieron en anteriores sorteos, no deber\u00e1n hacerlo, porque ya tienen su expediente, forman parte del registro de demanda habitacional y el mismo sistema de inscripci\u00f3n les va a impedir hacerlo\u201d y a\u00f1adi\u00f3 \u201cpor otro lado, en este momento, m\u00e1s all\u00e1 de este sorteo, estamos abocados fuertemente en todo lo referente a entregas de aquellos que ya fueron sorteados\u201d.&nbsp;<\/p>\n\n\n\n<p>Al mismo tiempo, la directora de Tierras y H\u00e1bitat de la municipalidad dijo \u201cpedimos paciencia ya que estamos trabajando con personal reducido debido a la pandemia. De todas maneras, venimos planificando e interactuando con los distintos niveles del estado, y lo estamos haciendo en conjunto con el Ministerio de Desarrollo Territorial de la Naci\u00f3n, gracias a las gestiones realizadas por el intendente Ustarroz\u201d y destac\u00f3 \u201cla transparencia\u201d en la adjudicaci\u00f3n de los beneficiarios dejando en claro que por el momento no se puede establecer fecha de los pr\u00f3ximos sorteos. \u201cPrimero tenemos que concluir la entrega de los que fueron sorteados para luego avanzar\u201d, afirm\u00f3,&nbsp;<\/p>\n\n\n\n<p>Javier Guevara, subsecretario de viviendas y h\u00e1bitat del municipio, resalt\u00f3 la decisi\u00f3n pol\u00edtica del intendente Ustarroz de \u201cconsolidar pol\u00edticas p\u00fablicas con el claro objetivo de disminuir el d\u00e9ficit habitacional en Mercedes. Venimos llevando adelante un trabajo que no solo busca facilitar el acceso al suelo por parte de los vecinos de Mercedes, sino que ahora estamos enfocados en la consolidaci\u00f3n de planes de vivienda integral y autosustentables en el tiempo\u201d, concluy\u00f3.\u00a0<\/p>\n\n\n\n<p>Por Prensa Municipal<\/p>\n","protected":false},"excerpt":{"rendered":"<p>Desde el palacio Municipal, el intendente Juan Ignacio Ustarroz anunci\u00f3 una nueva inscripci\u00f3n para el programa Mi Terreno. La misma &#8230; <a title=\"Reabren inscripci\u00f3n para el programa Mi Terreno\" class=\"read-more\" href=\"https:\/\/www.hoymercedes.com.ar\/principal\/2020\/08\/16\/reabren-inscripcion-para-el-programa-mi-terreno\/\" aria-label=\"Leer m\u00e1s sobre Reabren inscripci\u00f3n para el programa Mi Terreno\">Leer m\u00e1s<\/a><\/p>\n","protected":false},"author":1,"featured_media":115181,"comment_status":"closed","ping_status":"open","sticky":false,"template":"","format":"standard","meta":{"_monsterinsights_skip_tracking":false,"_monsterinsights_sitenote_active":false,"_monsterinsights_sitenote_note":"","_monsterinsights_sitenote_category":0,"jetpack_post_was_ever_published":false,"_jetpack_newsletter_access":"","_jetpack_dont_email_post_to_subs":false,"_jetpack_newsletter_tier_id":0,"_jetpack_memberships_contains_paywalled_content":false,"_jetpack_memberships_contains_paid_content":false,"footnotes":"","jetpack_publicize_message":"","jetpack_publicize_feature_enabled":true,"jetpack_social_post_already_shared":true,"jetpack_social_options":{"image_generator_settings":{"template":"highway","default_image_id":0,"font":"","enabled":false},"version":2},"_wpas_customize_per_network":false},"categories":[30],"tags":[],"class_list":["post-115180","post","type-post","status-publish","format-standard","has-post-thumbnail","hentry","category-municipio","generate-columns","tablet-grid-50","mobile-grid-100","grid-parent","grid-50"],"jetpack_publicize_connections":[],"jetpack_featured_media_url":"https:\/\/www.hoymercedes.com.ar\/principal\/wp-content\/uploads\/2020\/08\/MiTerreno-1.jpg","wps_subtitle":"","jetpack_sharing_enabled":true,"_links":{"self":[{"href":"https:\/\/www.hoymercedes.com.ar\/principal\/wp-json\/wp\/v2\/posts\/115180","targetHints":{"allow":["GET"]}}],"collection":[{"href":"https:\/\/www.hoymercedes.com.ar\/principal\/wp-json\/wp\/v2\/posts"}],"about":[{"href":"https:\/\/www.hoymercedes.com.ar\/principal\/wp-json\/wp\/v2\/types\/post"}],"author":[{"embeddable":true,"href":"https:\/\/www.hoymercedes.com.ar\/principal\/wp-json\/wp\/v2\/users\/1"}],"replies":[{"embeddable":true,"href":"https:\/\/www.hoymercedes.com.ar\/principal\/wp-json\/wp\/v2\/comments?post=115180"}],"version-history":[{"count":0,"href":"https:\/\/www.hoymercedes.com.ar\/principal\/wp-json\/wp\/v2\/posts\/115180\/revisions"}],"wp:featuredmedia":[{"embeddable":true,"href":"https:\/\/www.hoymercedes.com.ar\/principal\/wp-json\/wp\/v2\/media\/115181"}],"wp:attachment":[{"href":"https:\/\/www.hoymercedes.com.ar\/principal\/wp-json\/wp\/v2\/media?parent=115180"}],"wp:term":[{"taxonomy":"category","embeddable":true,"href":"https:\/\/www.hoymercedes.com.ar\/principal\/wp-json\/wp\/v2\/categories?post=115180"},{"taxonomy":"post_tag","embeddable":true,"href":"https:\/\/www.hoymercedes.com.ar\/principal\/wp-json\/wp\/v2\/tags?post=115180"}],"curies":[{"name":"wp","href":"https:\/\/api.w.org\/{rel}","templated":true}]}}