{"id":115298,"date":"2020-08-18T22:24:30","date_gmt":"2020-08-19T01:24:30","guid":{"rendered":"http:\/\/www.hoymercedes.com.ar\/principal\/?p=115298"},"modified":"2020-08-20T00:22:23","modified_gmt":"2020-08-20T03:22:23","slug":"coronavirus-en-mercedes-seis-nuevos-positivos-entre-41-test","status":"publish","type":"post","link":"https:\/\/www.hoymercedes.com.ar\/principal\/2020\/08\/18\/coronavirus-en-mercedes-seis-nuevos-positivos-entre-41-test\/","title":{"rendered":"Coronavirus en Mercedes: seis nuevos positivos entre 41 test"},"content":{"rendered":"\n<p>En la noche de este martes, se comunic\u00f3 el cierre del d\u00eda de la situaci\u00f3n epidemiol\u00f3gica de Mercedes. El informe del Municipio de Mercedes y del Hospital Blas L. Dubarry confirma 6 nuevos casos de covid-19 entre los 41 test realizados por el Laboratorio de Virolog\u00eda Molecular. Otros seis pacientes recibieron el alta seg\u00fan los protocolos sanitarios determinados por la \u00e1rea de salud. <\/p>\n\n\n\n<div class=\"wp-block-image\"><figure class=\"aligncenter size-large\"><img loading=\"lazy\" decoding=\"async\" width=\"900\" height=\"900\" data-attachment-id=\"115301\" data-permalink=\"https:\/\/www.hoymercedes.com.ar\/principal\/2020\/08\/18\/coronavirus-en-mercedes-seis-nuevos-positivos-entre-41-test\/whatsapp-image-2020-08-18-at-21-26-02\/#main\" data-orig-file=\"https:\/\/www.hoymercedes.com.ar\/principal\/wp-content\/uploads\/2020\/08\/WhatsApp-Image-2020-08-18-at-21.26.02.jpeg\" data-orig-size=\"900,900\" data-comments-opened=\"0\" data-image-meta=\"{&quot;aperture&quot;:&quot;0&quot;,&quot;credit&quot;:&quot;&quot;,&quot;camera&quot;:&quot;&quot;,&quot;caption&quot;:&quot;&quot;,&quot;created_timestamp&quot;:&quot;0&quot;,&quot;copyright&quot;:&quot;&quot;,&quot;focal_length&quot;:&quot;0&quot;,&quot;iso&quot;:&quot;0&quot;,&quot;shutter_speed&quot;:&quot;0&quot;,&quot;title&quot;:&quot;&quot;,&quot;orientation&quot;:&quot;0&quot;}\" data-image-title=\"WhatsApp Image 2020-08-18 at 21.26.02\" data-image-description=\"\" data-image-caption=\"\" data-large-file=\"https:\/\/www.hoymercedes.com.ar\/principal\/wp-content\/uploads\/2020\/08\/WhatsApp-Image-2020-08-18-at-21.26.02.jpeg\" src=\"https:\/\/www.hoymercedes.com.ar\/principal\/wp-content\/uploads\/2020\/08\/WhatsApp-Image-2020-08-18-at-21.26.02.jpeg\" alt=\"\" class=\"wp-image-115301\"\/><\/figure><\/div>\n\n\n\n<p>El informe dice: <\/p>\n\n\n\n<p>\u00abEn el d\u00eda de la fecha el Laboratorio de Virolog\u00eda Molecular Municipal por medio de los procesos cient\u00edficos que lleva adelante cotidianamente detect\u00f3 6 nuevos casos para covid-19.<br>Adem\u00e1s, 6 pacientes fueron dados de alta tras su recuperaci\u00f3n m\u00e9dica arribando a un total de 452.<br>Al d\u00eda de la fecha tenemos 32 casos activos y 492 desde iniciada la pandemia. <br>En seguimiento por contacto estrecho contin\u00faan a instancias del Centro de Teleseguimiento con 93 operadores socio sanitarios 328 mercedinos\u00bb.<\/p>\n\n\n\n<p><strong>Informe nacional<\/strong><\/p>\n\n\n\n<p>Por su parte, el Ministerio de Salud de Naci\u00f3n inform\u00f3 este martes que se suman 6.840 nuevos casos de COVID-19. Entre ellos, 4585 pertenecen a la provincia de Buenos Aires y 1051 a la ciudad de Buenos Aires. El resto se distribuyen en: Chaco 45; Chubut 7; C\u00f3rdoba 227; Corrientes 3; Entre R\u00edos 46; Jujuy 218; La Rioja 56; Mendoza 124; Neuqu\u00e9n 13; R\u00edo Negro 138; Salta 111; San Luis 2; Santa Cruz 22; Santa Fe 129; Santiago del Estero 12; Tierra del Fuego 10 y Tucum\u00e1n 44. Con estos registros, suman 305.966 positivos en el pa\u00eds.<\/p>\n\n\n\n<p>Asimismo, informaron 235 nuevos fallecimientos en el pa\u00eds. Las primeras 63 se notificaron en el informe matutino: 40 hombres (29 residentes en la provincia de Buenos Aires; 7 residentes en la Ciudad de Buenos Aires; un residente en la provincia de Chaco; 2 residentes en la provincia de Jujuy; un residente en la provincia de Neuqu\u00e9n) y 23 mujeres (15 residentes en la provincia de Buenos Aires; 5 residentes en la Ciudad de Buenos Aires; 1 residente en la provincia de Formosa; un residente en la provincia de Salta; y un residente en la provincia de Jujuy). <\/p>\n\n\n\n<p>Las 172 restantes las dieron a conocer en el informe vespertino: 95 hombres (48 residentes en la provincia de Buenos Aires; 25 residentes en la Ciudad de Buenos Aires; 2 residentes en la provincia de Chaco; 1 residente en la provincia de C\u00f3rdoba; 7 residentes en la provincia de Jujuy; 7 residentes en la provincia de Mendoza; 2 residentes en la provincia de R\u00edo Negro; 2 residentes en la provincia de Neuqu\u00e9n; un residente en la provincia de Santa Fe) y 74 mujeres (40 residentes en la provincia de Buenos Aires; 22 residentes en la Ciudad de Buenos Aires; 4 residentes en la provincia de C\u00f3rdoba; 5 residentes en la provincia de Jujuy; 1 residente en la provincia de Mendoza; 1 residente en la provincia de Santa Fe; y 1 residente en la provincia de Tierra del Fuego). Dos personas residentes en la provincia de Buenos Aires y una persona residente en la provincia de Jujuy, notificadas como fallecidas, no registran dato de sexo. Al momento la cantidad de personas fallecidas es 6.048.<\/p>\n","protected":false},"excerpt":{"rendered":"<p>En la noche de este martes, se comunic\u00f3 el cierre del d\u00eda de la situaci\u00f3n epidemiol\u00f3gica de Mercedes. El informe &#8230; <a title=\"Coronavirus en Mercedes: seis nuevos positivos entre 41 test\" class=\"read-more\" href=\"https:\/\/www.hoymercedes.com.ar\/principal\/2020\/08\/18\/coronavirus-en-mercedes-seis-nuevos-positivos-entre-41-test\/\" aria-label=\"Leer m\u00e1s sobre Coronavirus en Mercedes: seis nuevos positivos entre 41 test\">Leer m\u00e1s<\/a><\/p>\n","protected":false},"author":1,"featured_media":115301,"comment_status":"closed","ping_status":"open","sticky":false,"template":"","format":"standard","meta":{"_monsterinsights_skip_tracking":false,"_monsterinsights_sitenote_active":false,"_monsterinsights_sitenote_note":"","_monsterinsights_sitenote_category":0,"jetpack_post_was_ever_published":false,"_jetpack_newsletter_access":"","_jetpack_dont_email_post_to_subs":false,"_jetpack_newsletter_tier_id":0,"_jetpack_memberships_contains_paywalled_content":false,"_jetpack_memberships_contains_paid_content":false,"footnotes":"","jetpack_publicize_message":"","jetpack_publicize_feature_enabled":true,"jetpack_social_post_already_shared":true,"jetpack_social_options":{"image_generator_settings":{"template":"highway","default_image_id":0,"font":"","enabled":false},"version":2},"_wpas_customize_per_network":false},"categories":[9791],"tags":[16175,16313,134],"class_list":["post-115298","post","type-post","status-publish","format-standard","has-post-thumbnail","hentry","category-salud","tag-coronavirus","tag-covid-19","tag-salud","generate-columns","tablet-grid-50","mobile-grid-100","grid-parent","grid-50"],"jetpack_publicize_connections":[],"jetpack_featured_media_url":"https:\/\/www.hoymercedes.com.ar\/principal\/wp-content\/uploads\/2020\/08\/WhatsApp-Image-2020-08-18-at-21.26.02.jpeg","wps_subtitle":"Cierre del d\u00eda","jetpack_sharing_enabled":true,"_links":{"self":[{"href":"https:\/\/www.hoymercedes.com.ar\/principal\/wp-json\/wp\/v2\/posts\/115298","targetHints":{"allow":["GET"]}}],"collection":[{"href":"https:\/\/www.hoymercedes.com.ar\/principal\/wp-json\/wp\/v2\/posts"}],"about":[{"href":"https:\/\/www.hoymercedes.com.ar\/principal\/wp-json\/wp\/v2\/types\/post"}],"author":[{"embeddable":true,"href":"https:\/\/www.hoymercedes.com.ar\/principal\/wp-json\/wp\/v2\/users\/1"}],"replies":[{"embeddable":true,"href":"https:\/\/www.hoymercedes.com.ar\/principal\/wp-json\/wp\/v2\/comments?post=115298"}],"version-history":[{"count":0,"href":"https:\/\/www.hoymercedes.com.ar\/principal\/wp-json\/wp\/v2\/posts\/115298\/revisions"}],"wp:featuredmedia":[{"embeddable":true,"href":"https:\/\/www.hoymercedes.com.ar\/principal\/wp-json\/wp\/v2\/media\/115301"}],"wp:attachment":[{"href":"https:\/\/www.hoymercedes.com.ar\/principal\/wp-json\/wp\/v2\/media?parent=115298"}],"wp:term":[{"taxonomy":"category","embeddable":true,"href":"https:\/\/www.hoymercedes.com.ar\/principal\/wp-json\/wp\/v2\/categories?post=115298"},{"taxonomy":"post_tag","embeddable":true,"href":"https:\/\/www.hoymercedes.com.ar\/principal\/wp-json\/wp\/v2\/tags?post=115298"}],"curies":[{"name":"wp","href":"https:\/\/api.w.org\/{rel}","templated":true}]}}