{"id":11530,"date":"2012-03-15T19:30:27","date_gmt":"2012-03-15T19:30:27","guid":{"rendered":"http:\/\/www.hoymercedes.com.ar\/principal\/?p=11530"},"modified":"2012-03-15T19:30:27","modified_gmt":"2012-03-15T19:30:27","slug":"selva-se-reunion-con-vecinos-del-barrio-san-justo","status":"publish","type":"post","link":"https:\/\/www.hoymercedes.com.ar\/principal\/2012\/03\/15\/selva-se-reunion-con-vecinos-del-barrio-san-justo\/","title":{"rendered":"Selva se reuni\u00f3n con vecinos del barrio San Justo"},"content":{"rendered":"<p><a href=\"https:\/\/www.hoymercedes.com.ar\/principal\/wp-content\/uploads\/2012\/03\/Selva-BarrioSanJusto.jpg\"><img loading=\"lazy\" decoding=\"async\" data-attachment-id=\"11532\" data-permalink=\"https:\/\/www.hoymercedes.com.ar\/principal\/2012\/03\/15\/selva-se-reunion-con-vecinos-del-barrio-san-justo\/selva-barriosanjusto\/#main\" data-orig-file=\"https:\/\/www.hoymercedes.com.ar\/principal\/wp-content\/uploads\/2012\/03\/Selva-BarrioSanJusto.jpg\" data-orig-size=\"612,406\" data-comments-opened=\"1\" data-image-meta=\"{&quot;aperture&quot;:&quot;3.3&quot;,&quot;credit&quot;:&quot;&quot;,&quot;camera&quot;:&quot;NIKON D50&quot;,&quot;caption&quot;:&quot;&quot;,&quot;created_timestamp&quot;:&quot;1331753790&quot;,&quot;copyright&quot;:&quot;&quot;,&quot;focal_length&quot;:&quot;28&quot;,&quot;iso&quot;:&quot;0&quot;,&quot;shutter_speed&quot;:&quot;0.016666666666667&quot;,&quot;title&quot;:&quot;&quot;}\" data-image-title=\"Selva-BarrioSanJusto\" data-image-description=\"\" data-image-caption=\"\" data-large-file=\"https:\/\/www.hoymercedes.com.ar\/principal\/wp-content\/uploads\/2012\/03\/Selva-BarrioSanJusto.jpg\" class=\"aligncenter size-full wp-image-11532\" title=\"Selva-BarrioSanJusto\" src=\"https:\/\/www.hoymercedes.com.ar\/principal\/wp-content\/uploads\/2012\/03\/Selva-BarrioSanJusto.jpg\" alt=\"\" width=\"612\" height=\"406\" \/><\/a><\/p>\n<p>Como se viene realizando por los diferentes barrios, el Intendente Carlos Selva estuvo reunido con los vecinos del San Justo para escuchar las inquietudes de los mismos<\/p>\n<p>Junto a representantes del \u00e1rea de Seguridad y Desarrollo Social de la Municipalidad estuvo dialogando con los vecinos del B\u00ba San Justo sobre diferentes tem\u00e1ticas como la continuidad de veredas para el barrio, mantenimiento de las calles y el zanjeo de las mismas. Se hablo tambien sobre la velocidad de las motos sobre la calle 32 y la posibilidad de colocar lomos de burro para obligar a los conductores a circular m\u00e1s despacio.<\/p>\n<p>\u201cEl Barrio est\u00e1 muy lindo, pero queda mucho por hacer todav\u00eda, por eso es que si trabajamos en conjunto lo levantamos entre todos, si la gente no sale de su casa la Municipalidad sola no puede mejorar las cosas\u201d\u2026 manifest\u00f3 el Primer Mandatario y agreg\u00f3 que\u2026\u201d en los otros barrios se viene trabajando junto a la gente para conseguir el doble de los resultados, si los vecinos pueden pagar un cami\u00f3n de piedra para la calle, la Municipalidad paga el otro cami\u00f3n y conseguimos as\u00ed dos cuadras\u201d<\/p>\n","protected":false},"excerpt":{"rendered":"<p>Como se viene realizando por los diferentes barrios, el Intendente Carlos Selva estuvo reunido con los vecinos del San Justo &#8230; <a title=\"Selva se reuni\u00f3n con vecinos del barrio San Justo\" class=\"read-more\" href=\"https:\/\/www.hoymercedes.com.ar\/principal\/2012\/03\/15\/selva-se-reunion-con-vecinos-del-barrio-san-justo\/\" aria-label=\"Leer m\u00e1s sobre Selva se reuni\u00f3n con vecinos del barrio San Justo\">Leer m\u00e1s<\/a><\/p>\n","protected":false},"author":1,"featured_media":0,"comment_status":"open","ping_status":"open","sticky":false,"template":"","format":"standard","meta":{"_monsterinsights_skip_tracking":false,"_monsterinsights_sitenote_active":false,"_monsterinsights_sitenote_note":"","_monsterinsights_sitenote_category":0,"jetpack_post_was_ever_published":false,"_jetpack_newsletter_access":"","_jetpack_dont_email_post_to_subs":false,"_jetpack_newsletter_tier_id":0,"_jetpack_memberships_contains_paywalled_content":false,"_jetpack_memberships_contains_paid_content":false,"footnotes":"","jetpack_publicize_message":"","jetpack_publicize_feature_enabled":true,"jetpack_social_post_already_shared":false,"jetpack_social_options":{"image_generator_settings":{"template":"highway","default_image_id":0,"font":"","enabled":false},"version":2},"_wpas_customize_per_network":false},"categories":[5],"tags":[1958,18],"class_list":["post-11530","post","type-post","status-publish","format-standard","hentry","category-politica","tag-barrio-san-justo","tag-selva","generate-columns","tablet-grid-50","mobile-grid-100","grid-parent","grid-50"],"jetpack_publicize_connections":[],"jetpack_featured_media_url":"","wps_subtitle":"","jetpack_sharing_enabled":true,"_links":{"self":[{"href":"https:\/\/www.hoymercedes.com.ar\/principal\/wp-json\/wp\/v2\/posts\/11530","targetHints":{"allow":["GET"]}}],"collection":[{"href":"https:\/\/www.hoymercedes.com.ar\/principal\/wp-json\/wp\/v2\/posts"}],"about":[{"href":"https:\/\/www.hoymercedes.com.ar\/principal\/wp-json\/wp\/v2\/types\/post"}],"author":[{"embeddable":true,"href":"https:\/\/www.hoymercedes.com.ar\/principal\/wp-json\/wp\/v2\/users\/1"}],"replies":[{"embeddable":true,"href":"https:\/\/www.hoymercedes.com.ar\/principal\/wp-json\/wp\/v2\/comments?post=11530"}],"version-history":[{"count":0,"href":"https:\/\/www.hoymercedes.com.ar\/principal\/wp-json\/wp\/v2\/posts\/11530\/revisions"}],"wp:attachment":[{"href":"https:\/\/www.hoymercedes.com.ar\/principal\/wp-json\/wp\/v2\/media?parent=11530"}],"wp:term":[{"taxonomy":"category","embeddable":true,"href":"https:\/\/www.hoymercedes.com.ar\/principal\/wp-json\/wp\/v2\/categories?post=11530"},{"taxonomy":"post_tag","embeddable":true,"href":"https:\/\/www.hoymercedes.com.ar\/principal\/wp-json\/wp\/v2\/tags?post=11530"}],"curies":[{"name":"wp","href":"https:\/\/api.w.org\/{rel}","templated":true}]}}