{"id":115335,"date":"2020-08-19T10:52:21","date_gmt":"2020-08-19T13:52:21","guid":{"rendered":"http:\/\/www.hoymercedes.com.ar\/principal\/?p=115335"},"modified":"2020-08-19T16:34:07","modified_gmt":"2020-08-19T19:34:07","slug":"trocha-y-union-manifestaron-su-alegria-tras-poder-recibir-a-las-familias-al-aire-libre","status":"publish","type":"post","link":"https:\/\/www.hoymercedes.com.ar\/principal\/2020\/08\/19\/trocha-y-union-manifestaron-su-alegria-tras-poder-recibir-a-las-familias-al-aire-libre\/","title":{"rendered":"Trocha y Uni\u00f3n manifestaron su alegr\u00eda tras poder recibir a las familias al aire libre"},"content":{"rendered":"\n<p>M\u00e1s clubes se expresan sobre las actividades vividas con sus divisiones inferiores durante el fin de semana. En Trocha se utiliz\u00f3 el predio de calle 40 y 15 mientras que Uni\u00f3n el nuevo de acceso Sanmartin. \u201cEstamos muy agradecidos a todos los que lo hicieron posible\u201d, afirmaron.<\/p>\n\n\n\n<figure class=\"wp-block-gallery columns-1 is-cropped wp-block-gallery-1 is-layout-flex wp-block-gallery-is-layout-flex\"><ul class=\"blocks-gallery-grid\"><li class=\"blocks-gallery-item\"><figure><img loading=\"lazy\" decoding=\"async\" width=\"895\" height=\"626\" data-attachment-id=\"115336\" data-permalink=\"https:\/\/www.hoymercedes.com.ar\/principal\/2020\/08\/19\/trocha-y-union-manifestaron-su-alegria-tras-poder-recibir-a-las-familias-al-aire-libre\/dsc_0031-3\/#main\" data-orig-file=\"https:\/\/www.hoymercedes.com.ar\/principal\/wp-content\/uploads\/2020\/08\/DSC_0031.jpg\" data-orig-size=\"895,626\" data-comments-opened=\"0\" data-image-meta=\"{&quot;aperture&quot;:&quot;0&quot;,&quot;credit&quot;:&quot;&quot;,&quot;camera&quot;:&quot;&quot;,&quot;caption&quot;:&quot;&quot;,&quot;created_timestamp&quot;:&quot;0&quot;,&quot;copyright&quot;:&quot;&quot;,&quot;focal_length&quot;:&quot;0&quot;,&quot;iso&quot;:&quot;0&quot;,&quot;shutter_speed&quot;:&quot;0&quot;,&quot;title&quot;:&quot;&quot;,&quot;orientation&quot;:&quot;0&quot;}\" data-image-title=\"DSC_0031\" data-image-description=\"\" data-image-caption=\"\" data-large-file=\"https:\/\/www.hoymercedes.com.ar\/principal\/wp-content\/uploads\/2020\/08\/DSC_0031.jpg\" src=\"https:\/\/www.hoymercedes.com.ar\/principal\/wp-content\/uploads\/2020\/08\/DSC_0031.jpg\" alt=\"\" data-id=\"115336\" data-link=\"https:\/\/www.hoymercedes.com.ar\/principal\/?attachment_id=115336\" class=\"wp-image-115336\"\/><\/figure><\/li><\/ul><\/figure>\n\n\n\n<p>Desde Club Trocha Juanito Men\u00e9ndez coment\u00f3 que \u201cparticiparon muchos menores con adultos, muchos vecinos del barrio, se ocuparon las canchas, divididos y sectorizados, respetando las distancias y protocolos\u201d afirm\u00f3 y cont\u00f3 que \u201chubo actividades pensadas especialmente para la ocasi\u00f3n e incluso algunos padres y madres aprovecharon para dar la vuelta a la cancha y fue tambi\u00e9n positivo para ellos. Estamos muy agradecidos a las familias, a la Direcci\u00f3n de Deportes por el apoyo y a la Municipalidad por la propuesta pensada en los m\u00e1s chicos\u201d destac\u00f3.<\/p>\n\n\n\n<p>Gabriel Bidart, desde Club Uni\u00f3n, sostuvo que \u201cdesde nuestro club y comisi\u00f3n directiva acompa\u00f1amos la medida del fin de semana de la ni\u00f1ez. Nos parece una medida muy acertada, la gente todav\u00eda tiene un poco de miedo, pero de a poquito se ve lo iremos haciendo\u201d afirm\u00f3 y coment\u00f3 que \u201cpara nosotros tambi\u00e9n fue una buena ocasi\u00f3n para mostrar el nuevo predio a los nenes que juegan a la instituci\u00f3n\u201d sostuvo y afirm\u00f3 \u201cme parece un gran paso para prepararnos para lo que viene, estamos muy agradecidos por lo vivido\u201d<\/p>\n","protected":false},"excerpt":{"rendered":"<p>M\u00e1s clubes se expresan sobre las actividades vividas con sus divisiones inferiores durante el fin de semana. En Trocha se &#8230; <a title=\"Trocha y Uni\u00f3n manifestaron su alegr\u00eda tras poder recibir a las familias al aire libre\" class=\"read-more\" href=\"https:\/\/www.hoymercedes.com.ar\/principal\/2020\/08\/19\/trocha-y-union-manifestaron-su-alegria-tras-poder-recibir-a-las-familias-al-aire-libre\/\" aria-label=\"Leer m\u00e1s sobre Trocha y Uni\u00f3n manifestaron su alegr\u00eda tras poder recibir a las familias al aire libre\">Leer m\u00e1s<\/a><\/p>\n","protected":false},"author":1,"featured_media":115336,"comment_status":"closed","ping_status":"open","sticky":false,"template":"","format":"standard","meta":{"_monsterinsights_skip_tracking":false,"_monsterinsights_sitenote_active":false,"_monsterinsights_sitenote_note":"","_monsterinsights_sitenote_category":0,"jetpack_post_was_ever_published":false,"_jetpack_newsletter_access":"","_jetpack_dont_email_post_to_subs":false,"_jetpack_newsletter_tier_id":0,"_jetpack_memberships_contains_paywalled_content":false,"_jetpack_memberships_contains_paid_content":false,"footnotes":"","jetpack_publicize_message":"","jetpack_publicize_feature_enabled":true,"jetpack_social_post_already_shared":true,"jetpack_social_options":{"image_generator_settings":{"template":"highway","default_image_id":0,"font":"","enabled":false},"version":2},"_wpas_customize_per_network":false},"categories":[21],"tags":[16969,1379,11116],"class_list":["post-115335","post","type-post","status-publish","format-standard","has-post-thumbnail","hentry","category-deportes","tag-dia-de-la-ninez","tag-trocha","tag-union","generate-columns","tablet-grid-50","mobile-grid-100","grid-parent","grid-50"],"jetpack_publicize_connections":[],"jetpack_featured_media_url":"https:\/\/www.hoymercedes.com.ar\/principal\/wp-content\/uploads\/2020\/08\/DSC_0031.jpg","wps_subtitle":"D\u00eda de la Ni\u00f1ez","jetpack_sharing_enabled":true,"_links":{"self":[{"href":"https:\/\/www.hoymercedes.com.ar\/principal\/wp-json\/wp\/v2\/posts\/115335","targetHints":{"allow":["GET"]}}],"collection":[{"href":"https:\/\/www.hoymercedes.com.ar\/principal\/wp-json\/wp\/v2\/posts"}],"about":[{"href":"https:\/\/www.hoymercedes.com.ar\/principal\/wp-json\/wp\/v2\/types\/post"}],"author":[{"embeddable":true,"href":"https:\/\/www.hoymercedes.com.ar\/principal\/wp-json\/wp\/v2\/users\/1"}],"replies":[{"embeddable":true,"href":"https:\/\/www.hoymercedes.com.ar\/principal\/wp-json\/wp\/v2\/comments?post=115335"}],"version-history":[{"count":0,"href":"https:\/\/www.hoymercedes.com.ar\/principal\/wp-json\/wp\/v2\/posts\/115335\/revisions"}],"wp:featuredmedia":[{"embeddable":true,"href":"https:\/\/www.hoymercedes.com.ar\/principal\/wp-json\/wp\/v2\/media\/115336"}],"wp:attachment":[{"href":"https:\/\/www.hoymercedes.com.ar\/principal\/wp-json\/wp\/v2\/media?parent=115335"}],"wp:term":[{"taxonomy":"category","embeddable":true,"href":"https:\/\/www.hoymercedes.com.ar\/principal\/wp-json\/wp\/v2\/categories?post=115335"},{"taxonomy":"post_tag","embeddable":true,"href":"https:\/\/www.hoymercedes.com.ar\/principal\/wp-json\/wp\/v2\/tags?post=115335"}],"curies":[{"name":"wp","href":"https:\/\/api.w.org\/{rel}","templated":true}]}}