{"id":115341,"date":"2020-08-20T05:45:48","date_gmt":"2020-08-20T08:45:48","guid":{"rendered":"http:\/\/www.hoymercedes.com.ar\/principal\/?p=115341"},"modified":"2020-08-19T11:40:06","modified_gmt":"2020-08-19T14:40:06","slug":"inscripcion-de-empresas-que-quieran-exportar-cebada-soja-maiz-y-sorgo-a-china","status":"publish","type":"post","link":"https:\/\/www.hoymercedes.com.ar\/principal\/2020\/08\/20\/inscripcion-de-empresas-que-quieran-exportar-cebada-soja-maiz-y-sorgo-a-china\/","title":{"rendered":"Inscripci\u00f3n de empresas que quieran exportar cebada, soja, ma\u00edz y sorgo a China"},"content":{"rendered":"\n<p><strong><em>Del 18 de agosto al 1 de septiembre, el SENASA recibir\u00e1 solicitudes para actualizar el Registro de Exportadores de granos con destino al pa\u00eds asi\u00e1tico.<\/em><\/strong><\/p>\n\n\n\n<div class=\"wp-block-image\"><figure class=\"aligncenter size-large\"><img loading=\"lazy\" decoding=\"async\" width=\"640\" height=\"427\" data-attachment-id=\"115342\" data-permalink=\"https:\/\/www.hoymercedes.com.ar\/principal\/2020\/08\/20\/inscripcion-de-empresas-que-quieran-exportar-cebada-soja-maiz-y-sorgo-a-china\/19-comercio-exterior-de-granos-a-china\/#main\" data-orig-file=\"https:\/\/www.hoymercedes.com.ar\/principal\/wp-content\/uploads\/2020\/08\/19-Comercio-exterior-de-granos-a-China.jpg\" data-orig-size=\"640,427\" data-comments-opened=\"0\" data-image-meta=\"{&quot;aperture&quot;:&quot;0&quot;,&quot;credit&quot;:&quot;&quot;,&quot;camera&quot;:&quot;&quot;,&quot;caption&quot;:&quot;&quot;,&quot;created_timestamp&quot;:&quot;0&quot;,&quot;copyright&quot;:&quot;&quot;,&quot;focal_length&quot;:&quot;0&quot;,&quot;iso&quot;:&quot;0&quot;,&quot;shutter_speed&quot;:&quot;0&quot;,&quot;title&quot;:&quot;&quot;,&quot;orientation&quot;:&quot;0&quot;}\" data-image-title=\"19 Comercio exterior de granos a China\" data-image-description=\"\" data-image-caption=\"\" data-large-file=\"https:\/\/www.hoymercedes.com.ar\/principal\/wp-content\/uploads\/2020\/08\/19-Comercio-exterior-de-granos-a-China.jpg\" src=\"https:\/\/www.hoymercedes.com.ar\/principal\/wp-content\/uploads\/2020\/08\/19-Comercio-exterior-de-granos-a-China.jpg\" alt=\"\" class=\"wp-image-115342\"\/><\/figure><\/div>\n\n\n\n<p>En el marco de los acuerdos bilaterales que establecen los requisitos para la exportaci\u00f3n de granos a la Rep\u00fablica Popular China, el Servicio Nacional de Sanidad y Calidad Agroalimentaria (Senasa) debe peri\u00f3dicamente actualizar los listados de firmas habilitadas para los env\u00edos de ma\u00edz, cebada, sorgo y soja a ese destino y los de terminales de embarque.<\/p>\n\n\n\n<p>Las empresas interesadas en incorporarse en el listado deben enviar la respectiva solicitud de registro al Senasa y tienen tiempo hasta el martes 1 de septiembre inclusive.<\/p>\n\n\n\n<p>En la <a href=\"https:\/\/www.argentina.gob.ar\/cereales-comercio\/inscripciones\" target=\"_blank\" rel=\"noopener\">p\u00e1gina web del Organismo<\/a> se encuentran disponibles las notas modelo para cada producto, que luego deben ser enviadas por correo electr\u00f3nico a <a href=\"mailto:granarios@senasa.gob.ar\">granarios@senasa.gob.ar<\/a>.<\/p>\n\n\n\n<p>Finalizado el plazo, se cerrar\u00e1 la recepci\u00f3n de solicitudes y no podr\u00e1n realizarse incorporaciones ni cambios hasta la pr\u00f3xima actualizaci\u00f3n del listado, cuatro meses m\u00e1s tarde.<\/p>\n\n\n\n<p>Es importante destacar que las firmas deben estar inscriptas en el Registro de Importadores y Exportadores de la Direcci\u00f3n General de Aduanas (DGA) de la Administraci\u00f3n Federal de Ingresos P\u00fablicos (AFIP), sin necesidad de tr\u00e1mites adicionales.<\/p>\n\n\n\n<p>Por \u00faltimo, las empresas que ya se encuentren inscriptas y no presenten ninguna modificaci\u00f3n a la informaci\u00f3n publicada en el sitio web de la Administraci\u00f3n General de Aduanas de China (GACC), no necesitan enviar una nueva solicitud de registro.\u00a0<\/p>\n\n\n\n<p>Ante consultas, puede comunicarse con la sede del Centro Regional Buenos Aires Norte, en la localidad bonaerense de Chivilcoy, a los tel\u00e9fonos (02346) 436271\/72\/73 o con la Coordinaci\u00f3n de Piensos y Productos Granarios del Senasa, al 4121-5175, correo electr\u00f3nico <a href=\"mailto:granarios@senasa.gob.ar\">granarios@senasa.gob.ar<\/a>&nbsp;<\/p>\n","protected":false},"excerpt":{"rendered":"<p>Del 18 de agosto al 1 de septiembre, el SENASA recibir\u00e1 solicitudes para actualizar el Registro de Exportadores de granos &#8230; <a title=\"Inscripci\u00f3n de empresas que quieran exportar cebada, soja, ma\u00edz y sorgo a China\" class=\"read-more\" href=\"https:\/\/www.hoymercedes.com.ar\/principal\/2020\/08\/20\/inscripcion-de-empresas-que-quieran-exportar-cebada-soja-maiz-y-sorgo-a-china\/\" aria-label=\"Leer m\u00e1s sobre Inscripci\u00f3n de empresas que quieran exportar cebada, soja, ma\u00edz y sorgo a China\">Leer m\u00e1s<\/a><\/p>\n","protected":false},"author":1,"featured_media":115342,"comment_status":"closed","ping_status":"open","sticky":false,"template":"","format":"standard","meta":{"_monsterinsights_skip_tracking":false,"_monsterinsights_sitenote_active":false,"_monsterinsights_sitenote_note":"","_monsterinsights_sitenote_category":0,"jetpack_post_was_ever_published":false,"_jetpack_newsletter_access":"","_jetpack_dont_email_post_to_subs":false,"_jetpack_newsletter_tier_id":0,"_jetpack_memberships_contains_paywalled_content":false,"_jetpack_memberships_contains_paid_content":false,"footnotes":"","jetpack_publicize_message":"","jetpack_publicize_feature_enabled":true,"jetpack_social_post_already_shared":true,"jetpack_social_options":{"image_generator_settings":{"template":"highway","default_image_id":0,"font":"","enabled":false},"version":2},"_wpas_customize_per_network":false},"categories":[16777],"tags":[13826,8786,15385,8450],"class_list":["post-115341","post","type-post","status-publish","format-standard","has-post-thumbnail","hentry","category-economia","tag-comercio-exterior","tag-economia","tag-exportacion","tag-senasa","generate-columns","tablet-grid-50","mobile-grid-100","grid-parent","grid-50"],"jetpack_publicize_connections":[],"jetpack_featured_media_url":"https:\/\/www.hoymercedes.com.ar\/principal\/wp-content\/uploads\/2020\/08\/19-Comercio-exterior-de-granos-a-China.jpg","wps_subtitle":"Comercio exterior","jetpack_sharing_enabled":true,"_links":{"self":[{"href":"https:\/\/www.hoymercedes.com.ar\/principal\/wp-json\/wp\/v2\/posts\/115341","targetHints":{"allow":["GET"]}}],"collection":[{"href":"https:\/\/www.hoymercedes.com.ar\/principal\/wp-json\/wp\/v2\/posts"}],"about":[{"href":"https:\/\/www.hoymercedes.com.ar\/principal\/wp-json\/wp\/v2\/types\/post"}],"author":[{"embeddable":true,"href":"https:\/\/www.hoymercedes.com.ar\/principal\/wp-json\/wp\/v2\/users\/1"}],"replies":[{"embeddable":true,"href":"https:\/\/www.hoymercedes.com.ar\/principal\/wp-json\/wp\/v2\/comments?post=115341"}],"version-history":[{"count":0,"href":"https:\/\/www.hoymercedes.com.ar\/principal\/wp-json\/wp\/v2\/posts\/115341\/revisions"}],"wp:featuredmedia":[{"embeddable":true,"href":"https:\/\/www.hoymercedes.com.ar\/principal\/wp-json\/wp\/v2\/media\/115342"}],"wp:attachment":[{"href":"https:\/\/www.hoymercedes.com.ar\/principal\/wp-json\/wp\/v2\/media?parent=115341"}],"wp:term":[{"taxonomy":"category","embeddable":true,"href":"https:\/\/www.hoymercedes.com.ar\/principal\/wp-json\/wp\/v2\/categories?post=115341"},{"taxonomy":"post_tag","embeddable":true,"href":"https:\/\/www.hoymercedes.com.ar\/principal\/wp-json\/wp\/v2\/tags?post=115341"}],"curies":[{"name":"wp","href":"https:\/\/api.w.org\/{rel}","templated":true}]}}