{"id":115389,"date":"2020-08-19T21:14:18","date_gmt":"2020-08-20T00:14:18","guid":{"rendered":"http:\/\/www.hoymercedes.com.ar\/principal\/?p=115389"},"modified":"2020-08-19T21:14:24","modified_gmt":"2020-08-20T00:14:24","slug":"concejo-se-atrasa-48hs-para-solidarizarse-con-un-edil-aislado","status":"publish","type":"post","link":"https:\/\/www.hoymercedes.com.ar\/principal\/2020\/08\/19\/concejo-se-atrasa-48hs-para-solidarizarse-con-un-edil-aislado\/","title":{"rendered":"Concejo: se atrasa 48hs para solidarizarse con un edil aislado"},"content":{"rendered":"\n<p>La sesi\u00f3n del pr\u00f3ximo lunes del Honorable Concejo Deliberante se postergar\u00e1 48hs con el objetivo de dar tiempo al alta de aislamiento de un edil de Juntos por el Cambio por ser contacto de un positivo de covid. Seg\u00fan se supo el presidente del cuerpo, Mat\u00edas Dematei, elev\u00f3 la propuesta a los presidentes de los 3 bloques y estuvieron de acuerdo.<\/p>\n\n\n\n<p>De esta manera en lugar de efectuarse en el lunes 24 ser\u00e1 el mi\u00e9rcoles 26 de agosto.<\/p>\n\n\n\n<p>El motivo es fomentar la participaci\u00f3n de todos los ediles y consider\u00f3, el presidente del cuerpo y los presidentes de los bloques integrantes del Concejo que no habr\u00eda un cambio sustancial en las tem\u00e1ticas a tratar por retrasar 48hs la acci\u00f3n parlamentaria.<\/p>\n","protected":false},"excerpt":{"rendered":"<p>La sesi\u00f3n del pr\u00f3ximo lunes del Honorable Concejo Deliberante se postergar\u00e1 48hs con el objetivo de dar tiempo al alta &#8230; <a title=\"Concejo: se atrasa 48hs para solidarizarse con un edil aislado\" class=\"read-more\" href=\"https:\/\/www.hoymercedes.com.ar\/principal\/2020\/08\/19\/concejo-se-atrasa-48hs-para-solidarizarse-con-un-edil-aislado\/\" aria-label=\"Leer m\u00e1s sobre Concejo: se atrasa 48hs para solidarizarse con un edil aislado\">Leer m\u00e1s<\/a><\/p>\n","protected":false},"author":1,"featured_media":72801,"comment_status":"closed","ping_status":"open","sticky":false,"template":"","format":"standard","meta":{"_monsterinsights_skip_tracking":false,"_monsterinsights_sitenote_active":false,"_monsterinsights_sitenote_note":"","_monsterinsights_sitenote_category":0,"jetpack_post_was_ever_published":false,"_jetpack_newsletter_access":"","_jetpack_dont_email_post_to_subs":false,"_jetpack_newsletter_tier_id":0,"_jetpack_memberships_contains_paywalled_content":false,"_jetpack_memberships_contains_paid_content":false,"footnotes":"","jetpack_publicize_message":"","jetpack_publicize_feature_enabled":true,"jetpack_social_post_already_shared":true,"jetpack_social_options":{"image_generator_settings":{"template":"highway","default_image_id":0,"font":"","enabled":false},"version":2},"_wpas_customize_per_network":false},"categories":[5],"tags":[236,3810],"class_list":["post-115389","post","type-post","status-publish","format-standard","has-post-thumbnail","hentry","category-politica","tag-concejo-deliberante","tag-matias-dematei","generate-columns","tablet-grid-50","mobile-grid-100","grid-parent","grid-50"],"jetpack_publicize_connections":[],"jetpack_featured_media_url":"https:\/\/www.hoymercedes.com.ar\/principal\/wp-content\/uploads\/2018\/02\/23-Mat\u00edas-Dematei.jpg","wps_subtitle":"Labor parlamentaria ","jetpack_sharing_enabled":true,"_links":{"self":[{"href":"https:\/\/www.hoymercedes.com.ar\/principal\/wp-json\/wp\/v2\/posts\/115389","targetHints":{"allow":["GET"]}}],"collection":[{"href":"https:\/\/www.hoymercedes.com.ar\/principal\/wp-json\/wp\/v2\/posts"}],"about":[{"href":"https:\/\/www.hoymercedes.com.ar\/principal\/wp-json\/wp\/v2\/types\/post"}],"author":[{"embeddable":true,"href":"https:\/\/www.hoymercedes.com.ar\/principal\/wp-json\/wp\/v2\/users\/1"}],"replies":[{"embeddable":true,"href":"https:\/\/www.hoymercedes.com.ar\/principal\/wp-json\/wp\/v2\/comments?post=115389"}],"version-history":[{"count":0,"href":"https:\/\/www.hoymercedes.com.ar\/principal\/wp-json\/wp\/v2\/posts\/115389\/revisions"}],"wp:featuredmedia":[{"embeddable":true,"href":"https:\/\/www.hoymercedes.com.ar\/principal\/wp-json\/wp\/v2\/media\/72801"}],"wp:attachment":[{"href":"https:\/\/www.hoymercedes.com.ar\/principal\/wp-json\/wp\/v2\/media?parent=115389"}],"wp:term":[{"taxonomy":"category","embeddable":true,"href":"https:\/\/www.hoymercedes.com.ar\/principal\/wp-json\/wp\/v2\/categories?post=115389"},{"taxonomy":"post_tag","embeddable":true,"href":"https:\/\/www.hoymercedes.com.ar\/principal\/wp-json\/wp\/v2\/tags?post=115389"}],"curies":[{"name":"wp","href":"https:\/\/api.w.org\/{rel}","templated":true}]}}