{"id":115393,"date":"2020-08-20T00:04:05","date_gmt":"2020-08-20T03:04:05","guid":{"rendered":"http:\/\/www.hoymercedes.com.ar\/principal\/?p=115393"},"modified":"2020-08-20T11:12:27","modified_gmt":"2020-08-20T14:12:27","slug":"coronavirus-en-mercedes-12-positivos-de-covid-19","status":"publish","type":"post","link":"https:\/\/www.hoymercedes.com.ar\/principal\/2020\/08\/20\/coronavirus-en-mercedes-12-positivos-de-covid-19\/","title":{"rendered":"Coronavirus en Mercedes: 12 positivos de covid-19"},"content":{"rendered":"\n<p>Desde el Municipio de Mercedes y el Hospital Blas L. Dubarry dieron cuenta de la situaci\u00f3n epidemiol\u00f3gica en cuanto a los casos nuevos de covid-19. Una docena de test dieron positivos por coronavirus entre los 50 realizados este mi\u00e9rcoles. Asimismo, comunicaron que 7 pacientes fueron dados de alta de acuerdo a los protocolos vigentes. <\/p>\n\n\n\n<div class=\"wp-block-image\"><figure class=\"aligncenter size-large\"><img loading=\"lazy\" decoding=\"async\" width=\"900\" height=\"900\" data-attachment-id=\"115394\" data-permalink=\"https:\/\/www.hoymercedes.com.ar\/principal\/2020\/08\/20\/coronavirus-en-mercedes-12-positivos-de-covid-19\/whatsapp-image-2020-08-19-at-21-10-08\/#main\" data-orig-file=\"https:\/\/www.hoymercedes.com.ar\/principal\/wp-content\/uploads\/2020\/08\/WhatsApp-Image-2020-08-19-at-21.10.08.jpeg\" data-orig-size=\"900,900\" data-comments-opened=\"0\" data-image-meta=\"{&quot;aperture&quot;:&quot;0&quot;,&quot;credit&quot;:&quot;&quot;,&quot;camera&quot;:&quot;&quot;,&quot;caption&quot;:&quot;&quot;,&quot;created_timestamp&quot;:&quot;0&quot;,&quot;copyright&quot;:&quot;&quot;,&quot;focal_length&quot;:&quot;0&quot;,&quot;iso&quot;:&quot;0&quot;,&quot;shutter_speed&quot;:&quot;0&quot;,&quot;title&quot;:&quot;&quot;,&quot;orientation&quot;:&quot;0&quot;}\" data-image-title=\"WhatsApp Image 2020-08-19 at 21.10.08\" data-image-description=\"\" data-image-caption=\"\" data-large-file=\"https:\/\/www.hoymercedes.com.ar\/principal\/wp-content\/uploads\/2020\/08\/WhatsApp-Image-2020-08-19-at-21.10.08.jpeg\" src=\"https:\/\/www.hoymercedes.com.ar\/principal\/wp-content\/uploads\/2020\/08\/WhatsApp-Image-2020-08-19-at-21.10.08.jpeg\" alt=\"\" class=\"wp-image-115394\"\/><\/figure><\/div>\n\n\n\n<p>El informe del cierre del d\u00eda dice: <\/p>\n\n\n\n<p>\u00abEn el d\u00eda de la fecha el Laboratorio de Virolog\u00eda Molecular Municipal por medio de los procesos cient\u00edficos que lleva adelante cotidianamente detect\u00f3 12 nuevos casos para covid-19.<br>Adem\u00e1s, 7 pacientes fueron dados de alta tras su recuperaci\u00f3n m\u00e9dica arribando a un total de 459<br>Al d\u00eda de la fecha tenemos 37 casos activos y 504 desde iniciada la pandemia.<br>En seguimiento por contacto estrecho contin\u00faan a instancias del Centro de Teleseguimiento con 93 operadores socio sanitarios 328 mercedinos\u00bb.<\/p>\n\n\n\n<p><strong>Informe nacional<\/strong><\/p>\n\n\n\n<p>El informe nacional confirm\u00f3 6.693 nuevos casos de COVID-19. Con estos registros, suman 312.659 positivos en el pa\u00eds. Los positivos confirmados este mi\u00e9rcoles pertenecen a: Provincia de Buenos Aires 4.303; Ciudad de Buenos Aires 1.094; Chaco 57; Chubut 13; C\u00f3rdoba 100; Corrientes 3; Entre R\u00edos 60; Jujuy 133; La Pampa 2; La Rioja 54; Mendoza 150; Neuqu\u00e9n 50; R\u00edo Negro 94; Salta 114; Santa Cruz 56; Santa Fe 202; Santiago del Estero 41; Tierra del Fuego 64 y Tucum\u00e1n 104. <\/p>\n\n\n\n<p>Asimismo, confirmaron el registro de 283 fallecimientos. Los primeros 66 registros los comunicaron en el informe matutino: 37 hombres (27 residentes en la provincia de Buenos Aires; 6 residentes en la Ciudad de Buenos Aires; un residente en la provincia de Entre R\u00edos; 2 residentes en la provincia de Mendoza; y un residente en la provincia de Neuqu\u00e9n) y 29 mujeres (22 residentes en la provincia de Buenos Aires; 5 residentes en la Ciudad de Buenos Aires; una residente en la provincia de R\u00edo Negro; y una residente en la provincia de Mendoza)<\/p>\n\n\n\n<p>En el informe vespertino, comunidaron otros 217 fallecimientos: 108 hombres (82 residentes en la provincia de Buenos Aires; 14 residentes en la Ciudad de Buenos Aires; un residente en la provincia de Chaco; 4 residentes en la provincia de Jujuy; 2 residentes en la provincia de Mendoza; 2 residentes en la provincia de R\u00edo Negro; un residente en la provincia de Salta; y 2 residentes en la provincia de Santa Fe) y 109 mujeres (78 residentes en la provincia de Buenos Aires; 22 residentes en la Ciudad de Buenos Aires; 8 residentes en la provincia de Jujuy; y un residente en la provincia de Salta). Una persona de sexo masculino de 62 a\u00f1os notificada como fallecida, residente en la provincia de Buenos Aires, fue reclasificada como no fallecida. Al momento la cantidad de personas fallecidas es 6.330.<br><\/p>\n","protected":false},"excerpt":{"rendered":"<p>Desde el Municipio de Mercedes y el Hospital Blas L. Dubarry dieron cuenta de la situaci\u00f3n epidemiol\u00f3gica en cuanto a &#8230; <a title=\"Coronavirus en Mercedes: 12 positivos de covid-19\" class=\"read-more\" href=\"https:\/\/www.hoymercedes.com.ar\/principal\/2020\/08\/20\/coronavirus-en-mercedes-12-positivos-de-covid-19\/\" aria-label=\"Leer m\u00e1s sobre Coronavirus en Mercedes: 12 positivos de covid-19\">Leer m\u00e1s<\/a><\/p>\n","protected":false},"author":1,"featured_media":115394,"comment_status":"closed","ping_status":"open","sticky":false,"template":"","format":"standard","meta":{"_monsterinsights_skip_tracking":false,"_monsterinsights_sitenote_active":false,"_monsterinsights_sitenote_note":"","_monsterinsights_sitenote_category":0,"jetpack_post_was_ever_published":false,"_jetpack_newsletter_access":"","_jetpack_dont_email_post_to_subs":false,"_jetpack_newsletter_tier_id":0,"_jetpack_memberships_contains_paywalled_content":false,"_jetpack_memberships_contains_paid_content":false,"footnotes":"","jetpack_publicize_message":"","jetpack_publicize_feature_enabled":true,"jetpack_social_post_already_shared":true,"jetpack_social_options":{"image_generator_settings":{"template":"highway","default_image_id":0,"font":"","enabled":false},"version":2},"_wpas_customize_per_network":false},"categories":[9791],"tags":[16561,16175,16313,134],"class_list":["post-115393","post","type-post","status-publish","format-standard","has-post-thumbnail","hentry","category-salud","tag-cierre-del-dia","tag-coronavirus","tag-covid-19","tag-salud","generate-columns","tablet-grid-50","mobile-grid-100","grid-parent","grid-50"],"jetpack_publicize_connections":[],"jetpack_featured_media_url":"https:\/\/www.hoymercedes.com.ar\/principal\/wp-content\/uploads\/2020\/08\/WhatsApp-Image-2020-08-19-at-21.10.08.jpeg","wps_subtitle":"Cierre del d\u00eda","jetpack_sharing_enabled":true,"_links":{"self":[{"href":"https:\/\/www.hoymercedes.com.ar\/principal\/wp-json\/wp\/v2\/posts\/115393","targetHints":{"allow":["GET"]}}],"collection":[{"href":"https:\/\/www.hoymercedes.com.ar\/principal\/wp-json\/wp\/v2\/posts"}],"about":[{"href":"https:\/\/www.hoymercedes.com.ar\/principal\/wp-json\/wp\/v2\/types\/post"}],"author":[{"embeddable":true,"href":"https:\/\/www.hoymercedes.com.ar\/principal\/wp-json\/wp\/v2\/users\/1"}],"replies":[{"embeddable":true,"href":"https:\/\/www.hoymercedes.com.ar\/principal\/wp-json\/wp\/v2\/comments?post=115393"}],"version-history":[{"count":0,"href":"https:\/\/www.hoymercedes.com.ar\/principal\/wp-json\/wp\/v2\/posts\/115393\/revisions"}],"wp:featuredmedia":[{"embeddable":true,"href":"https:\/\/www.hoymercedes.com.ar\/principal\/wp-json\/wp\/v2\/media\/115394"}],"wp:attachment":[{"href":"https:\/\/www.hoymercedes.com.ar\/principal\/wp-json\/wp\/v2\/media?parent=115393"}],"wp:term":[{"taxonomy":"category","embeddable":true,"href":"https:\/\/www.hoymercedes.com.ar\/principal\/wp-json\/wp\/v2\/categories?post=115393"},{"taxonomy":"post_tag","embeddable":true,"href":"https:\/\/www.hoymercedes.com.ar\/principal\/wp-json\/wp\/v2\/tags?post=115393"}],"curies":[{"name":"wp","href":"https:\/\/api.w.org\/{rel}","templated":true}]}}