{"id":115414,"date":"2020-08-20T09:51:10","date_gmt":"2020-08-20T12:51:10","guid":{"rendered":"http:\/\/www.hoymercedes.com.ar\/principal\/?p=115414"},"modified":"2020-08-20T11:10:57","modified_gmt":"2020-08-20T14:10:57","slug":"reciclado-de-cartones-y-papel-con-la-cooperativa","status":"publish","type":"post","link":"https:\/\/www.hoymercedes.com.ar\/principal\/2020\/08\/20\/reciclado-de-cartones-y-papel-con-la-cooperativa\/","title":{"rendered":"Reciclado de cartones y papel con la cooperativa"},"content":{"rendered":"\n<p>El Municipio de Mercedes, a trav\u00e9s del \u00e1rea de ambiente, y en un trabajo mancomunado con el MTE y la cooperativa de cartoneros contin\u00faan realizando acciones de reciclado en la ciudad. De esta manera, no s\u00f3lo se mejora el medio ambiente, sino que, adem\u00e1s, genera una fuente de trabajo para muchas familias mercedinas. Otros 30 mil kilos fueron enviados a su recuperaci\u00f3n ambiental.<\/p>\n\n\n\n<figure class=\"wp-block-image size-large\"><img loading=\"lazy\" decoding=\"async\" width=\"800\" height=\"533\" data-attachment-id=\"115416\" data-permalink=\"https:\/\/www.hoymercedes.com.ar\/principal\/2020\/08\/20\/reciclado-de-cartones-y-papel-con-la-cooperativa\/20-cartoneros\/#main\" data-orig-file=\"https:\/\/www.hoymercedes.com.ar\/principal\/wp-content\/uploads\/2020\/08\/20-cartoneros.jpg\" data-orig-size=\"800,533\" data-comments-opened=\"0\" data-image-meta=\"{&quot;aperture&quot;:&quot;0&quot;,&quot;credit&quot;:&quot;&quot;,&quot;camera&quot;:&quot;&quot;,&quot;caption&quot;:&quot;&quot;,&quot;created_timestamp&quot;:&quot;0&quot;,&quot;copyright&quot;:&quot;&quot;,&quot;focal_length&quot;:&quot;0&quot;,&quot;iso&quot;:&quot;0&quot;,&quot;shutter_speed&quot;:&quot;0&quot;,&quot;title&quot;:&quot;&quot;,&quot;orientation&quot;:&quot;0&quot;}\" data-image-title=\"20 cartoneros\" data-image-description=\"\" data-image-caption=\"\" data-large-file=\"https:\/\/www.hoymercedes.com.ar\/principal\/wp-content\/uploads\/2020\/08\/20-cartoneros.jpg\" src=\"https:\/\/www.hoymercedes.com.ar\/principal\/wp-content\/uploads\/2020\/08\/20-cartoneros.jpg\" alt=\"\" class=\"wp-image-115416\"\/><\/figure>\n\n\n\n<p>El intendente de Mercedes Juan Ignacio Ustarroz expres\u00f3 \u201cpara nosotros es muy importante trabajar y articular con un movimiento social con una clara conciencia de que el trabajo dignifica y el cual mejora la sustentabilidad ambiental de la ciudad\u201d.<\/p>\n\n\n\n<p>\u201cPara nosotros es muy importante avanzar en la conciencia de lo ambiental, en el reciclado, en una sociedad de consumo que genera mucha cantidad de desperdicio\u201d argument\u00f3 el intendente Ustarroz y destac\u00f3 \u201cpoder generar conciencia sobre el impacto ambiental de estas cuestiones, para que esto se transforme y se pueda reutilizar, realmente es muy importante\u201d.<\/p>\n\n\n\n<p>Ustarroz declar\u00f3 \u201cesta es la primera experiencia que nosotros hemos llevado adelante como Municipio en conjunto con la cooperativa, donde el volumen y la capacidad que estamos teniendo hoy, tiene que ver con la experiencia que fue desarrollando la cooperativa de cartoneros\u201d y subray\u00f3 \u201cpara nosotros es muy bueno poder apoyar y brindarles herramientas para poder acompa\u00f1ar todo este proceso y trabajo que est\u00e1n haciendo\u201d.\u00a0\u00a0\u00a0\u00a0\u00a0\u00a0<\/p>\n\n\n\n<p>Juan Cruz Mend\u00eda, director de medio ambiente municipal, manifest\u00f3 \u201csiempre en las pol\u00edticas ambientales son integrales, lo que trabajamos es en la preservaci\u00f3n y la calidad de vida junto a los ingresos sociales que podemos generar a trav\u00e9s de las cooperativas\u201d y agreg\u00f3 \u201cdesde este punto verde (calle 29 y 6) hace un a\u00f1o que estamos trabajando, desde una pol\u00edtica activa impulsada por el intendente Ustarroz\u201d.<\/p>\n\n\n\n<p>\u201cSumado a este lugar est\u00e1n los puntos de separaci\u00f3n que tenemos en La Trocha y el barrio San Jorge y al gran trabajo que efect\u00faa la organizaci\u00f3n MTE y la cooperativa de cartoneros Mercedes\u201d apunt\u00f3 Mend\u00eda y a\u00f1adi\u00f3 \u201choy se est\u00e1 haciendo otro env\u00edo de material que va a ser reciclado, generar\u00e1 ingresos y el cual colabora en la limpieza de la ciudad\u201d.<\/p>\n\n\n\n<p>\u201cGeneramos ingresos y preservamos el ambiente de la ciudad, por eso estamos muy contentos\u201d expres\u00f3 Mend\u00eda.&nbsp;&nbsp;&nbsp;&nbsp;&nbsp;&nbsp;<\/p>\n\n\n\n<p>Por su parte, Luis Ponce, Subsecretario de servicios p\u00fablicos de la Municipalidad de Mercedes agradeci\u00f3 \u201cel trabajo de todos los trabajadores municipales y en este caso, y principalmente, a los integrantes del MTE que est\u00e1n haciendo un gran trabajo y nos ayudan a mantener limpia y linda a nuestra ciudad. Concientizando a los vecinos en lo que respecta a la separaci\u00f3n en origen, lo que refuerza la idea de una ciudad m\u00e1s sustentable\u201d.&nbsp;&nbsp;<\/p>\n\n\n\n<p>Maximiliano Melgar representante de la cooperativa de cartoneros manifest\u00f3 \u201ccomenzamos hace algo m\u00e1s de un a\u00f1o, estamos muy contentos, hemos progresado much\u00edsimo y estamos muy agradecidos al intendente Ustarroz y todas las \u00e1reas del municipio que nos abrieron las puertas y nos dieron la confianza necesaria para llevar adelante este trabajo\u201d y cont\u00f3 \u201choy tenemos un promedio de 30 mil kilos mensuales que juntamos de material reciclable y residuos que recuperamos, mismos que no van a ir a un basural, ni a un relleno sanitario, o sea, no contaminar nuestro ambiente. Asimismo, genera trabajo para decenas de familias mercedinas y esto es gracias al apoyo y a las acciones mancomunadas con el Municipio de Mercedes\u201d.&nbsp;<\/p>\n\n\n\n<p>Oscar Caracol, uno de los trabajadores indic\u00f3 \u201cjuntamos cart\u00f3n, pl\u00e1stico, papel, etc, es decir, todo material reciclable y vidrio. Somos m\u00e1s de 50 personas (cartoneros, recicladores) que estamos trabajando en conjunto con el Municipio\u201d. Asimismo, se\u00f1al\u00f3 \u201cgracias a la Municipalidad de Mercedes tenemos una prensa, una balanza y herramientas para poder realizar el trabajo, es decir, todo el apoyo necesario para que podamos llevar adelante esta tarea\u201d.<\/p>\n\n\n\n<p>Se les recuerda a los vecinos que en AV. 29 y calle 6 se encuentra el punto verde, donde pueden acercarse, pl\u00e1stico, papel, cart\u00f3n, metales y vidrios.&nbsp;<\/p>\n\n\n\n<p>Por Prensa Municipal<\/p>\n","protected":false},"excerpt":{"rendered":"<p>El Municipio de Mercedes, a trav\u00e9s del \u00e1rea de ambiente, y en un trabajo mancomunado con el MTE y la &#8230; <a title=\"Reciclado de cartones y papel con la cooperativa\" class=\"read-more\" href=\"https:\/\/www.hoymercedes.com.ar\/principal\/2020\/08\/20\/reciclado-de-cartones-y-papel-con-la-cooperativa\/\" aria-label=\"Leer m\u00e1s sobre Reciclado de cartones y papel con la cooperativa\">Leer m\u00e1s<\/a><\/p>\n","protected":false},"author":1,"featured_media":115416,"comment_status":"closed","ping_status":"open","sticky":false,"template":"","format":"standard","meta":{"_monsterinsights_skip_tracking":false,"_monsterinsights_sitenote_active":false,"_monsterinsights_sitenote_note":"","_monsterinsights_sitenote_category":0,"jetpack_post_was_ever_published":false,"_jetpack_newsletter_access":"","_jetpack_dont_email_post_to_subs":false,"_jetpack_newsletter_tier_id":0,"_jetpack_memberships_contains_paywalled_content":false,"_jetpack_memberships_contains_paid_content":false,"footnotes":"","jetpack_publicize_message":"","jetpack_publicize_feature_enabled":true,"jetpack_social_post_already_shared":true,"jetpack_social_options":{"image_generator_settings":{"template":"highway","default_image_id":0,"font":"","enabled":false},"version":2},"_wpas_customize_per_network":false},"categories":[30],"tags":[16981,244],"class_list":["post-115414","post","type-post","status-publish","format-standard","has-post-thumbnail","hentry","category-municipio","tag-centro-de-reciclaje","tag-municipio-2","generate-columns","tablet-grid-50","mobile-grid-100","grid-parent","grid-50"],"jetpack_publicize_connections":[],"jetpack_featured_media_url":"https:\/\/www.hoymercedes.com.ar\/principal\/wp-content\/uploads\/2020\/08\/20-cartoneros.jpg","wps_subtitle":"Medio ambiente y trabajo","jetpack_sharing_enabled":true,"_links":{"self":[{"href":"https:\/\/www.hoymercedes.com.ar\/principal\/wp-json\/wp\/v2\/posts\/115414","targetHints":{"allow":["GET"]}}],"collection":[{"href":"https:\/\/www.hoymercedes.com.ar\/principal\/wp-json\/wp\/v2\/posts"}],"about":[{"href":"https:\/\/www.hoymercedes.com.ar\/principal\/wp-json\/wp\/v2\/types\/post"}],"author":[{"embeddable":true,"href":"https:\/\/www.hoymercedes.com.ar\/principal\/wp-json\/wp\/v2\/users\/1"}],"replies":[{"embeddable":true,"href":"https:\/\/www.hoymercedes.com.ar\/principal\/wp-json\/wp\/v2\/comments?post=115414"}],"version-history":[{"count":0,"href":"https:\/\/www.hoymercedes.com.ar\/principal\/wp-json\/wp\/v2\/posts\/115414\/revisions"}],"wp:featuredmedia":[{"embeddable":true,"href":"https:\/\/www.hoymercedes.com.ar\/principal\/wp-json\/wp\/v2\/media\/115416"}],"wp:attachment":[{"href":"https:\/\/www.hoymercedes.com.ar\/principal\/wp-json\/wp\/v2\/media?parent=115414"}],"wp:term":[{"taxonomy":"category","embeddable":true,"href":"https:\/\/www.hoymercedes.com.ar\/principal\/wp-json\/wp\/v2\/categories?post=115414"},{"taxonomy":"post_tag","embeddable":true,"href":"https:\/\/www.hoymercedes.com.ar\/principal\/wp-json\/wp\/v2\/tags?post=115414"}],"curies":[{"name":"wp","href":"https:\/\/api.w.org\/{rel}","templated":true}]}}