{"id":115434,"date":"2020-08-20T16:13:10","date_gmt":"2020-08-20T19:13:10","guid":{"rendered":"http:\/\/www.hoymercedes.com.ar\/principal\/?p=115434"},"modified":"2020-08-20T23:14:45","modified_gmt":"2020-08-21T02:14:45","slug":"reunion-con-instituciones-educativas-para-pensar-en-la-post-pandemia","status":"publish","type":"post","link":"https:\/\/www.hoymercedes.com.ar\/principal\/2020\/08\/20\/reunion-con-instituciones-educativas-para-pensar-en-la-post-pandemia\/","title":{"rendered":"Reuni\u00f3n con instituciones educativas para pensar en la post pandemia"},"content":{"rendered":"\n<p>En el marco de las reuniones que desde el Municipio de Mercedes se realizan con distintas instituciones, se formaliz\u00f3 una reuni\u00f3n con referentes y responsables de diferentes instituciones educativas. El fin del encuentro fue plantear la situaci\u00f3n actual en materia de educaci\u00f3n y en planear acciones y protocolos para una posible vuelta a clases presenciales cuando la pandemia pase<\/p>\n\n\n\n<p>En la reuni\u00f3n que cont\u00f3 con la presencia de Consejeros Escolares, Inspectores y Directivos, adem\u00e1s de las autoridades comunales y sanitarias, se plantearon inquitudes, se intercambiaron ideas y opiniones, se analiz\u00f3 la situaci\u00f3n actual de la educaci\u00f3n en pandemia, la realidad de cada instituci\u00f3n y se pensaron acciones y medidas a tomar en caso de permitirse la reapetura de las escuelas y las clases presenciales. <\/p>\n\n\n\n<p>Por el momento solo fueron ideas y el puntapie para pensar en las opciones que se viene planteando desde el \u00e1mbito educativo, como protocolos para que la presencia sea a distancia, con pocos cursos y alumnos en los edificios y medidas sanitarias de desinfecci\u00f3n permanente. <\/p>\n\n\n\n<div class=\"wp-block-image\"><figure class=\"aligncenter size-large\"><img loading=\"lazy\" decoding=\"async\" width=\"800\" height=\"533\" data-attachment-id=\"115440\" data-permalink=\"https:\/\/www.hoymercedes.com.ar\/principal\/2020\/08\/20\/reunion-con-instituciones-educativas-para-pensar-en-la-post-pandemia\/whatsapp-image-2020-08-20-at-12-58-00\/#main\" data-orig-file=\"https:\/\/www.hoymercedes.com.ar\/principal\/wp-content\/uploads\/2020\/08\/WhatsApp-Image-2020-08-20-at-12.58.00.jpeg\" data-orig-size=\"800,533\" data-comments-opened=\"0\" data-image-meta=\"{&quot;aperture&quot;:&quot;0&quot;,&quot;credit&quot;:&quot;&quot;,&quot;camera&quot;:&quot;&quot;,&quot;caption&quot;:&quot;&quot;,&quot;created_timestamp&quot;:&quot;0&quot;,&quot;copyright&quot;:&quot;&quot;,&quot;focal_length&quot;:&quot;0&quot;,&quot;iso&quot;:&quot;0&quot;,&quot;shutter_speed&quot;:&quot;0&quot;,&quot;title&quot;:&quot;&quot;,&quot;orientation&quot;:&quot;0&quot;}\" data-image-title=\"WhatsApp Image 2020-08-20 at 12.58.00\" data-image-description=\"\" data-image-caption=\"\" data-large-file=\"https:\/\/www.hoymercedes.com.ar\/principal\/wp-content\/uploads\/2020\/08\/WhatsApp-Image-2020-08-20-at-12.58.00.jpeg\" src=\"https:\/\/www.hoymercedes.com.ar\/principal\/wp-content\/uploads\/2020\/08\/WhatsApp-Image-2020-08-20-at-12.58.00.jpeg\" alt=\"\" class=\"wp-image-115440\"\/><\/figure><\/div>\n","protected":false},"excerpt":{"rendered":"<p>En el marco de las reuniones que desde el Municipio de Mercedes se realizan con distintas instituciones, se formaliz\u00f3 una &#8230; <a title=\"Reuni\u00f3n con instituciones educativas para pensar en la post pandemia\" class=\"read-more\" href=\"https:\/\/www.hoymercedes.com.ar\/principal\/2020\/08\/20\/reunion-con-instituciones-educativas-para-pensar-en-la-post-pandemia\/\" aria-label=\"Leer m\u00e1s sobre Reuni\u00f3n con instituciones educativas para pensar en la post pandemia\">Leer m\u00e1s<\/a><\/p>\n","protected":false},"author":1,"featured_media":115440,"comment_status":"closed","ping_status":"open","sticky":false,"template":"","format":"standard","meta":{"_monsterinsights_skip_tracking":false,"_monsterinsights_sitenote_active":false,"_monsterinsights_sitenote_note":"","_monsterinsights_sitenote_category":0,"jetpack_post_was_ever_published":false,"_jetpack_newsletter_access":"","_jetpack_dont_email_post_to_subs":false,"_jetpack_newsletter_tier_id":0,"_jetpack_memberships_contains_paywalled_content":false,"_jetpack_memberships_contains_paid_content":false,"footnotes":"","jetpack_publicize_message":"","jetpack_publicize_feature_enabled":true,"jetpack_social_post_already_shared":true,"jetpack_social_options":{"image_generator_settings":{"template":"highway","default_image_id":0,"font":"","enabled":false},"version":2},"_wpas_customize_per_network":false},"categories":[30],"tags":[16175,16313,47,244,16554],"class_list":["post-115434","post","type-post","status-publish","format-standard","has-post-thumbnail","hentry","category-municipio","tag-coronavirus","tag-covid-19","tag-educacion-2","tag-municipio-2","tag-protocolos","generate-columns","tablet-grid-50","mobile-grid-100","grid-parent","grid-50"],"jetpack_publicize_connections":[],"jetpack_featured_media_url":"https:\/\/www.hoymercedes.com.ar\/principal\/wp-content\/uploads\/2020\/08\/WhatsApp-Image-2020-08-20-at-12.58.00.jpeg","wps_subtitle":"Encuentro","jetpack_sharing_enabled":true,"_links":{"self":[{"href":"https:\/\/www.hoymercedes.com.ar\/principal\/wp-json\/wp\/v2\/posts\/115434","targetHints":{"allow":["GET"]}}],"collection":[{"href":"https:\/\/www.hoymercedes.com.ar\/principal\/wp-json\/wp\/v2\/posts"}],"about":[{"href":"https:\/\/www.hoymercedes.com.ar\/principal\/wp-json\/wp\/v2\/types\/post"}],"author":[{"embeddable":true,"href":"https:\/\/www.hoymercedes.com.ar\/principal\/wp-json\/wp\/v2\/users\/1"}],"replies":[{"embeddable":true,"href":"https:\/\/www.hoymercedes.com.ar\/principal\/wp-json\/wp\/v2\/comments?post=115434"}],"version-history":[{"count":0,"href":"https:\/\/www.hoymercedes.com.ar\/principal\/wp-json\/wp\/v2\/posts\/115434\/revisions"}],"wp:featuredmedia":[{"embeddable":true,"href":"https:\/\/www.hoymercedes.com.ar\/principal\/wp-json\/wp\/v2\/media\/115440"}],"wp:attachment":[{"href":"https:\/\/www.hoymercedes.com.ar\/principal\/wp-json\/wp\/v2\/media?parent=115434"}],"wp:term":[{"taxonomy":"category","embeddable":true,"href":"https:\/\/www.hoymercedes.com.ar\/principal\/wp-json\/wp\/v2\/categories?post=115434"},{"taxonomy":"post_tag","embeddable":true,"href":"https:\/\/www.hoymercedes.com.ar\/principal\/wp-json\/wp\/v2\/tags?post=115434"}],"curies":[{"name":"wp","href":"https:\/\/api.w.org\/{rel}","templated":true}]}}