{"id":115456,"date":"2020-08-20T23:11:25","date_gmt":"2020-08-21T02:11:25","guid":{"rendered":"http:\/\/www.hoymercedes.com.ar\/principal\/?p=115456"},"modified":"2020-08-20T23:13:33","modified_gmt":"2020-08-21T02:13:33","slug":"coronavirus-en-mercedes-un-fallecimiento-y-11-casos-positivos-nuevos","status":"publish","type":"post","link":"https:\/\/www.hoymercedes.com.ar\/principal\/2020\/08\/20\/coronavirus-en-mercedes-un-fallecimiento-y-11-casos-positivos-nuevos\/","title":{"rendered":"Coronavirus en Mercedes: Un fallecimiento y 11 casos positivos nuevos"},"content":{"rendered":"\n<p>La informaci\u00f3n local en cuanto a la situaci\u00f3n de la pandemia de covid-19, da cuenta del fallecimiento de una mujer de 65 a\u00f1os que era portadora del Sars-cov2. Asimismo, confirmaron 11 nuevos pacientes con covid positivo entre los 63 an\u00e1lisis realizados este jueves en el Laboratorio de Virolog\u00eda Molecular. En el \u00e1mbito nacional se confirmaron 8225 nuevos positivos de covid-19 y  se sumaron 187 fallecimientos en todo el pa\u00eds. <\/p>\n\n\n\n<figure class=\"wp-block-image size-large\"><img loading=\"lazy\" decoding=\"async\" width=\"900\" height=\"900\" data-attachment-id=\"115466\" data-permalink=\"https:\/\/www.hoymercedes.com.ar\/principal\/2020\/08\/20\/coronavirus-en-mercedes-un-fallecimiento-y-11-casos-positivos-nuevos\/whatsapp-image-2020-08-20-at-22-22-13\/#main\" data-orig-file=\"https:\/\/www.hoymercedes.com.ar\/principal\/wp-content\/uploads\/2020\/08\/WhatsApp-Image-2020-08-20-at-22.22.13.jpeg\" data-orig-size=\"900,900\" data-comments-opened=\"0\" data-image-meta=\"{&quot;aperture&quot;:&quot;0&quot;,&quot;credit&quot;:&quot;&quot;,&quot;camera&quot;:&quot;&quot;,&quot;caption&quot;:&quot;&quot;,&quot;created_timestamp&quot;:&quot;0&quot;,&quot;copyright&quot;:&quot;&quot;,&quot;focal_length&quot;:&quot;0&quot;,&quot;iso&quot;:&quot;0&quot;,&quot;shutter_speed&quot;:&quot;0&quot;,&quot;title&quot;:&quot;&quot;,&quot;orientation&quot;:&quot;0&quot;}\" data-image-title=\"WhatsApp-Image-2020-08-20-at-22.22.13\" data-image-description=\"\" data-image-caption=\"\" data-large-file=\"https:\/\/www.hoymercedes.com.ar\/principal\/wp-content\/uploads\/2020\/08\/WhatsApp-Image-2020-08-20-at-22.22.13.jpeg\" src=\"https:\/\/www.hoymercedes.com.ar\/principal\/wp-content\/uploads\/2020\/08\/WhatsApp-Image-2020-08-20-at-22.22.13.jpeg\" alt=\"\" class=\"wp-image-115466\"\/><\/figure>\n\n\n\n<p>El informe enviado por el Municipio de Mercedes y el Hospital Blas L. Dubarry expresa: <\/p>\n\n\n\n<p>\u00abEn el d\u00eda de la fecha el Laboratorio de Virolog\u00eda Molecular Municipal por medio de los procesos cient\u00edficos que lleva adelante cotidianamente detect\u00f3 11 nuevos casos para covid-19.<br>Al d\u00eda de la fecha tenemos 44 casos activos y 515 desde iniciada la pandemia.<br>Lamentamos informar el fallecimiento de una vecina de 65 a\u00f1os de edad con complejidades m\u00e9dicas siendo adem\u00e1s portadora del virus.<br>En seguimiento por contacto estrecho contin\u00faan a instancias del Centro de Teleseguimiento con 93 operadores socio sanitarios 328 mercedinos.<br>En cuanto al Centro de Aislamiento Sanitario II con todas las normas socio sanitarias y un fuerte trabajo de Salud, Protecci\u00f3n Civil, SAME, Seguridad, Desarrollo Social y Servicios P\u00fablicos tiene 1 paciente alojado, aislado y monitoreado\u00bb.<\/p>\n\n\n\n<p><strong>Informe nacional<\/strong><\/p>\n\n\n\n<p>El \u00e1rea de Salud de Naci\u00f3n confirm\u00f3 este jueves 8.225 nuevos casos de COVID-19. Del total del d\u00eda, la provincia de Buenos Aires suma 5.245 positivos y la Ciudad de Buenos Aires, 1.280. El resto de los positivos del d\u00eda son de: Catamarca 1; Chaco 95; Chubut 18; C\u00f3rdoba 181; Corrientes 3; Entre R\u00edos 51; Formosa 1; Jujuy 264; La Pampa 1; La Rioja 22; Mendoza 267; Neuqu\u00e9n 59; R\u00edo Negro 161; Salta 99; San Juan 13; San Luis 3; Santa Cruz 33; Santa Fe 290; Santiago del Estero 38; Tierra del Fuego 47 y Tucum\u00e1n 55. Con estos registros, suman 320.884 positivos en el pa\u00eds.<\/p>\n\n\n\n<p>Asimismo, confirmaron que 187 personas m\u00e1s fallecieron con el virus. En el informe matutino dieron cuenta de las primeras 76: 47 hombres (32 residentes en la provincia de Buenos Aires; 6 residentes en la Ciudad de Buenos Aires; un residente en la provincia de Chaco; un residente en la provincia de Jujuy; 2 residentes en la provincia de Mendoza; un residente en la provincia de Neuqu\u00e9n; un residente en la provincia de R\u00edo Negro; y 3 residentes en la provincia de Santa Cruz) y 29 mujeres (14 residentes en la provincia de Buenos Aires; 10 residentes en la Ciudad de Buenos Aires; 2 residente en la provincia de R\u00edo Negro; un residente en la provincia de Chaco, un residente en la provincia de Tierra del Fuego; y un residente en la provincia de Tucum\u00e1n). <\/p>\n\n\n\n<p>En tanto, en el informe vespertino anunciaron el resto de los fallecimientos: 76 hombres (42 residentes en la provincia de Buenos Aires; 12 residentes en la Ciudad de Buenos Aires; un residente en la provincia de Chubut; 4 residentes en la provincia de C\u00f3rdoba; 8 residentes en la provincia de Jujuy; 2 residentes en la provincia de Mendoza; un residente en la provincia de R\u00edo Negro; 2 residentes en la provincia de Salta; 3 residentes en la provincia de Santa Cruz; un residente en la provincia de Santa Fe) y 35 mujeres (16 residentes en la provincia de Buenos Aires; 8 residentes en la Ciudad de Buenos Aires; una residente en la provincia de C\u00f3rdoba; 6 residentes en la provincia de Jujuy; 2 residentes en la provincia de R\u00edo Negro; y una en la provincia de Santa Fe). Al momento la cantidad de personas fallecidas es 6.517.<\/p>\n","protected":false},"excerpt":{"rendered":"<p>La informaci\u00f3n local en cuanto a la situaci\u00f3n de la pandemia de covid-19, da cuenta del fallecimiento de una mujer &#8230; <a title=\"Coronavirus en Mercedes: Un fallecimiento y 11 casos positivos nuevos\" class=\"read-more\" href=\"https:\/\/www.hoymercedes.com.ar\/principal\/2020\/08\/20\/coronavirus-en-mercedes-un-fallecimiento-y-11-casos-positivos-nuevos\/\" aria-label=\"Leer m\u00e1s sobre Coronavirus en Mercedes: Un fallecimiento y 11 casos positivos nuevos\">Leer m\u00e1s<\/a><\/p>\n","protected":false},"author":1,"featured_media":115466,"comment_status":"closed","ping_status":"open","sticky":false,"template":"","format":"standard","meta":{"_monsterinsights_skip_tracking":false,"_monsterinsights_sitenote_active":false,"_monsterinsights_sitenote_note":"","_monsterinsights_sitenote_category":0,"jetpack_post_was_ever_published":false,"_jetpack_newsletter_access":"","_jetpack_dont_email_post_to_subs":false,"_jetpack_newsletter_tier_id":0,"_jetpack_memberships_contains_paywalled_content":false,"_jetpack_memberships_contains_paid_content":false,"footnotes":"","jetpack_publicize_message":"","jetpack_publicize_feature_enabled":true,"jetpack_social_post_already_shared":true,"jetpack_social_options":{"image_generator_settings":{"template":"highway","default_image_id":0,"font":"","enabled":false},"version":2},"_wpas_customize_per_network":false},"categories":[9791],"tags":[16428,16561,16175,16313,134],"class_list":["post-115456","post","type-post","status-publish","format-standard","has-post-thumbnail","hentry","category-salud","tag-casos-positivos","tag-cierre-del-dia","tag-coronavirus","tag-covid-19","tag-salud","generate-columns","tablet-grid-50","mobile-grid-100","grid-parent","grid-50"],"jetpack_publicize_connections":[],"jetpack_featured_media_url":"https:\/\/www.hoymercedes.com.ar\/principal\/wp-content\/uploads\/2020\/08\/WhatsApp-Image-2020-08-20-at-22.22.13.jpeg","wps_subtitle":"Cierre del d\u00eda","jetpack_sharing_enabled":true,"_links":{"self":[{"href":"https:\/\/www.hoymercedes.com.ar\/principal\/wp-json\/wp\/v2\/posts\/115456","targetHints":{"allow":["GET"]}}],"collection":[{"href":"https:\/\/www.hoymercedes.com.ar\/principal\/wp-json\/wp\/v2\/posts"}],"about":[{"href":"https:\/\/www.hoymercedes.com.ar\/principal\/wp-json\/wp\/v2\/types\/post"}],"author":[{"embeddable":true,"href":"https:\/\/www.hoymercedes.com.ar\/principal\/wp-json\/wp\/v2\/users\/1"}],"replies":[{"embeddable":true,"href":"https:\/\/www.hoymercedes.com.ar\/principal\/wp-json\/wp\/v2\/comments?post=115456"}],"version-history":[{"count":0,"href":"https:\/\/www.hoymercedes.com.ar\/principal\/wp-json\/wp\/v2\/posts\/115456\/revisions"}],"wp:featuredmedia":[{"embeddable":true,"href":"https:\/\/www.hoymercedes.com.ar\/principal\/wp-json\/wp\/v2\/media\/115466"}],"wp:attachment":[{"href":"https:\/\/www.hoymercedes.com.ar\/principal\/wp-json\/wp\/v2\/media?parent=115456"}],"wp:term":[{"taxonomy":"category","embeddable":true,"href":"https:\/\/www.hoymercedes.com.ar\/principal\/wp-json\/wp\/v2\/categories?post=115456"},{"taxonomy":"post_tag","embeddable":true,"href":"https:\/\/www.hoymercedes.com.ar\/principal\/wp-json\/wp\/v2\/tags?post=115456"}],"curies":[{"name":"wp","href":"https:\/\/api.w.org\/{rel}","templated":true}]}}