{"id":115492,"date":"2020-08-21T12:37:37","date_gmt":"2020-08-21T15:37:37","guid":{"rendered":"http:\/\/www.hoymercedes.com.ar\/principal\/?p=115492"},"modified":"2020-08-21T16:41:24","modified_gmt":"2020-08-21T19:41:24","slug":"tenis-y-gimnasios-vuelven-a-partir-de-este-lunes-pero-con-restricciones","status":"publish","type":"post","link":"https:\/\/www.hoymercedes.com.ar\/principal\/2020\/08\/21\/tenis-y-gimnasios-vuelven-a-partir-de-este-lunes-pero-con-restricciones\/","title":{"rendered":"Tenis y gimnasios vuelven a partir de este lunes, pero con restricciones"},"content":{"rendered":"\n<p>M\u00e1s all\u00e1 que el intendente Juan Ignacio Ustarroz hab\u00eda se\u00f1alado que el deporte en Mercedes iba a volver cuando \u00abla ciudad est\u00e9 en fase 5\u00bb, luego que la provincia de Buenos Aires emitiera el decreto 1518\/2020 que daba el permiso a la pr\u00e1ctica de deportes individuales, desde el municipio accionaron r\u00e1pido para poner en marcha esta actividad.<\/p>\n\n\n\n<figure class=\"wp-block-gallery columns-1 is-cropped wp-block-gallery-1 is-layout-flex wp-block-gallery-is-layout-flex\"><ul class=\"blocks-gallery-grid\"><li class=\"blocks-gallery-item\"><figure><img loading=\"lazy\" decoding=\"async\" width=\"696\" height=\"696\" data-attachment-id=\"115493\" data-permalink=\"https:\/\/www.hoymercedes.com.ar\/principal\/2020\/08\/21\/tenis-y-gimnasios-vuelven-a-partir-de-este-lunes-pero-con-restricciones\/hernan-ricaldoni-poroto-pisoni\/#main\" data-orig-file=\"https:\/\/www.hoymercedes.com.ar\/principal\/wp-content\/uploads\/2020\/08\/Hernan-Ricaldoni-Poroto-Pisoni.jpg\" data-orig-size=\"696,696\" data-comments-opened=\"0\" data-image-meta=\"{&quot;aperture&quot;:&quot;0&quot;,&quot;credit&quot;:&quot;&quot;,&quot;camera&quot;:&quot;&quot;,&quot;caption&quot;:&quot;&quot;,&quot;created_timestamp&quot;:&quot;0&quot;,&quot;copyright&quot;:&quot;&quot;,&quot;focal_length&quot;:&quot;0&quot;,&quot;iso&quot;:&quot;0&quot;,&quot;shutter_speed&quot;:&quot;0&quot;,&quot;title&quot;:&quot;&quot;,&quot;orientation&quot;:&quot;0&quot;}\" data-image-title=\"Hernan-Ricaldoni-Poroto-Pisoni\" data-image-description=\"\" data-image-caption=\"\" data-large-file=\"https:\/\/www.hoymercedes.com.ar\/principal\/wp-content\/uploads\/2020\/08\/Hernan-Ricaldoni-Poroto-Pisoni.jpg\" src=\"https:\/\/www.hoymercedes.com.ar\/principal\/wp-content\/uploads\/2020\/08\/Hernan-Ricaldoni-Poroto-Pisoni.jpg\" alt=\"\" data-id=\"115493\" data-link=\"https:\/\/www.hoymercedes.com.ar\/principal\/?attachment_id=115493\" class=\"wp-image-115493\"\/><\/figure><\/li><\/ul><\/figure>\n\n\n\n<p>Es por eso que se realiz\u00f3 una reuni\u00f3n con los profesores de tenis de la ciudad y los due\u00f1os de los gimnasios para trabajar en el tema y de esta manera se acord\u00f3 comenzar las actividades a partir de este lunes 24 de agosto. De esta manera, el tenis es el primer deporte en regresar a la actividad en Mercedes, siempre rigi\u00e9ndose de los procotolos establecidos por la Asociaci\u00f3n Argentina de Tenis y aprobados por el Ministerio de Salud de la Naci\u00f3n.<\/p>\n\n\n\n<p>En di\u00e1logo con el programa Por El Buen Camino, que se emite de lunes a viernes de 10 a 12 por FM Santa Mar\u00eda, uno de los responsables de la Escuela de Tenis de la Liga de Padres de Familia y del Club Mercedes, Hern\u00e1n Ricaldoni, se\u00f1al\u00f3 que est\u00e1n \u00abMuy contentos y entusiasmados. Los clubes deben permanecer cerrados El alumno tiene que llegar, lo dirigimos a la cancha, tomamos la clase que va hacer de una hora y se retira. No pueden permanecer en el club antes o despu\u00e9s del entrenamiento. Nosotros vamos a poner las pelotas, pero los alumnos no la van a tocar, de esa manera minimizamos las posibilidades de riesgo. El protocolo permite dos alumnos y un profesor por cancha y estimamos que martes o mi\u00e9rcoles de la semana que viene podemos empezar\u201d&nbsp;.<\/p>\n\n\n\n<p>Cabe destacar que si bien las canchas de tenis est\u00e1n dentro de campos deportivos de clubes (Ateneo, Mercedes y Estudiantes), los mismos no est\u00e1n abiertos al p\u00fablico ni a otros deportistas, y que s\u00f3lo podr\u00e1n ingresar alumnos de las escuelas. <\/p>\n\n\n\n<p><strong>Gimnasios<\/strong><\/p>\n\n\n\n<p>En cuanto a esta actividad, los locales permanecer\u00e1n cerrados. Sin embargo, los due\u00f1os o empleados de los mismos podr\u00e1n comenzar a trabajar con sus asociados en espacios al aire libre, por lo que se abre otra actividad, que es la de personal trainer. La municipalidad ya diagram\u00f3 sectores del Parque Municipal Independencia para que \u00e9sto se pueda realizar. La clave estar\u00e1 en que ser\u00e1n clases personalizadas o, como mucho, con dos personas m\u00e1s el profesor.<\/p>\n","protected":false},"excerpt":{"rendered":"<p>M\u00e1s all\u00e1 que el intendente Juan Ignacio Ustarroz hab\u00eda se\u00f1alado que el deporte en Mercedes iba a volver cuando \u00abla &#8230; <a title=\"Tenis y gimnasios vuelven a partir de este lunes, pero con restricciones\" class=\"read-more\" href=\"https:\/\/www.hoymercedes.com.ar\/principal\/2020\/08\/21\/tenis-y-gimnasios-vuelven-a-partir-de-este-lunes-pero-con-restricciones\/\" aria-label=\"Leer m\u00e1s sobre Tenis y gimnasios vuelven a partir de este lunes, pero con restricciones\">Leer m\u00e1s<\/a><\/p>\n","protected":false},"author":1,"featured_media":115493,"comment_status":"closed","ping_status":"open","sticky":false,"template":"","format":"standard","meta":{"_monsterinsights_skip_tracking":false,"_monsterinsights_sitenote_active":false,"_monsterinsights_sitenote_note":"","_monsterinsights_sitenote_category":0,"jetpack_post_was_ever_published":false,"_jetpack_newsletter_access":"","_jetpack_dont_email_post_to_subs":false,"_jetpack_newsletter_tier_id":0,"_jetpack_memberships_contains_paywalled_content":false,"_jetpack_memberships_contains_paid_content":false,"footnotes":"","jetpack_publicize_message":"","jetpack_publicize_feature_enabled":true,"jetpack_social_post_already_shared":true,"jetpack_social_options":{"image_generator_settings":{"template":"highway","default_image_id":0,"font":"","enabled":false},"version":2},"_wpas_customize_per_network":false},"categories":[21],"tags":[16175,16989,6924],"class_list":["post-115492","post","type-post","status-publish","format-standard","has-post-thumbnail","hentry","category-deportes","tag-coronavirus","tag-hernan-ricaldoni-2","tag-tenis","generate-columns","tablet-grid-50","mobile-grid-100","grid-parent","grid-50"],"jetpack_publicize_connections":[],"jetpack_featured_media_url":"https:\/\/www.hoymercedes.com.ar\/principal\/wp-content\/uploads\/2020\/08\/Hernan-Ricaldoni-Poroto-Pisoni.jpg","wps_subtitle":"Tenis","jetpack_sharing_enabled":true,"_links":{"self":[{"href":"https:\/\/www.hoymercedes.com.ar\/principal\/wp-json\/wp\/v2\/posts\/115492","targetHints":{"allow":["GET"]}}],"collection":[{"href":"https:\/\/www.hoymercedes.com.ar\/principal\/wp-json\/wp\/v2\/posts"}],"about":[{"href":"https:\/\/www.hoymercedes.com.ar\/principal\/wp-json\/wp\/v2\/types\/post"}],"author":[{"embeddable":true,"href":"https:\/\/www.hoymercedes.com.ar\/principal\/wp-json\/wp\/v2\/users\/1"}],"replies":[{"embeddable":true,"href":"https:\/\/www.hoymercedes.com.ar\/principal\/wp-json\/wp\/v2\/comments?post=115492"}],"version-history":[{"count":0,"href":"https:\/\/www.hoymercedes.com.ar\/principal\/wp-json\/wp\/v2\/posts\/115492\/revisions"}],"wp:featuredmedia":[{"embeddable":true,"href":"https:\/\/www.hoymercedes.com.ar\/principal\/wp-json\/wp\/v2\/media\/115493"}],"wp:attachment":[{"href":"https:\/\/www.hoymercedes.com.ar\/principal\/wp-json\/wp\/v2\/media?parent=115492"}],"wp:term":[{"taxonomy":"category","embeddable":true,"href":"https:\/\/www.hoymercedes.com.ar\/principal\/wp-json\/wp\/v2\/categories?post=115492"},{"taxonomy":"post_tag","embeddable":true,"href":"https:\/\/www.hoymercedes.com.ar\/principal\/wp-json\/wp\/v2\/tags?post=115492"}],"curies":[{"name":"wp","href":"https:\/\/api.w.org\/{rel}","templated":true}]}}