{"id":115539,"date":"2020-08-22T15:43:01","date_gmt":"2020-08-22T18:43:01","guid":{"rendered":"http:\/\/www.hoymercedes.com.ar\/principal\/?p=115539"},"modified":"2020-08-22T21:11:23","modified_gmt":"2020-08-23T00:11:23","slug":"continua-la-campana-de-prevencion-del-dengue-y-descacharreo","status":"publish","type":"post","link":"https:\/\/www.hoymercedes.com.ar\/principal\/2020\/08\/22\/continua-la-campana-de-prevencion-del-dengue-y-descacharreo\/","title":{"rendered":"Contin\u00faa la campa\u00f1a de prevenci\u00f3n del dengue y descacharreo"},"content":{"rendered":"\n<p>El Comit\u00e9 Operativo de Emergencia contin\u00faa recorriendo los barrios de la ciudad con un programa de prevenci\u00f3n y cuidados ante el dengue. Por eso el descacharreo es fundamental y se articulan acciones con Servicios P\u00fablicos. El COE tambi\u00e9n ha hecho un relevamiento \u00fanico sobre el covid, pandemia que no deja de estar vigente en la agenda socio sanitaria de la Comuna. \u00a0<\/p>\n\n\n\n<p>Desde hace casi 15 d\u00edas se est\u00e1 actuando en los barrios. La denominada zona 1 ya fue relevada y con actuaci\u00f3n de las cuadrillas del Corral\u00f3n para levantar los cacharros desechados por los vecinos. Es importante destacar que en los objetos abandonados se acumulan agua siendo el elemento clave para la incubaci\u00f3n de mosquito transmisor del dengue. &nbsp;<\/p>\n\n\n\n<p>Ya se hizo en Marchetti, Unidad y Progreso, San Justo, La Amistad, Unzu\u00e9, Redes, Malvinas Argentinas y este fin de semana se efectu\u00f3 el recorrido personalizado de prevenci\u00f3n en 12 de octubre, Belgrano y Ravello mientras que el lunes se retirar\u00e1n cacharros en Facundo Quiroga I y II e Hip\u00f3lito Yrigoyen. &nbsp;<\/p>\n\n\n\n<p>Fernando Mass\u00f3n, coordinador del COE, record\u00f3 que \u201cel intendente Ustarroz nos encomend\u00f3 que no dejemos de trabajar fuerte sobre el coronavirus, pero que tambi\u00e9n actuemos y reforcemos las medidas de prevenci\u00f3n del dengue, una enfermedad peligrosa que est\u00e1 muy activa en todo el pa\u00eds\u201d coment\u00f3. &nbsp;<\/p>\n\n\n\n<p>Ustarroz, por su parte, volvi\u00f3 a ponderar el \u201cgran trabajo de los Comit\u00e9 Operativos de Emergencia Barrial\u201d ya que son \u201cun dispositivo de cercan\u00eda que permite seguir articulando y concretando medidas de cuidado de la salud de nuestro pueblo\u201d, entre otros conceptos. \u00a0<\/p>\n\n\n\n<div class=\"wp-block-image\"><figure class=\"aligncenter size-large\"><img loading=\"lazy\" decoding=\"async\" width=\"800\" height=\"533\" data-attachment-id=\"115540\" data-permalink=\"https:\/\/www.hoymercedes.com.ar\/principal\/2020\/08\/22\/continua-la-campana-de-prevencion-del-dengue-y-descacharreo\/2-1-4\/#main\" data-orig-file=\"https:\/\/www.hoymercedes.com.ar\/principal\/wp-content\/uploads\/2020\/08\/2-1.jpeg\" data-orig-size=\"800,533\" data-comments-opened=\"0\" data-image-meta=\"{&quot;aperture&quot;:&quot;0&quot;,&quot;credit&quot;:&quot;&quot;,&quot;camera&quot;:&quot;&quot;,&quot;caption&quot;:&quot;&quot;,&quot;created_timestamp&quot;:&quot;0&quot;,&quot;copyright&quot;:&quot;&quot;,&quot;focal_length&quot;:&quot;0&quot;,&quot;iso&quot;:&quot;0&quot;,&quot;shutter_speed&quot;:&quot;0&quot;,&quot;title&quot;:&quot;&quot;,&quot;orientation&quot;:&quot;0&quot;}\" data-image-title=\"2 (1)\" data-image-description=\"\" data-image-caption=\"\" data-large-file=\"https:\/\/www.hoymercedes.com.ar\/principal\/wp-content\/uploads\/2020\/08\/2-1.jpeg\" src=\"https:\/\/www.hoymercedes.com.ar\/principal\/wp-content\/uploads\/2020\/08\/2-1.jpeg\" alt=\"\" class=\"wp-image-115540\"\/><\/figure><\/div>\n","protected":false},"excerpt":{"rendered":"<p>El Comit\u00e9 Operativo de Emergencia contin\u00faa recorriendo los barrios de la ciudad con un programa de prevenci\u00f3n y cuidados ante &#8230; <a title=\"Contin\u00faa la campa\u00f1a de prevenci\u00f3n del dengue y descacharreo\" class=\"read-more\" href=\"https:\/\/www.hoymercedes.com.ar\/principal\/2020\/08\/22\/continua-la-campana-de-prevencion-del-dengue-y-descacharreo\/\" aria-label=\"Leer m\u00e1s sobre Contin\u00faa la campa\u00f1a de prevenci\u00f3n del dengue y descacharreo\">Leer m\u00e1s<\/a><\/p>\n","protected":false},"author":1,"featured_media":115540,"comment_status":"closed","ping_status":"open","sticky":false,"template":"","format":"standard","meta":{"_monsterinsights_skip_tracking":false,"_monsterinsights_sitenote_active":false,"_monsterinsights_sitenote_note":"","_monsterinsights_sitenote_category":0,"jetpack_post_was_ever_published":false,"_jetpack_newsletter_access":"","_jetpack_dont_email_post_to_subs":false,"_jetpack_newsletter_tier_id":0,"_jetpack_memberships_contains_paywalled_content":false,"_jetpack_memberships_contains_paid_content":false,"footnotes":"","jetpack_publicize_message":"","jetpack_publicize_feature_enabled":true,"jetpack_social_post_already_shared":true,"jetpack_social_options":{"image_generator_settings":{"template":"highway","default_image_id":0,"font":"","enabled":false},"version":2},"_wpas_customize_per_network":false},"categories":[30],"tags":[16700,9089,244],"class_list":["post-115539","post","type-post","status-publish","format-standard","has-post-thumbnail","hentry","category-municipio","tag-comite-de-emergencia","tag-dengue","tag-municipio-2","generate-columns","tablet-grid-50","mobile-grid-100","grid-parent","grid-50"],"jetpack_publicize_connections":[],"jetpack_featured_media_url":"https:\/\/www.hoymercedes.com.ar\/principal\/wp-content\/uploads\/2020\/08\/2-1.jpeg","wps_subtitle":"Operativo en los barrios","jetpack_sharing_enabled":true,"_links":{"self":[{"href":"https:\/\/www.hoymercedes.com.ar\/principal\/wp-json\/wp\/v2\/posts\/115539","targetHints":{"allow":["GET"]}}],"collection":[{"href":"https:\/\/www.hoymercedes.com.ar\/principal\/wp-json\/wp\/v2\/posts"}],"about":[{"href":"https:\/\/www.hoymercedes.com.ar\/principal\/wp-json\/wp\/v2\/types\/post"}],"author":[{"embeddable":true,"href":"https:\/\/www.hoymercedes.com.ar\/principal\/wp-json\/wp\/v2\/users\/1"}],"replies":[{"embeddable":true,"href":"https:\/\/www.hoymercedes.com.ar\/principal\/wp-json\/wp\/v2\/comments?post=115539"}],"version-history":[{"count":0,"href":"https:\/\/www.hoymercedes.com.ar\/principal\/wp-json\/wp\/v2\/posts\/115539\/revisions"}],"wp:featuredmedia":[{"embeddable":true,"href":"https:\/\/www.hoymercedes.com.ar\/principal\/wp-json\/wp\/v2\/media\/115540"}],"wp:attachment":[{"href":"https:\/\/www.hoymercedes.com.ar\/principal\/wp-json\/wp\/v2\/media?parent=115539"}],"wp:term":[{"taxonomy":"category","embeddable":true,"href":"https:\/\/www.hoymercedes.com.ar\/principal\/wp-json\/wp\/v2\/categories?post=115539"},{"taxonomy":"post_tag","embeddable":true,"href":"https:\/\/www.hoymercedes.com.ar\/principal\/wp-json\/wp\/v2\/tags?post=115539"}],"curies":[{"name":"wp","href":"https:\/\/api.w.org\/{rel}","templated":true}]}}