{"id":115545,"date":"2020-08-22T18:02:39","date_gmt":"2020-08-22T21:02:39","guid":{"rendered":"http:\/\/www.hoymercedes.com.ar\/principal\/?p=115545"},"modified":"2020-08-22T21:11:05","modified_gmt":"2020-08-23T00:11:05","slug":"un-hombre-y-su-nieto-fueron-hallados-sin-vida-en-un-contenedor","status":"publish","type":"post","link":"https:\/\/www.hoymercedes.com.ar\/principal\/2020\/08\/22\/un-hombre-y-su-nieto-fueron-hallados-sin-vida-en-un-contenedor\/","title":{"rendered":"Un hombre y su nieto fueron hallados sin vida en un contenedor"},"content":{"rendered":"\n<p>Ocurri\u00f3 este viernes en la localidad de Luj\u00e1n. El contenedor fue instalado por una empresa de vigilancia para cuidar un predio que se intent\u00f3 usurpar. Las v\u00edctimas ten\u00edan 60 y 14 a\u00f1os y eran oriundas de Moreno, inform\u00f3 la Polic\u00eda de la vecina localidad. La causa de las muertes habr\u00eda sido por inhalaci\u00f3n de mon\u00f3xido de carbono. Investiga UFI descentralizada del Departamento Judicial Mercedes. <\/p>\n\n\n\n<div class=\"wp-block-image\"><figure class=\"aligncenter size-large\"><img loading=\"lazy\" decoding=\"async\" width=\"696\" height=\"457\" data-attachment-id=\"115546\" data-permalink=\"https:\/\/www.hoymercedes.com.ar\/principal\/2020\/08\/22\/un-hombre-y-su-nieto-fueron-hallados-sin-vida-en-un-contenedor\/22-lujan-muerte\/#main\" data-orig-file=\"https:\/\/www.hoymercedes.com.ar\/principal\/wp-content\/uploads\/2020\/08\/22-lujan-muerte.jpeg\" data-orig-size=\"696,457\" data-comments-opened=\"0\" data-image-meta=\"{&quot;aperture&quot;:&quot;0&quot;,&quot;credit&quot;:&quot;&quot;,&quot;camera&quot;:&quot;&quot;,&quot;caption&quot;:&quot;&quot;,&quot;created_timestamp&quot;:&quot;0&quot;,&quot;copyright&quot;:&quot;&quot;,&quot;focal_length&quot;:&quot;0&quot;,&quot;iso&quot;:&quot;0&quot;,&quot;shutter_speed&quot;:&quot;0&quot;,&quot;title&quot;:&quot;&quot;,&quot;orientation&quot;:&quot;0&quot;}\" data-image-title=\"22 lujan muerte\" data-image-description=\"\" data-image-caption=\"&lt;p&gt;Fotograf\u00eda: Luj\u00e1n Hoy Web&lt;\/p&gt;\n\" data-large-file=\"https:\/\/www.hoymercedes.com.ar\/principal\/wp-content\/uploads\/2020\/08\/22-lujan-muerte.jpeg\" src=\"https:\/\/www.hoymercedes.com.ar\/principal\/wp-content\/uploads\/2020\/08\/22-lujan-muerte.jpeg\" alt=\"\" class=\"wp-image-115546\"\/><figcaption>Fotograf\u00eda: Luj\u00e1n Hoy Web<\/figcaption><\/figure><\/div>\n\n\n\n<p>En el barrio Ameghno de la ciudad de Luj\u00e1n, este viernes un hombre y su nieto fueron encontrados sin vida en el interior de un container adaptado por una empresa de vigilancia para que los vigiladores cuiden un predio. Seg\u00fan inform\u00f3 la Polic\u00eda de dicha ciudad, aparentemente la muerte se habr\u00eda producido por la inhalaci\u00f3n de mon\u00f3xido de carbono.<\/p>\n\n\n\n<p>Las v\u00edctimas ten\u00edan 60 y 14 a\u00f1os y eran oriundas de Moreno. Respecto de lo sucedido, desde la Comisar\u00eda Luj\u00e1n Primera se\u00f1alaron que a las 9.30 tomaron conocimiento de lo sucedido y r\u00e1pidamente se hicieron presentes en el predio ubicado en Libertad y del Pilar del barrio Ameghino. Se trata del mismo lugar que hace alrededor de un a\u00f1o intent\u00f3 ser ocupado y deriv\u00f3 en la contrataci\u00f3n de la empresa de vigilancia por parte de su due\u00f1o.<\/p>\n\n\n\n<p>Una vez all\u00ed, un hombre que tambi\u00e9n trabaja para la empresa de vigilancia y seguridad y que se hab\u00eda hecho presente en el predio para relevar a la v\u00edctima, relat\u00f3 que encontr\u00f3 \u201cal vigilador del turno anterior, de nombre Eulogio y de 60 a\u00f1os, junto a su nieto de 14 a\u00f1os, ambos sin vida\u201d, indicaron desde la seccional de la calle Las Heras.<\/p>\n\n\n\n<p>Y agregaron que la muerte se habr\u00eda producido por \u201cposible inhalaci\u00f3n de mon\u00f3xido de carbono\u201d. De hecho, explicaron que en el lugar hab\u00eda un \u201cbrasero casero hecho con un tanque de lata de 200 litros. Y del relevamiento realizado se estableci\u00f3 que no hab\u00eda signos de violencia ni faltantes\u201d.<\/p>\n\n\n\n<p>En el lugar se hicieron presentes peritos de la Polic\u00eda Cient\u00edfica y tom\u00f3 intervenci\u00f3n la UFI N\u00b0 9 de Luj\u00e1n, que caratul\u00f3 el hecho \u201caveriguaci\u00f3n causales de muerte\u201d.<\/p>\n\n\n\n<p>Luego, desde la Comisar\u00eda Luj\u00e1n Primera sostuvieron que el \u201cresultado de la autopsia certific\u00f3 intoxicaci\u00f3n. Y de los testimonios obtenidos pudieron establecer que \u201cera com\u00fan que el menor acompa\u00f1e a su abuelo al lugar\u201d.<\/p>\n\n\n\n<p>Fuente: Luj\u00e1n Hoy<\/p>\n","protected":false},"excerpt":{"rendered":"<p>Ocurri\u00f3 este viernes en la localidad de Luj\u00e1n. El contenedor fue instalado por una empresa de vigilancia para cuidar un &#8230; <a title=\"Un hombre y su nieto fueron hallados sin vida en un contenedor\" class=\"read-more\" href=\"https:\/\/www.hoymercedes.com.ar\/principal\/2020\/08\/22\/un-hombre-y-su-nieto-fueron-hallados-sin-vida-en-un-contenedor\/\" aria-label=\"Leer m\u00e1s sobre Un hombre y su nieto fueron hallados sin vida en un contenedor\">Leer m\u00e1s<\/a><\/p>\n","protected":false},"author":1,"featured_media":115546,"comment_status":"closed","ping_status":"open","sticky":false,"template":"","format":"standard","meta":{"_monsterinsights_skip_tracking":false,"_monsterinsights_sitenote_active":false,"_monsterinsights_sitenote_note":"","_monsterinsights_sitenote_category":0,"jetpack_post_was_ever_published":false,"_jetpack_newsletter_access":"","_jetpack_dont_email_post_to_subs":false,"_jetpack_newsletter_tier_id":0,"_jetpack_memberships_contains_paywalled_content":false,"_jetpack_memberships_contains_paid_content":false,"footnotes":"","jetpack_publicize_message":"","jetpack_publicize_feature_enabled":true,"jetpack_social_post_already_shared":true,"jetpack_social_options":{"image_generator_settings":{"template":"highway","default_image_id":0,"font":"","enabled":false},"version":2},"_wpas_customize_per_network":false},"categories":[85],"tags":[86,96,1057],"class_list":["post-115545","post","type-post","status-publish","format-standard","has-post-thumbnail","hentry","category-policial","tag-lujan","tag-policial-2","tag-regional","generate-columns","tablet-grid-50","mobile-grid-100","grid-parent","grid-50"],"jetpack_publicize_connections":[],"jetpack_featured_media_url":"https:\/\/www.hoymercedes.com.ar\/principal\/wp-content\/uploads\/2020\/08\/22-lujan-muerte.jpeg","wps_subtitle":"En la localidad de Luj\u00e1n","jetpack_sharing_enabled":true,"_links":{"self":[{"href":"https:\/\/www.hoymercedes.com.ar\/principal\/wp-json\/wp\/v2\/posts\/115545","targetHints":{"allow":["GET"]}}],"collection":[{"href":"https:\/\/www.hoymercedes.com.ar\/principal\/wp-json\/wp\/v2\/posts"}],"about":[{"href":"https:\/\/www.hoymercedes.com.ar\/principal\/wp-json\/wp\/v2\/types\/post"}],"author":[{"embeddable":true,"href":"https:\/\/www.hoymercedes.com.ar\/principal\/wp-json\/wp\/v2\/users\/1"}],"replies":[{"embeddable":true,"href":"https:\/\/www.hoymercedes.com.ar\/principal\/wp-json\/wp\/v2\/comments?post=115545"}],"version-history":[{"count":0,"href":"https:\/\/www.hoymercedes.com.ar\/principal\/wp-json\/wp\/v2\/posts\/115545\/revisions"}],"wp:featuredmedia":[{"embeddable":true,"href":"https:\/\/www.hoymercedes.com.ar\/principal\/wp-json\/wp\/v2\/media\/115546"}],"wp:attachment":[{"href":"https:\/\/www.hoymercedes.com.ar\/principal\/wp-json\/wp\/v2\/media?parent=115545"}],"wp:term":[{"taxonomy":"category","embeddable":true,"href":"https:\/\/www.hoymercedes.com.ar\/principal\/wp-json\/wp\/v2\/categories?post=115545"},{"taxonomy":"post_tag","embeddable":true,"href":"https:\/\/www.hoymercedes.com.ar\/principal\/wp-json\/wp\/v2\/tags?post=115545"}],"curies":[{"name":"wp","href":"https:\/\/api.w.org\/{rel}","templated":true}]}}