{"id":115551,"date":"2020-08-22T21:57:49","date_gmt":"2020-08-23T00:57:49","guid":{"rendered":"http:\/\/www.hoymercedes.com.ar\/principal\/?p=115551"},"modified":"2020-08-22T22:00:32","modified_gmt":"2020-08-23T01:00:32","slug":"coronavirus-en-mercedes-un-fallecimiento-y-7-nuevos-positivos-se-informaron-este-sabado","status":"publish","type":"post","link":"https:\/\/www.hoymercedes.com.ar\/principal\/2020\/08\/22\/coronavirus-en-mercedes-un-fallecimiento-y-7-nuevos-positivos-se-informaron-este-sabado\/","title":{"rendered":"Coronavirus en Mercedes: Un fallecimiento y 7 nuevos positivos se informaron este s\u00e1bado"},"content":{"rendered":"\n<p>El informe enviado por las autoridades sanitarias y comunales en cuanto a la situaci\u00f3n epidemiol\u00f3gica en Mercedes da cuenta de 7 nuevos casos positivo de covid-19, llegando a 531 desde que se inici\u00f3 la pandemia en el pa\u00eds. Adem\u00e1s, informaron que una mujer de 80 a\u00f1os falleci\u00f3 este s\u00e1bado siendo portadora del Sars-cov2. <\/p>\n\n\n\n<div class=\"wp-block-image\"><figure class=\"aligncenter size-large\"><img loading=\"lazy\" decoding=\"async\" width=\"900\" height=\"900\" data-attachment-id=\"115564\" data-permalink=\"https:\/\/www.hoymercedes.com.ar\/principal\/2020\/08\/22\/coronavirus-en-mercedes-un-fallecimiento-y-7-nuevos-positivos-se-informaron-este-sabado\/whatsapp-image-2020-08-22-at-21-28-11\/#main\" data-orig-file=\"https:\/\/www.hoymercedes.com.ar\/principal\/wp-content\/uploads\/2020\/08\/WhatsApp-Image-2020-08-22-at-21.28.11.jpeg\" data-orig-size=\"900,900\" data-comments-opened=\"0\" data-image-meta=\"{&quot;aperture&quot;:&quot;0&quot;,&quot;credit&quot;:&quot;&quot;,&quot;camera&quot;:&quot;&quot;,&quot;caption&quot;:&quot;&quot;,&quot;created_timestamp&quot;:&quot;0&quot;,&quot;copyright&quot;:&quot;&quot;,&quot;focal_length&quot;:&quot;0&quot;,&quot;iso&quot;:&quot;0&quot;,&quot;shutter_speed&quot;:&quot;0&quot;,&quot;title&quot;:&quot;&quot;,&quot;orientation&quot;:&quot;0&quot;}\" data-image-title=\"WhatsApp-Image-2020-08-22-at-21.28.11\" data-image-description=\"\" data-image-caption=\"\" data-large-file=\"https:\/\/www.hoymercedes.com.ar\/principal\/wp-content\/uploads\/2020\/08\/WhatsApp-Image-2020-08-22-at-21.28.11.jpeg\" src=\"https:\/\/www.hoymercedes.com.ar\/principal\/wp-content\/uploads\/2020\/08\/WhatsApp-Image-2020-08-22-at-21.28.11.jpeg\" alt=\"\" class=\"wp-image-115564\"\/><\/figure><\/div>\n\n\n\n<p>El Municipio de Mercedes y el Hospital Blas L. Dubarry informaron: <\/p>\n\n\n\n<p>\u00abEn el d\u00eda de la fecha el Laboratorio de Virolog\u00eda Molecular Municipal por medio de los procesos cient\u00edficos que lleva adelante cotidianamente detect\u00f3 7 nuevos casos para covid-19. <br>Al d\u00eda de la fecha tenemos 52 casos activos y 531 desde iniciada la pandemia. <br>Lamentamos informar el fallecimiento de una paciente de 80 a\u00f1os de edad con complejidades sanitarias previas portadora del virus. <br>Adem\u00e1s, 2 pacientes fueron dados de alta tras su recuperaci\u00f3n m\u00e9dica arribando a un total de 468<br>En seguimiento por contacto estrecho contin\u00faan a instancias del Centro de Teleseguimiento con 93 operadores socio sanitarios 351 mercedinos.<br>En cuanto al Centro de Aislamiento Sanitario II con todas las normas socio sanitarias y un fuerte trabajo de Salud, Protecci\u00f3n Civil, SAME, Seguridad, Desarrollo Social y Servicios P\u00fablicos tiene 2 pacientes alojados, aislados y monitoreados\u00bb.<\/p>\n\n\n\n<p><strong>Informe nacional<\/strong><\/p>\n\n\n\n<p>En el informe que llega desde el \u00e1rea de Salud nacional, este s\u00e1bado fueron confirmados 7.759 nuevos casos de COVID-19. De acuerdo a la comunicaci\u00f3n detallada, los positivos de coronavirus corresponden a: Provincia de  Buenos Aires 4.838; Ciudad de Buenos Aires 1.100; Catamarca 1; Chaco 78; Chubut 36; C\u00f3rdoba 219; Corrientes 4; Entre R\u00edos 135; Formosa 1; Jujuy 212; La Pampa 4; La Rioja 28; Mendoza 245; Misiones 1; Neuqu\u00e9n 103; R\u00edo Negro 118; Salta 150; San Juan 3; San Luis 2; Santa Cruz 47; Santa Fe 294; Santiago del Estero 34, Tierra del Fuego 34 y Tucum\u00e1n 72. Con estos registros, suman 336.802 positivos en el pa\u00eds.<\/p>\n\n\n\n<p>El registro del d\u00eda, expresa que 118 personas m\u00e1s fallecieron en el pa\u00eds con o por el covid-19. En el informe matutino dieron cuenta de 65: 45 hombres (28 residentes en la provincia de Buenos Aires; un residente en la Ciudad de Buenos Aires; 10<br>residentes en la provincia de Jujuy; un residente en la provincia de Mendoza; 2 residentes en la provincia de Santa F\u00e9; un residente en la provincia de R\u00edo Negro; y 2 residente en la provincia de Salta) y 20 mujeres (13 residentes en la provincia de Buenos Aires; un residente en la Ciudad de Buenos Aires; 4 residentes en la provincia de Jujuy; una residente en la provincia de Salta; y una residente en la provincia de R\u00edo Negro). <\/p>\n\n\n\n<p>En el informe vespertino registraron las otras 53 muertes: 36 hombres (25 residentes en la provincia de Buenos Aires; 3 residentes en la Ciudad de Buenos Aires; 3 residentes en la provincia de C\u00f3rdoba; 2 residentes en la provincia de Mendoza; un residentes en la provincia de R\u00edo Negro; y 2 residentes en la provincia de Santa Fe) y 17 mujeres (11 residentes en la provincia de Buenos Aires; 5 residentes en la Ciudad de Buenos Aires y una residente en la provincia de C\u00f3rdoba). Al momento la cantidad de personas fallecidas es 6.848.<\/p>\n","protected":false},"excerpt":{"rendered":"<p>El informe enviado por las autoridades sanitarias y comunales en cuanto a la situaci\u00f3n epidemiol\u00f3gica en Mercedes da cuenta de &#8230; <a title=\"Coronavirus en Mercedes: Un fallecimiento y 7 nuevos positivos se informaron este s\u00e1bado\" class=\"read-more\" href=\"https:\/\/www.hoymercedes.com.ar\/principal\/2020\/08\/22\/coronavirus-en-mercedes-un-fallecimiento-y-7-nuevos-positivos-se-informaron-este-sabado\/\" aria-label=\"Leer m\u00e1s sobre Coronavirus en Mercedes: Un fallecimiento y 7 nuevos positivos se informaron este s\u00e1bado\">Leer m\u00e1s<\/a><\/p>\n","protected":false},"author":1,"featured_media":115564,"comment_status":"closed","ping_status":"open","sticky":false,"template":"","format":"standard","meta":{"_monsterinsights_skip_tracking":false,"_monsterinsights_sitenote_active":false,"_monsterinsights_sitenote_note":"","_monsterinsights_sitenote_category":0,"jetpack_post_was_ever_published":false,"_jetpack_newsletter_access":"","_jetpack_dont_email_post_to_subs":false,"_jetpack_newsletter_tier_id":0,"_jetpack_memberships_contains_paywalled_content":false,"_jetpack_memberships_contains_paid_content":false,"footnotes":"","jetpack_publicize_message":"","jetpack_publicize_feature_enabled":true,"jetpack_social_post_already_shared":false,"jetpack_social_options":{"image_generator_settings":{"template":"highway","default_image_id":0,"font":"","enabled":false},"version":2},"_wpas_customize_per_network":false},"categories":[8],"tags":[16428,16561,16175,16313,244],"class_list":["post-115551","post","type-post","status-publish","format-standard","has-post-thumbnail","hentry","category-sociedad","tag-casos-positivos","tag-cierre-del-dia","tag-coronavirus","tag-covid-19","tag-municipio-2","generate-columns","tablet-grid-50","mobile-grid-100","grid-parent","grid-50"],"jetpack_publicize_connections":[],"jetpack_featured_media_url":"https:\/\/www.hoymercedes.com.ar\/principal\/wp-content\/uploads\/2020\/08\/WhatsApp-Image-2020-08-22-at-21.28.11.jpeg","wps_subtitle":"Cierre del d\u00eda","jetpack_sharing_enabled":true,"_links":{"self":[{"href":"https:\/\/www.hoymercedes.com.ar\/principal\/wp-json\/wp\/v2\/posts\/115551","targetHints":{"allow":["GET"]}}],"collection":[{"href":"https:\/\/www.hoymercedes.com.ar\/principal\/wp-json\/wp\/v2\/posts"}],"about":[{"href":"https:\/\/www.hoymercedes.com.ar\/principal\/wp-json\/wp\/v2\/types\/post"}],"author":[{"embeddable":true,"href":"https:\/\/www.hoymercedes.com.ar\/principal\/wp-json\/wp\/v2\/users\/1"}],"replies":[{"embeddable":true,"href":"https:\/\/www.hoymercedes.com.ar\/principal\/wp-json\/wp\/v2\/comments?post=115551"}],"version-history":[{"count":0,"href":"https:\/\/www.hoymercedes.com.ar\/principal\/wp-json\/wp\/v2\/posts\/115551\/revisions"}],"wp:featuredmedia":[{"embeddable":true,"href":"https:\/\/www.hoymercedes.com.ar\/principal\/wp-json\/wp\/v2\/media\/115564"}],"wp:attachment":[{"href":"https:\/\/www.hoymercedes.com.ar\/principal\/wp-json\/wp\/v2\/media?parent=115551"}],"wp:term":[{"taxonomy":"category","embeddable":true,"href":"https:\/\/www.hoymercedes.com.ar\/principal\/wp-json\/wp\/v2\/categories?post=115551"},{"taxonomy":"post_tag","embeddable":true,"href":"https:\/\/www.hoymercedes.com.ar\/principal\/wp-json\/wp\/v2\/tags?post=115551"}],"curies":[{"name":"wp","href":"https:\/\/api.w.org\/{rel}","templated":true}]}}