{"id":115555,"date":"2020-08-22T21:02:58","date_gmt":"2020-08-23T00:02:58","guid":{"rendered":"http:\/\/www.hoymercedes.com.ar\/principal\/?p=115555"},"modified":"2020-08-22T21:03:37","modified_gmt":"2020-08-23T00:03:37","slug":"municipios-y-trenes-argentinos-firman-convenio-por-los-espacios-publicos-ferroviarios","status":"publish","type":"post","link":"https:\/\/www.hoymercedes.com.ar\/principal\/2020\/08\/22\/municipios-y-trenes-argentinos-firman-convenio-por-los-espacios-publicos-ferroviarios\/","title":{"rendered":"Municipio y Trenes Argentinos firman convenio por los espacios p\u00fablicos ferroviarios"},"content":{"rendered":"\n<p>El Municipio de Mercedes por medio del Ministerio de Transporte, firm\u00f3 un importante convenio con Trenes Argentinos, donde se le ceder\u00e1 a la ciudad un importante predio perteneciente al ente nacional. El mismo est\u00e1 situado en calle 10 y va de Av. 17 a 29, lugar donde el Municipio que encabeza el Intendente de Mercedes Juan Ignacio Ustarroz ya viene trabajando y planificando un significativo y moderno paseo de la juventud entre otras acciones de jerarquizaci\u00f3n. De esta manera, adem\u00e1s, la comuna podr\u00e1 trabajar en la jerarquizaci\u00f3n de la delegaci\u00f3n policial que se encuentra apostada sobre el predio del ferrocarril Sarmiento en las localidades de Gowland y Agote.\u00a0\u00a0<\/p>\n\n\n\n<div class=\"wp-block-image\"><figure class=\"aligncenter size-large\"><img loading=\"lazy\" decoding=\"async\" width=\"800\" height=\"533\" data-attachment-id=\"115556\" data-permalink=\"https:\/\/www.hoymercedes.com.ar\/principal\/2020\/08\/22\/municipios-y-trenes-argentinos-firman-convenio-por-los-espacios-publicos-ferroviarios\/dsc06162\/#main\" data-orig-file=\"https:\/\/www.hoymercedes.com.ar\/principal\/wp-content\/uploads\/2020\/08\/DSC06162.jpg\" data-orig-size=\"800,533\" data-comments-opened=\"0\" data-image-meta=\"{&quot;aperture&quot;:&quot;0&quot;,&quot;credit&quot;:&quot;&quot;,&quot;camera&quot;:&quot;&quot;,&quot;caption&quot;:&quot;&quot;,&quot;created_timestamp&quot;:&quot;0&quot;,&quot;copyright&quot;:&quot;&quot;,&quot;focal_length&quot;:&quot;0&quot;,&quot;iso&quot;:&quot;0&quot;,&quot;shutter_speed&quot;:&quot;0&quot;,&quot;title&quot;:&quot;&quot;,&quot;orientation&quot;:&quot;0&quot;}\" data-image-title=\"22 trenes arge\" data-image-description=\"\" data-image-caption=\"\" data-large-file=\"https:\/\/www.hoymercedes.com.ar\/principal\/wp-content\/uploads\/2020\/08\/DSC06162.jpg\" src=\"https:\/\/www.hoymercedes.com.ar\/principal\/wp-content\/uploads\/2020\/08\/DSC06162.jpg\" alt=\"\" class=\"wp-image-115556\"\/><\/figure><\/div>\n\n\n\n<p>Ustarroz manifest\u00f3 \u201cestamos celebrando un convenio -un permiso de uso- de espacios que son del Estado y que se pondr\u00e1n al servicio de la comunidad de Mercedes. Y adem\u00e1s de esto, que es un paso importante, le daremos m\u00e1s jerarqu\u00eda al dispositivo de seguridad que tenemos en las localidades de Gowland y Agote. Como as\u00ed tambi\u00e9n seguimos planificando, pensando y so\u00f1ando el tren tur\u00edstico\u201d<\/p>\n\n\n\n<p>Asimismo, el intendente afirm\u00f3 \u201ctambi\u00e9n ir viendo el rol del ferrocarril en el v\u00ednculo y la conexi\u00f3n entre los pueblos, en el desarrollo de las econom\u00edas locales y regionales, todo un trabajo integral que se est\u00e1 haciendo mancomunadamente con el Estado Nacional y provincial\u201d y a\u00f1adi\u00f3 \u201ctodo un conjunto de actores que estamos haciendo el mayor de los esfuerzos posibles para generar las condiciones y poder salir r\u00e1pidamente de esta situaci\u00f3n tan cr\u00edtica desde el punto de vista de la salud como econ\u00f3mica y social\u201d.<\/p>\n\n\n\n<p>\u201cCuando se avanza de manera concreta se genera la expectativa y la esperanza de que ser\u00e1 de esta forma, con esfuerzo, unidad, trabajando en ejes importantes, como es el ferrocarril para el desarrollo y el crecimiento del Pa\u00eds\u201d apunt\u00f3 Ustarroz y subray\u00f3 \u201cdesde nuestra ciudad estamos agradecidos con las autoridades y funcionarios de las diferentes \u00e1reas porque este trabajo generar\u00e1 las condiciones positivas para el futuro\u201d.  A su vez, el intendente Ustarroz asever\u00f3 \u201ceste es un paso concreto, hacia adelante y con perspectiva de futuro, que es lo que queremos en este contexto\u201d.<\/p>\n\n\n\n<p>Mart\u00edn Marinucci, presidente de Trenes Argentinos agradeci\u00f3 \u201cel recibimiento por parte del intendente Ustarroz y la preocupaci\u00f3n por sus vecinos y el trabajo que viene llevando a cabo, lo que lleva a la articulaci\u00f3n con todos los estamentos del Estado Nacional y Provincial y en este caso con Trenes Argentinos a trav\u00e9s del Ministerio de Transporte\u201d y agreg\u00f3 \u201ces as\u00ed como nos estamos poniendo a disposici\u00f3n del Municipio para garantizar una mejor y mayor seguridad para los vecinos de Mercedes. Seguiremos avanzando en todo lo que haga falta para seguir con ese trabajo que viene haciendo el intendente Ustarroz de forma constante y sin descanso para para seguir brind\u00e1ndole mejores servicios a los vecinos de Mercedes\u201d.<\/p>\n\n\n\n<p>\u201cNuestra idea es poder llegar a todas esas localidades que desde hace algunos a\u00f1os no est\u00e1bamos llegando\u201d y a su vez mencion\u00f3 \u201ctambi\u00e9n vamos a planificar el tren tur\u00edstico, otro de nuestros objetivos, poder potenciar todas las zonas tur\u00edsticas de las provincias\u201d. En ese sentido, Mart\u00edn Marinucci dijo \u201ceste es el primer convenio y permiso que estamos otorgando de muchos otros que vendr\u00e1n\u201d.\u00a0<\/p>\n\n\n\n<p>El Diputado nacional y vecino de la ciudad, Carlos Selva, apunt\u00f3 \u201cexiste una clara identificaci\u00f3n del Ministerio de Transporte de que Mercedes es un nodo ferroviario por excelencia y en ese sentido estamos avanzando con diferentes acciones en base de las gestiones que viene haciendo el intendente Ustarroz\u201d y enfatiz\u00f3 \u201calgo que nos pone muy contentos es que se vayan concretando\u201d.&nbsp;&nbsp;&nbsp;<\/p>\n\n\n\n<p>Por su parte, el subsecretario de seguridad, Gonzalo Anselmo expres\u00f3 \u201cpara lo que compete a mi \u00e1rea, que es la seguridad, siempre que hablamos de pol\u00edticas p\u00fablicas es importante hacerlo de manera s\u00f3lida, y este es un gran paso que nos permite sentar bases para poder seguir brindando soluciones para los vecinos de Gowland y Agote\u201d y destac\u00f3 \u201ceste es un paso significativo que nos va a permitir elevar el rango de destacamento a subcomisar\u00eda\u201d.<\/p>\n","protected":false},"excerpt":{"rendered":"<p>El Municipio de Mercedes por medio del Ministerio de Transporte, firm\u00f3 un importante convenio con Trenes Argentinos, donde se le &#8230; <a title=\"Municipio y Trenes Argentinos firman convenio por los espacios p\u00fablicos ferroviarios\" class=\"read-more\" href=\"https:\/\/www.hoymercedes.com.ar\/principal\/2020\/08\/22\/municipios-y-trenes-argentinos-firman-convenio-por-los-espacios-publicos-ferroviarios\/\" aria-label=\"Leer m\u00e1s sobre Municipio y Trenes Argentinos firman convenio por los espacios p\u00fablicos ferroviarios\">Leer m\u00e1s<\/a><\/p>\n","protected":false},"author":1,"featured_media":115556,"comment_status":"closed","ping_status":"open","sticky":false,"template":"","format":"standard","meta":{"_monsterinsights_skip_tracking":false,"_monsterinsights_sitenote_active":false,"_monsterinsights_sitenote_note":"","_monsterinsights_sitenote_category":0,"jetpack_post_was_ever_published":false,"_jetpack_newsletter_access":"","_jetpack_dont_email_post_to_subs":false,"_jetpack_newsletter_tier_id":0,"_jetpack_memberships_contains_paywalled_content":false,"_jetpack_memberships_contains_paid_content":false,"footnotes":"","jetpack_publicize_message":"","jetpack_publicize_feature_enabled":true,"jetpack_social_post_already_shared":true,"jetpack_social_options":{"image_generator_settings":{"template":"highway","default_image_id":0,"font":"","enabled":false},"version":2},"_wpas_customize_per_network":false},"categories":[30],"tags":[9504,244,12989],"class_list":["post-115555","post","type-post","status-publish","format-standard","has-post-thumbnail","hentry","category-municipio","tag-convenio","tag-municipio-2","tag-trenes-argentinos","generate-columns","tablet-grid-50","mobile-grid-100","grid-parent","grid-50"],"jetpack_publicize_connections":[],"jetpack_featured_media_url":"https:\/\/www.hoymercedes.com.ar\/principal\/wp-content\/uploads\/2020\/08\/DSC06162.jpg","wps_subtitle":"Arreglos en los predios","jetpack_sharing_enabled":true,"_links":{"self":[{"href":"https:\/\/www.hoymercedes.com.ar\/principal\/wp-json\/wp\/v2\/posts\/115555","targetHints":{"allow":["GET"]}}],"collection":[{"href":"https:\/\/www.hoymercedes.com.ar\/principal\/wp-json\/wp\/v2\/posts"}],"about":[{"href":"https:\/\/www.hoymercedes.com.ar\/principal\/wp-json\/wp\/v2\/types\/post"}],"author":[{"embeddable":true,"href":"https:\/\/www.hoymercedes.com.ar\/principal\/wp-json\/wp\/v2\/users\/1"}],"replies":[{"embeddable":true,"href":"https:\/\/www.hoymercedes.com.ar\/principal\/wp-json\/wp\/v2\/comments?post=115555"}],"version-history":[{"count":0,"href":"https:\/\/www.hoymercedes.com.ar\/principal\/wp-json\/wp\/v2\/posts\/115555\/revisions"}],"wp:featuredmedia":[{"embeddable":true,"href":"https:\/\/www.hoymercedes.com.ar\/principal\/wp-json\/wp\/v2\/media\/115556"}],"wp:attachment":[{"href":"https:\/\/www.hoymercedes.com.ar\/principal\/wp-json\/wp\/v2\/media?parent=115555"}],"wp:term":[{"taxonomy":"category","embeddable":true,"href":"https:\/\/www.hoymercedes.com.ar\/principal\/wp-json\/wp\/v2\/categories?post=115555"},{"taxonomy":"post_tag","embeddable":true,"href":"https:\/\/www.hoymercedes.com.ar\/principal\/wp-json\/wp\/v2\/tags?post=115555"}],"curies":[{"name":"wp","href":"https:\/\/api.w.org\/{rel}","templated":true}]}}