{"id":115569,"date":"2020-08-23T12:51:19","date_gmt":"2020-08-23T15:51:19","guid":{"rendered":"http:\/\/www.hoymercedes.com.ar\/principal\/?p=115569"},"modified":"2020-08-30T13:12:33","modified_gmt":"2020-08-30T16:12:33","slug":"coronavirus-en-lujan-56-nuevos-casos-positivos","status":"publish","type":"post","link":"https:\/\/www.hoymercedes.com.ar\/principal\/2020\/08\/23\/coronavirus-en-lujan-56-nuevos-casos-positivos\/","title":{"rendered":"Coronavirus en Luj\u00e1n: 56 nuevos casos positivos"},"content":{"rendered":"\n<p>En la ma\u00f1ana de este domingo, la Secretar\u00eda de Salud de Luj\u00e1n confirm\u00f3 en su informe oficial que se sumaro 56 nuevo positivos de covid-19 que se encuentran en aislamiento domiciliario. Desde el inicio de la pandemia en el pa\u00eds, la vecina localidad lleva 1.328 casos positivos. <\/p>\n\n\n\n<p>Asimismo, informaron que en las \u00faltimas 24 horas\u00a0se dieron de alta 12 casos positivos\u00a0para Covid-19. Aunque se configuraron 60 nuevos casos sospechosos de coronavirus, de los cuales tres est\u00e1n en centro de salud de Luj\u00e1n y el resto en aislamiento domiciliario. <\/p>\n\n\n\n<p>Hasta el momento, el Partido de Luj\u00e1n registra\u00a01.328 casos positivos\u00a0(de los cuales 26 fallecieron, 431 fueron dados de alta y 871 se encuentran en tratamiento) y\u00a02.948 casos descartados. Adem\u00e1s, en nuestra ciudad fallecieron dos personas provenientes de otros municipios.<\/p>\n","protected":false},"excerpt":{"rendered":"<p>En la ma\u00f1ana de este domingo, la Secretar\u00eda de Salud de Luj\u00e1n confirm\u00f3 en su informe oficial que se sumaro &#8230; <a title=\"Coronavirus en Luj\u00e1n: 56 nuevos casos positivos\" class=\"read-more\" href=\"https:\/\/www.hoymercedes.com.ar\/principal\/2020\/08\/23\/coronavirus-en-lujan-56-nuevos-casos-positivos\/\" aria-label=\"Leer m\u00e1s sobre Coronavirus en Luj\u00e1n: 56 nuevos casos positivos\">Leer m\u00e1s<\/a><\/p>\n","protected":false},"author":1,"featured_media":115570,"comment_status":"closed","ping_status":"open","sticky":false,"template":"","format":"standard","meta":{"_monsterinsights_skip_tracking":false,"_monsterinsights_sitenote_active":false,"_monsterinsights_sitenote_note":"","_monsterinsights_sitenote_category":0,"jetpack_post_was_ever_published":false,"_jetpack_newsletter_access":"","_jetpack_dont_email_post_to_subs":false,"_jetpack_newsletter_tier_id":0,"_jetpack_memberships_contains_paywalled_content":false,"_jetpack_memberships_contains_paid_content":false,"footnotes":"","jetpack_publicize_message":"","jetpack_publicize_feature_enabled":true,"jetpack_social_post_already_shared":true,"jetpack_social_options":{"image_generator_settings":{"template":"highway","default_image_id":0,"font":"","enabled":false},"version":2},"_wpas_customize_per_network":false},"categories":[5501],"tags":[16428,16175,16313,86,9322],"class_list":["post-115569","post","type-post","status-publish","format-standard","has-post-thumbnail","hentry","category-region","tag-casos-positivos","tag-coronavirus","tag-covid-19","tag-lujan","tag-region","generate-columns","tablet-grid-50","mobile-grid-100","grid-parent","grid-50"],"jetpack_publicize_connections":[],"jetpack_featured_media_url":"https:\/\/www.hoymercedes.com.ar\/principal\/wp-content\/uploads\/2020\/08\/Coronavirus-Estudios-696x429-1.jpg","wps_subtitle":"Pandemia en la regi\u00f3n","jetpack_sharing_enabled":true,"_links":{"self":[{"href":"https:\/\/www.hoymercedes.com.ar\/principal\/wp-json\/wp\/v2\/posts\/115569","targetHints":{"allow":["GET"]}}],"collection":[{"href":"https:\/\/www.hoymercedes.com.ar\/principal\/wp-json\/wp\/v2\/posts"}],"about":[{"href":"https:\/\/www.hoymercedes.com.ar\/principal\/wp-json\/wp\/v2\/types\/post"}],"author":[{"embeddable":true,"href":"https:\/\/www.hoymercedes.com.ar\/principal\/wp-json\/wp\/v2\/users\/1"}],"replies":[{"embeddable":true,"href":"https:\/\/www.hoymercedes.com.ar\/principal\/wp-json\/wp\/v2\/comments?post=115569"}],"version-history":[{"count":0,"href":"https:\/\/www.hoymercedes.com.ar\/principal\/wp-json\/wp\/v2\/posts\/115569\/revisions"}],"wp:featuredmedia":[{"embeddable":true,"href":"https:\/\/www.hoymercedes.com.ar\/principal\/wp-json\/wp\/v2\/media\/115570"}],"wp:attachment":[{"href":"https:\/\/www.hoymercedes.com.ar\/principal\/wp-json\/wp\/v2\/media?parent=115569"}],"wp:term":[{"taxonomy":"category","embeddable":true,"href":"https:\/\/www.hoymercedes.com.ar\/principal\/wp-json\/wp\/v2\/categories?post=115569"},{"taxonomy":"post_tag","embeddable":true,"href":"https:\/\/www.hoymercedes.com.ar\/principal\/wp-json\/wp\/v2\/tags?post=115569"}],"curies":[{"name":"wp","href":"https:\/\/api.w.org\/{rel}","templated":true}]}}