{"id":115582,"date":"2020-08-23T17:29:03","date_gmt":"2020-08-23T20:29:03","guid":{"rendered":"http:\/\/www.hoymercedes.com.ar\/principal\/?p=115582"},"modified":"2020-08-30T13:18:13","modified_gmt":"2020-08-30T16:18:13","slug":"como-utilizar-la-economia-circular-en-la-casa-o-hogar-de-cada-uno","status":"publish","type":"post","link":"https:\/\/www.hoymercedes.com.ar\/principal\/2020\/08\/23\/como-utilizar-la-economia-circular-en-la-casa-o-hogar-de-cada-uno\/","title":{"rendered":"Como utilizar la econom\u00eda circular en la casa o hogar de cada uno"},"content":{"rendered":"\n<p>Por Cristi\u00e1n\u00a0Frers* &#8211; Con el modelo econ\u00f3mico que tenemos hoy d\u00eda tendemos a consumir vertiginosamente los recursos\u00a0naturales\u00a0que nos ofrece el planeta. Con la aplicaci\u00f3n de la econom\u00eda circular, lo que se propone es reducir el consumo y el derroche de materias primas. No es una concepci\u00f3n de econom\u00eda abstracta, sino que es completamente aplicable a nuestra vida diaria. Tomando conciencia y poniendo un poco de nuestra parte se pueden lograr cambios muy significativos, como por ejemplo un gran ahorro de energ\u00eda, desperdicios y dinero.\u00a0\u00a0<\/p>\n\n\n\n<p>\u00bfCu\u00e1l ser\u00eda la clave para lograr una econom\u00eda circular en nuestras vidas?&nbsp;La clave radicar\u00eda en conseguir cerrar los ciclos como sucede en la naturaleza,&nbsp;es decir, utilizar los&nbsp;recusos&nbsp;generados, de tal forma que se alargue su vida \u00fatil. Hay\u202f<a href=\"https:\/\/www.gestionar-facil.com\/enconomia-circular-28-ejemplos\/\" target=\"_blank\" rel=\"noreferrer noopener\">tres formas pr\u00e1cticas<\/a>\u202fpara lograrlo: reduciendo, reutilizando, y reciclando.&nbsp;<\/p>\n\n\n\n<p>La\u202feconom\u00eda circular\u202fno solo requiere cambios importantes en los patrones de producci\u00f3n, sino que cada persona, debe aprender a comprar, consumir y emplear los productos adquiridos de forma responsable.&nbsp;<\/p>\n\n\n\n<p>Esto implica optar por\u202falimentos ecol\u00f3gicos, comprar lo justo y cuando sea necesario, elegir productos que respeten el ambiente y se fabriquen en condiciones laborales justas y mantenerse informado.&nbsp;<\/p>\n\n\n\n<p>El\u202fconsumo colaborativo\u202fes otra de las facetas de la econom\u00eda circular: compartir el coche para ir a trabajar, para llevar a varios ni\u00f1os del barrio al colegio o por motivos de ocio, comprar un taladro para el uso de varios vecinos, entre otras acciones. La base de esta actitud est\u00e1 en que la necesidad de uso, debe predominar sobre la de la propiedad.&nbsp;<\/p>\n\n\n\n<p>Generar un\u202fahorro en el consumo general del hogar, es una forma m\u00e1s de integrar la econom\u00eda circular a la vida diaria. Eso implica, por ejemplo, recoger el agua de la lluvia y emplearla para riego o tener un&nbsp;compostador&nbsp;com\u00fan, que provea de abono org\u00e1nico a varios vecinos.&nbsp;<\/p>\n\n\n\n<p>La forma en que nos transportamos, tambi\u00e9n tienen una soluci\u00f3n de econom\u00eda circular.&nbsp;Acostumbramos en la vida diaria a agarrar la bicicleta,&nbsp;caminar para trayectos cortos, hacer uso del transporte p\u00fablico, o compartir veh\u00edculos. Los autom\u00f3viles son uno de los recursos m\u00e1s infrautilizados en la vida moderna, ya que un autom\u00f3vil promedio transporta a una&nbsp;o dos personas en las calles o rutas&nbsp;de todo el planeta, y pasa alrededor de 23 horas al d\u00eda ocupando un espacio en las calles. Los asientos vac\u00edos en los autom\u00f3viles son el exceso de capacidad m\u00e1s grande que existe en la industria del transporte, por lo que esta ineficiencia conlleva&nbsp;un grave impacto sobre el&nbsp;ambiente.&nbsp;<\/p>\n\n\n\n<p>No desaproveches la oportunidad de renovar tu hogar, con poco presupuesto y con mucha imaginaci\u00f3n, evitando aquellos materiales que no sean biodegradables o sea complicado reciclar. Con tus manos puedes hacer verdaderas maravillas\u2026 aunque todav\u00eda no te hayas dado cuenta de ello.&nbsp;&nbsp;<\/p>\n\n\n\n<p>La econom\u00eda circular, desde un punto de vista de vida cotidiana, pretende proponer soluciones claras y realistas aplicables al d\u00eda a d\u00eda de las personas, para conducirnos hacia un mundo m\u00e1s sostenible y tener una sociedad cada&nbsp;vez m\u00e1s comprometida con el desarrollo sustentable.&nbsp;<\/p>\n\n\n\n<p>La estrategia m\u00e1s recurrente de circularidad que&nbsp;debe implementarse en los hogares en Argentina hoy es la recuperaci\u00f3n de recursos,&nbsp;recuperar materiales y&nbsp;energ\u00eda de productos desechados. Seguida por la extensi\u00f3n del ciclo de vida del producto que&nbsp;tiene que ver con la&nbsp;reparaci\u00f3n, re fabricaci\u00f3n y mejoramiento&nbsp; y suministros circulares como&nbsp;utilizar energ\u00eda renovable e insumos reciclables o de base biol\u00f3gica&nbsp;para sustituir insumos t\u00f3xicos.&nbsp;&nbsp;<\/p>\n\n\n\n<p>En conclusi\u00f3n, la econom\u00eda es fundamental en la vida de todos los seres humanos ya que se encuentra presente&nbsp;d\u00eda&nbsp;con&nbsp;d\u00eda, ayuda a las personas a satisfacer sus necesidades y administrar de forma correcta los bienes que estos poseen, es necesario para el desarrollo de los pa\u00edses y es fundamental para que todos tengamos buenas condiciones de vida.&nbsp;<\/p>\n\n\n\n<p>Para entender porque solo una quinta parte del mundo se considera desarrollado, se debe tener en cuenta que el mundo, desde el punto de vista de un pa\u00eds desarrollado, es un mundo de pobreza y&nbsp;escasez. Suena&nbsp;ir\u00f3nico&nbsp;que en el siglo XXI.&nbsp;Es tan desigual el concepto de riqueza y darnos cuenta que hoy, la econom\u00eda de nuestro pa\u00eds se ha estancado.&nbsp;<\/p>\n\n\n\n<p>*Cristi\u00e1n\u00a0Frers\u00a0\u2013 T\u00e9cnico Superior en Gesti\u00f3n Ambiental y T\u00e9cnico Superior en Comunicaci\u00f3n Social (Periodista).\u00a0<\/p>\n","protected":false},"excerpt":{"rendered":"<p>Por Cristi\u00e1n\u00a0Frers* &#8211; Con el modelo econ\u00f3mico que tenemos hoy d\u00eda tendemos a consumir vertiginosamente los recursos\u00a0naturales\u00a0que nos ofrece el &#8230; <a title=\"Como utilizar la econom\u00eda circular en la casa o hogar de cada uno\" class=\"read-more\" href=\"https:\/\/www.hoymercedes.com.ar\/principal\/2020\/08\/23\/como-utilizar-la-economia-circular-en-la-casa-o-hogar-de-cada-uno\/\" aria-label=\"Leer m\u00e1s sobre Como utilizar la econom\u00eda circular en la casa o hogar de cada uno\">Leer m\u00e1s<\/a><\/p>\n","protected":false},"author":1,"featured_media":99047,"comment_status":"closed","ping_status":"open","sticky":false,"template":"","format":"standard","meta":{"_monsterinsights_skip_tracking":false,"_monsterinsights_sitenote_active":false,"_monsterinsights_sitenote_note":"","_monsterinsights_sitenote_category":0,"jetpack_post_was_ever_published":false,"_jetpack_newsletter_access":"","_jetpack_dont_email_post_to_subs":false,"_jetpack_newsletter_tier_id":0,"_jetpack_memberships_contains_paywalled_content":false,"_jetpack_memberships_contains_paid_content":false,"footnotes":"","jetpack_publicize_message":"","jetpack_publicize_feature_enabled":true,"jetpack_social_post_already_shared":true,"jetpack_social_options":{"image_generator_settings":{"template":"highway","default_image_id":0,"font":"","enabled":false},"version":2},"_wpas_customize_per_network":false},"categories":[1],"tags":[8786,43,8748],"class_list":["post-115582","post","type-post","status-publish","format-standard","has-post-thumbnail","hentry","category-opinion","tag-economia","tag-medio-ambiente","tag-opinion","generate-columns","tablet-grid-50","mobile-grid-100","grid-parent","grid-50"],"jetpack_publicize_connections":[],"jetpack_featured_media_url":"https:\/\/www.hoymercedes.com.ar\/principal\/wp-content\/uploads\/2019\/08\/29-economia-circular.jpg","wps_subtitle":"Econom\u00eda y medio ambiente","jetpack_sharing_enabled":true,"_links":{"self":[{"href":"https:\/\/www.hoymercedes.com.ar\/principal\/wp-json\/wp\/v2\/posts\/115582","targetHints":{"allow":["GET"]}}],"collection":[{"href":"https:\/\/www.hoymercedes.com.ar\/principal\/wp-json\/wp\/v2\/posts"}],"about":[{"href":"https:\/\/www.hoymercedes.com.ar\/principal\/wp-json\/wp\/v2\/types\/post"}],"author":[{"embeddable":true,"href":"https:\/\/www.hoymercedes.com.ar\/principal\/wp-json\/wp\/v2\/users\/1"}],"replies":[{"embeddable":true,"href":"https:\/\/www.hoymercedes.com.ar\/principal\/wp-json\/wp\/v2\/comments?post=115582"}],"version-history":[{"count":0,"href":"https:\/\/www.hoymercedes.com.ar\/principal\/wp-json\/wp\/v2\/posts\/115582\/revisions"}],"wp:featuredmedia":[{"embeddable":true,"href":"https:\/\/www.hoymercedes.com.ar\/principal\/wp-json\/wp\/v2\/media\/99047"}],"wp:attachment":[{"href":"https:\/\/www.hoymercedes.com.ar\/principal\/wp-json\/wp\/v2\/media?parent=115582"}],"wp:term":[{"taxonomy":"category","embeddable":true,"href":"https:\/\/www.hoymercedes.com.ar\/principal\/wp-json\/wp\/v2\/categories?post=115582"},{"taxonomy":"post_tag","embeddable":true,"href":"https:\/\/www.hoymercedes.com.ar\/principal\/wp-json\/wp\/v2\/tags?post=115582"}],"curies":[{"name":"wp","href":"https:\/\/api.w.org\/{rel}","templated":true}]}}