{"id":115600,"date":"2020-08-24T08:50:41","date_gmt":"2020-08-24T11:50:41","guid":{"rendered":"http:\/\/www.hoymercedes.com.ar\/principal\/?p=115600"},"modified":"2020-08-24T08:59:55","modified_gmt":"2020-08-24T11:59:55","slug":"desde-este-lunes-fm-la-tribuna-comenzara-con-sus-entrevistas-en-vivo-por-instagram-esteban-marcelo-el-primero","status":"publish","type":"post","link":"https:\/\/www.hoymercedes.com.ar\/principal\/2020\/08\/24\/desde-este-lunes-fm-la-tribuna-comenzara-con-sus-entrevistas-en-vivo-por-instagram-esteban-marcelo-el-primero\/","title":{"rendered":"Desde este lunes, FM La Tribuna comenzar\u00e1 con sus entrevistas en vivo por Instagram: Esteban Marcelo, el primero"},"content":{"rendered":"\n<p>Adapt\u00e1ndose a los tiempos modernos, donde las redes sociales se impusieron para quedarse, FM La Tribuna se amold\u00f3 a lo que lleg\u00f3 y comenz\u00f3 desde hace algunos meses un trabajo diferente que continuar\u00e1 en la jornada de hoy con los \u00abvivos de instagram\u00bb, realizado por un amplio equipo de trabajo. Gervasio Rocha, Juan Carlos Chapelco, Ariel Musante, Ricardo Palacios, Juan Ignacio Menendez, Juan Dagnino, Juli\u00e1n Patrici, Lautaro Riolfo, Juan Carlos Valenzuela, Lucas Valenzuela y Mariano Oyarzu son quienes realizar\u00e1n todas las semanas entrevistas a personalidades del deporte local, nacional e internacional.<\/p>\n\n\n\n<div class=\"wp-block-image\"><figure class=\"aligncenter size-large\"><img loading=\"lazy\" decoding=\"async\" width=\"783\" height=\"805\" data-attachment-id=\"115601\" data-permalink=\"https:\/\/www.hoymercedes.com.ar\/principal\/2020\/08\/24\/desde-este-lunes-fm-la-tribuna-comenzara-con-sus-entrevistas-en-vivo-por-instagram-esteban-marcelo-el-primero\/la-tribuna-logo-redes\/#main\" data-orig-file=\"https:\/\/www.hoymercedes.com.ar\/principal\/wp-content\/uploads\/2020\/08\/LA-TRIBUNA-LOGO-REDES.jpeg\" data-orig-size=\"783,805\" data-comments-opened=\"0\" data-image-meta=\"{&quot;aperture&quot;:&quot;0&quot;,&quot;credit&quot;:&quot;&quot;,&quot;camera&quot;:&quot;&quot;,&quot;caption&quot;:&quot;&quot;,&quot;created_timestamp&quot;:&quot;0&quot;,&quot;copyright&quot;:&quot;&quot;,&quot;focal_length&quot;:&quot;0&quot;,&quot;iso&quot;:&quot;0&quot;,&quot;shutter_speed&quot;:&quot;0&quot;,&quot;title&quot;:&quot;&quot;,&quot;orientation&quot;:&quot;0&quot;}\" data-image-title=\"LA-TRIBUNA-LOGO-REDES\" data-image-description=\"\" data-image-caption=\"\" data-large-file=\"https:\/\/www.hoymercedes.com.ar\/principal\/wp-content\/uploads\/2020\/08\/LA-TRIBUNA-LOGO-REDES.jpeg\" src=\"https:\/\/www.hoymercedes.com.ar\/principal\/wp-content\/uploads\/2020\/08\/LA-TRIBUNA-LOGO-REDES.jpeg\" alt=\"\" class=\"wp-image-115601\"\/><\/figure><\/div>\n\n\n\n<p>La primera de ellas ser\u00e1 en la jornada de este lunes 24 de agosto y el mano a mano de una hora de duraci\u00f3n ser\u00e1 entre Gervasio Rocha y el presidente de la Liga Mercedina, Esteban Marcelo. La misma comenzar\u00e1 desde las 20. La historia continuar\u00e1 el jueves 27, cuando desde las 20 se conecten Ricardo Palacios y Orlando \u00abGringo\u00bb Casella, quien desde hace m\u00e1s de una d\u00e9cada se desempe\u00f1a como entrenador de basquet en M\u00e9xico. Luego, el martes 1 de septiembre a las 21, Juan Dagnino entrevistar\u00e1 a Hern\u00e1n Ricaldoni.<\/p>\n","protected":false},"excerpt":{"rendered":"<p>Adapt\u00e1ndose a los tiempos modernos, donde las redes sociales se impusieron para quedarse, FM La Tribuna se amold\u00f3 a lo &#8230; <a title=\"Desde este lunes, FM La Tribuna comenzar\u00e1 con sus entrevistas en vivo por Instagram: Esteban Marcelo, el primero\" class=\"read-more\" href=\"https:\/\/www.hoymercedes.com.ar\/principal\/2020\/08\/24\/desde-este-lunes-fm-la-tribuna-comenzara-con-sus-entrevistas-en-vivo-por-instagram-esteban-marcelo-el-primero\/\" aria-label=\"Leer m\u00e1s sobre Desde este lunes, FM La Tribuna comenzar\u00e1 con sus entrevistas en vivo por Instagram: Esteban Marcelo, el primero\">Leer m\u00e1s<\/a><\/p>\n","protected":false},"author":1,"featured_media":115601,"comment_status":"closed","ping_status":"open","sticky":false,"template":"","format":"standard","meta":{"_monsterinsights_skip_tracking":false,"_monsterinsights_sitenote_active":false,"_monsterinsights_sitenote_note":"","_monsterinsights_sitenote_category":0,"jetpack_post_was_ever_published":false,"_jetpack_newsletter_access":"","_jetpack_dont_email_post_to_subs":false,"_jetpack_newsletter_tier_id":0,"_jetpack_memberships_contains_paywalled_content":false,"_jetpack_memberships_contains_paid_content":false,"footnotes":"","jetpack_publicize_message":"","jetpack_publicize_feature_enabled":true,"jetpack_social_post_already_shared":true,"jetpack_social_options":{"image_generator_settings":{"template":"highway","default_image_id":0,"font":"","enabled":false},"version":2},"_wpas_customize_per_network":false},"categories":[21],"tags":[10768,3686,515,16994],"class_list":["post-115600","post","type-post","status-publish","format-standard","has-post-thumbnail","hentry","category-deportes","tag-entrevistas","tag-esteban-marcelo","tag-fm-la-tribuna","tag-fm-la-tribuna-103-5","generate-columns","tablet-grid-50","mobile-grid-100","grid-parent","grid-50"],"jetpack_publicize_connections":[],"jetpack_featured_media_url":"https:\/\/www.hoymercedes.com.ar\/principal\/wp-content\/uploads\/2020\/08\/LA-TRIBUNA-LOGO-REDES.jpeg","wps_subtitle":"","jetpack_sharing_enabled":true,"_links":{"self":[{"href":"https:\/\/www.hoymercedes.com.ar\/principal\/wp-json\/wp\/v2\/posts\/115600","targetHints":{"allow":["GET"]}}],"collection":[{"href":"https:\/\/www.hoymercedes.com.ar\/principal\/wp-json\/wp\/v2\/posts"}],"about":[{"href":"https:\/\/www.hoymercedes.com.ar\/principal\/wp-json\/wp\/v2\/types\/post"}],"author":[{"embeddable":true,"href":"https:\/\/www.hoymercedes.com.ar\/principal\/wp-json\/wp\/v2\/users\/1"}],"replies":[{"embeddable":true,"href":"https:\/\/www.hoymercedes.com.ar\/principal\/wp-json\/wp\/v2\/comments?post=115600"}],"version-history":[{"count":0,"href":"https:\/\/www.hoymercedes.com.ar\/principal\/wp-json\/wp\/v2\/posts\/115600\/revisions"}],"wp:featuredmedia":[{"embeddable":true,"href":"https:\/\/www.hoymercedes.com.ar\/principal\/wp-json\/wp\/v2\/media\/115601"}],"wp:attachment":[{"href":"https:\/\/www.hoymercedes.com.ar\/principal\/wp-json\/wp\/v2\/media?parent=115600"}],"wp:term":[{"taxonomy":"category","embeddable":true,"href":"https:\/\/www.hoymercedes.com.ar\/principal\/wp-json\/wp\/v2\/categories?post=115600"},{"taxonomy":"post_tag","embeddable":true,"href":"https:\/\/www.hoymercedes.com.ar\/principal\/wp-json\/wp\/v2\/tags?post=115600"}],"curies":[{"name":"wp","href":"https:\/\/api.w.org\/{rel}","templated":true}]}}