{"id":115606,"date":"2020-08-24T09:41:01","date_gmt":"2020-08-24T12:41:01","guid":{"rendered":"http:\/\/www.hoymercedes.com.ar\/principal\/?p=115606"},"modified":"2020-08-24T11:00:42","modified_gmt":"2020-08-24T14:00:42","slug":"ademas-de-tenis-y-gimnasios-al-aire-libre-desde-hoy-se-suman-gol-y-actividades-ecuestres","status":"publish","type":"post","link":"https:\/\/www.hoymercedes.com.ar\/principal\/2020\/08\/24\/ademas-de-tenis-y-gimnasios-al-aire-libre-desde-hoy-se-suman-gol-y-actividades-ecuestres\/","title":{"rendered":"Ademas de tenis y gimnasios al aire libre, desde hoy se suman golf y actividades ecuestres"},"content":{"rendered":"\n<p>Luego que la semana pasada desde la municipalidad de Mercedes dieran a conocer la habilitaci\u00f3n para la pr\u00e1ctica del tenis a nivel escuelas y de los gimnasios al aire libre en formatos reducidos, lleg\u00f3 tambi\u00e9n la notificaci\u00f3n para la pr\u00e1ctica del golf y de las actividades ecuestres, que tampoco son en lugares cerrados y se practican de forma individual, sin problemas de distanciamiento social.<\/p>\n\n\n\n<figure class=\"wp-block-gallery columns-1 is-cropped wp-block-gallery-1 is-layout-flex wp-block-gallery-is-layout-flex\"><ul class=\"blocks-gallery-grid\"><li class=\"blocks-gallery-item\"><figure><img loading=\"lazy\" decoding=\"async\" width=\"930\" height=\"600\" data-attachment-id=\"115612\" data-permalink=\"https:\/\/www.hoymercedes.com.ar\/principal\/2020\/08\/24\/ademas-de-tenis-y-gimnasios-al-aire-libre-desde-hoy-se-suman-gol-y-actividades-ecuestres\/mercedes-golf-club\/#main\" data-orig-file=\"https:\/\/www.hoymercedes.com.ar\/principal\/wp-content\/uploads\/2020\/08\/Mercedes-Golf-Club.jpg\" data-orig-size=\"930,600\" data-comments-opened=\"0\" data-image-meta=\"{&quot;aperture&quot;:&quot;0&quot;,&quot;credit&quot;:&quot;&quot;,&quot;camera&quot;:&quot;&quot;,&quot;caption&quot;:&quot;&quot;,&quot;created_timestamp&quot;:&quot;0&quot;,&quot;copyright&quot;:&quot;&quot;,&quot;focal_length&quot;:&quot;0&quot;,&quot;iso&quot;:&quot;0&quot;,&quot;shutter_speed&quot;:&quot;0&quot;,&quot;title&quot;:&quot;&quot;,&quot;orientation&quot;:&quot;0&quot;}\" data-image-title=\"Mercedes-Golf-Club\" data-image-description=\"\" data-image-caption=\"\" data-large-file=\"https:\/\/www.hoymercedes.com.ar\/principal\/wp-content\/uploads\/2020\/08\/Mercedes-Golf-Club.jpg\" src=\"https:\/\/www.hoymercedes.com.ar\/principal\/wp-content\/uploads\/2020\/08\/Mercedes-Golf-Club.jpg\" alt=\"\" data-id=\"115612\" data-link=\"https:\/\/www.hoymercedes.com.ar\/principal\/?attachment_id=115612\" class=\"wp-image-115612\"\/><\/figure><\/li><\/ul><\/figure>\n\n\n\n<p>Como cada actividad que se abre, los que est\u00e9n a cargo deber\u00e1n llenar una declaraci\u00f3n jurada que se encuentra en la Web gobierno.mercedes.gob.ar y cualquier consulta o duda que se requiera, se la podr\u00e1 hacer v\u00eda mail a la Direcci\u00f3n de Deportes a deportesmercedes@hotmail.com<\/p>\n\n\n\n<p>En cuanto a tenis, por el momento las clases ser\u00e1n en los clubes Mercedes y Estudiantes mientras que golf y equitaci\u00f3n, si bien tienen el permiso, en los pr\u00f3ximos d\u00edas comenzar\u00e1n a practicarse en el Mercedes Golf Club y en los diferentes centros h\u00edpicos de la ciudad. En todos los casos, la habilitaci\u00f3n es para el dictado de clases y para los deportistas federados.<\/p>\n","protected":false},"excerpt":{"rendered":"<p>Luego que la semana pasada desde la municipalidad de Mercedes dieran a conocer la habilitaci\u00f3n para la pr\u00e1ctica del tenis &#8230; <a title=\"Ademas de tenis y gimnasios al aire libre, desde hoy se suman golf y actividades ecuestres\" class=\"read-more\" href=\"https:\/\/www.hoymercedes.com.ar\/principal\/2020\/08\/24\/ademas-de-tenis-y-gimnasios-al-aire-libre-desde-hoy-se-suman-gol-y-actividades-ecuestres\/\" aria-label=\"Leer m\u00e1s sobre Ademas de tenis y gimnasios al aire libre, desde hoy se suman golf y actividades ecuestres\">Leer m\u00e1s<\/a><\/p>\n","protected":false},"author":1,"featured_media":115612,"comment_status":"closed","ping_status":"open","sticky":false,"template":"","format":"standard","meta":{"_monsterinsights_skip_tracking":false,"_monsterinsights_sitenote_active":false,"_monsterinsights_sitenote_note":"","_monsterinsights_sitenote_category":0,"jetpack_post_was_ever_published":false,"_jetpack_newsletter_access":"","_jetpack_dont_email_post_to_subs":false,"_jetpack_newsletter_tier_id":0,"_jetpack_memberships_contains_paywalled_content":false,"_jetpack_memberships_contains_paid_content":false,"footnotes":"","jetpack_publicize_message":"","jetpack_publicize_feature_enabled":true,"jetpack_social_post_already_shared":true,"jetpack_social_options":{"image_generator_settings":{"template":"highway","default_image_id":0,"font":"","enabled":false},"version":2},"_wpas_customize_per_network":false},"categories":[21],"tags":[16175,14845],"class_list":["post-115606","post","type-post","status-publish","format-standard","has-post-thumbnail","hentry","category-deportes","tag-coronavirus","tag-golf","generate-columns","tablet-grid-50","mobile-grid-100","grid-parent","grid-50"],"jetpack_publicize_connections":[],"jetpack_featured_media_url":"https:\/\/www.hoymercedes.com.ar\/principal\/wp-content\/uploads\/2020\/08\/Mercedes-Golf-Club.jpg","wps_subtitle":"","jetpack_sharing_enabled":true,"_links":{"self":[{"href":"https:\/\/www.hoymercedes.com.ar\/principal\/wp-json\/wp\/v2\/posts\/115606","targetHints":{"allow":["GET"]}}],"collection":[{"href":"https:\/\/www.hoymercedes.com.ar\/principal\/wp-json\/wp\/v2\/posts"}],"about":[{"href":"https:\/\/www.hoymercedes.com.ar\/principal\/wp-json\/wp\/v2\/types\/post"}],"author":[{"embeddable":true,"href":"https:\/\/www.hoymercedes.com.ar\/principal\/wp-json\/wp\/v2\/users\/1"}],"replies":[{"embeddable":true,"href":"https:\/\/www.hoymercedes.com.ar\/principal\/wp-json\/wp\/v2\/comments?post=115606"}],"version-history":[{"count":0,"href":"https:\/\/www.hoymercedes.com.ar\/principal\/wp-json\/wp\/v2\/posts\/115606\/revisions"}],"wp:featuredmedia":[{"embeddable":true,"href":"https:\/\/www.hoymercedes.com.ar\/principal\/wp-json\/wp\/v2\/media\/115612"}],"wp:attachment":[{"href":"https:\/\/www.hoymercedes.com.ar\/principal\/wp-json\/wp\/v2\/media?parent=115606"}],"wp:term":[{"taxonomy":"category","embeddable":true,"href":"https:\/\/www.hoymercedes.com.ar\/principal\/wp-json\/wp\/v2\/categories?post=115606"},{"taxonomy":"post_tag","embeddable":true,"href":"https:\/\/www.hoymercedes.com.ar\/principal\/wp-json\/wp\/v2\/tags?post=115606"}],"curies":[{"name":"wp","href":"https:\/\/api.w.org\/{rel}","templated":true}]}}