{"id":115615,"date":"2020-08-24T10:15:41","date_gmt":"2020-08-24T13:15:41","guid":{"rendered":"http:\/\/www.hoymercedes.com.ar\/principal\/?p=115615"},"modified":"2020-08-24T10:16:43","modified_gmt":"2020-08-24T13:16:43","slug":"con-posibilidades-remotas-de-jugar-este-martes-se-reunen-los-delegados-de-la-liga-mercedina","status":"publish","type":"post","link":"https:\/\/www.hoymercedes.com.ar\/principal\/2020\/08\/24\/con-posibilidades-remotas-de-jugar-este-martes-se-reunen-los-delegados-de-la-liga-mercedina\/","title":{"rendered":"Con posibilidades remotas de jugar, este martes se re\u00fanen los delegados de la Liga Mercedina"},"content":{"rendered":"\n<p>Las Ligas de Lobos, San Pedro, Pergamino y Pehuaj\u00f3 ya anunciaron que no tendr\u00e1n actividad por lo que resta del a\u00f1o tras la pandemia de Coronavirus, mientras que Chacabuco est\u00e1 decidiendo c\u00f3mo ser\u00e1 su futuro y la Federaci\u00f3n Norte todav\u00eda no confirm\u00f3 si las tres fases de su torneo se jugar\u00e1n antes de fin de a\u00f1o o el a\u00f1o que viene. Adem\u00e1s de eso, hay clubes que ya desistieron de jugar lo que queda del Regional Amateur y la provincia de Santiago del Estero anunci\u00f3 que no habr\u00e1 f\u00fatbol hasta 2021.<\/p>\n\n\n\n<figure class=\"wp-block-gallery columns-1 is-cropped wp-block-gallery-1 is-layout-flex wp-block-gallery-is-layout-flex\"><ul class=\"blocks-gallery-grid\"><li class=\"blocks-gallery-item\"><figure><img loading=\"lazy\" decoding=\"async\" width=\"512\" height=\"287\" data-attachment-id=\"115616\" data-permalink=\"https:\/\/www.hoymercedes.com.ar\/principal\/2020\/08\/24\/con-posibilidades-remotas-de-jugar-este-martes-se-reunen-los-delegados-de-la-liga-mercedina\/estadio-liga-mercedina\/#main\" data-orig-file=\"https:\/\/www.hoymercedes.com.ar\/principal\/wp-content\/uploads\/2020\/08\/Estadio-Liga-Mercedina.jpg\" data-orig-size=\"512,287\" data-comments-opened=\"0\" data-image-meta=\"{&quot;aperture&quot;:&quot;0&quot;,&quot;credit&quot;:&quot;&quot;,&quot;camera&quot;:&quot;&quot;,&quot;caption&quot;:&quot;&quot;,&quot;created_timestamp&quot;:&quot;0&quot;,&quot;copyright&quot;:&quot;&quot;,&quot;focal_length&quot;:&quot;0&quot;,&quot;iso&quot;:&quot;0&quot;,&quot;shutter_speed&quot;:&quot;0&quot;,&quot;title&quot;:&quot;&quot;,&quot;orientation&quot;:&quot;0&quot;}\" data-image-title=\"Estadio-Liga-Mercedina\" data-image-description=\"\" data-image-caption=\"\" data-large-file=\"https:\/\/www.hoymercedes.com.ar\/principal\/wp-content\/uploads\/2020\/08\/Estadio-Liga-Mercedina.jpg\" src=\"https:\/\/www.hoymercedes.com.ar\/principal\/wp-content\/uploads\/2020\/08\/Estadio-Liga-Mercedina.jpg\" alt=\"\" data-id=\"115616\" data-link=\"https:\/\/www.hoymercedes.com.ar\/principal\/?attachment_id=115616\" class=\"wp-image-115616\"\/><\/figure><\/li><\/ul><\/figure>\n\n\n\n<p>Con todo esto y con la ciudad de Mercedes todav\u00eda con varios casos de Coronavirus diarios, la posibilidad de entrenar en grupo parece dif\u00edcil en el corto plazo y que de poder realizarse, cuando vuelva el f\u00fatbol, ser\u00e1 sin p\u00fablico hasta que no aparezca la vacuna. Esto impacta de lleno en el f\u00fatbol del interior, donde a los clubes se les hace dif\u00edcil el poder enfrentar los gastos que demanda la realizaci\u00f3n de un juego, como son los costos de \u00e1rbitros y fundamentalmente, de seguridad.<\/p>\n\n\n\n<p>En Mercedes, los dirigentes han venido analizando una y otra forma de torneo para el caso que hubiesen aparecido posibilidades de actividad. Con los tiempos que quedan y la realidad que se vive por la pandemia, la vuelta a poder ver rodar la pelota en cancha de la Liga parece cada vez m\u00e1s lejana. Habr\u00e1 que aguardar a este martes, para saber si existen definiciones concretas.<\/p>\n","protected":false},"excerpt":{"rendered":"<p>Las Ligas de Lobos, San Pedro, Pergamino y Pehuaj\u00f3 ya anunciaron que no tendr\u00e1n actividad por lo que resta del &#8230; <a title=\"Con posibilidades remotas de jugar, este martes se re\u00fanen los delegados de la Liga Mercedina\" class=\"read-more\" href=\"https:\/\/www.hoymercedes.com.ar\/principal\/2020\/08\/24\/con-posibilidades-remotas-de-jugar-este-martes-se-reunen-los-delegados-de-la-liga-mercedina\/\" aria-label=\"Leer m\u00e1s sobre Con posibilidades remotas de jugar, este martes se re\u00fanen los delegados de la Liga Mercedina\">Leer m\u00e1s<\/a><\/p>\n","protected":false},"author":1,"featured_media":115616,"comment_status":"closed","ping_status":"open","sticky":false,"template":"","format":"standard","meta":{"_monsterinsights_skip_tracking":false,"_monsterinsights_sitenote_active":false,"_monsterinsights_sitenote_note":"","_monsterinsights_sitenote_category":0,"jetpack_post_was_ever_published":false,"_jetpack_newsletter_access":"","_jetpack_dont_email_post_to_subs":false,"_jetpack_newsletter_tier_id":0,"_jetpack_memberships_contains_paywalled_content":false,"_jetpack_memberships_contains_paid_content":false,"footnotes":"","jetpack_publicize_message":"","jetpack_publicize_feature_enabled":true,"jetpack_social_post_already_shared":true,"jetpack_social_options":{"image_generator_settings":{"template":"highway","default_image_id":0,"font":"","enabled":false},"version":2},"_wpas_customize_per_network":false},"categories":[21],"tags":[1901],"class_list":["post-115615","post","type-post","status-publish","format-standard","has-post-thumbnail","hentry","category-deportes","tag-liga-mercedina","generate-columns","tablet-grid-50","mobile-grid-100","grid-parent","grid-50"],"jetpack_publicize_connections":[],"jetpack_featured_media_url":"https:\/\/www.hoymercedes.com.ar\/principal\/wp-content\/uploads\/2020\/08\/Estadio-Liga-Mercedina.jpg","wps_subtitle":"Liga Mercedina","jetpack_sharing_enabled":true,"_links":{"self":[{"href":"https:\/\/www.hoymercedes.com.ar\/principal\/wp-json\/wp\/v2\/posts\/115615","targetHints":{"allow":["GET"]}}],"collection":[{"href":"https:\/\/www.hoymercedes.com.ar\/principal\/wp-json\/wp\/v2\/posts"}],"about":[{"href":"https:\/\/www.hoymercedes.com.ar\/principal\/wp-json\/wp\/v2\/types\/post"}],"author":[{"embeddable":true,"href":"https:\/\/www.hoymercedes.com.ar\/principal\/wp-json\/wp\/v2\/users\/1"}],"replies":[{"embeddable":true,"href":"https:\/\/www.hoymercedes.com.ar\/principal\/wp-json\/wp\/v2\/comments?post=115615"}],"version-history":[{"count":0,"href":"https:\/\/www.hoymercedes.com.ar\/principal\/wp-json\/wp\/v2\/posts\/115615\/revisions"}],"wp:featuredmedia":[{"embeddable":true,"href":"https:\/\/www.hoymercedes.com.ar\/principal\/wp-json\/wp\/v2\/media\/115616"}],"wp:attachment":[{"href":"https:\/\/www.hoymercedes.com.ar\/principal\/wp-json\/wp\/v2\/media?parent=115615"}],"wp:term":[{"taxonomy":"category","embeddable":true,"href":"https:\/\/www.hoymercedes.com.ar\/principal\/wp-json\/wp\/v2\/categories?post=115615"},{"taxonomy":"post_tag","embeddable":true,"href":"https:\/\/www.hoymercedes.com.ar\/principal\/wp-json\/wp\/v2\/tags?post=115615"}],"curies":[{"name":"wp","href":"https:\/\/api.w.org\/{rel}","templated":true}]}}