{"id":115626,"date":"2020-08-24T17:42:58","date_gmt":"2020-08-24T20:42:58","guid":{"rendered":"http:\/\/www.hoymercedes.com.ar\/principal\/?p=115626"},"modified":"2020-08-30T13:15:52","modified_gmt":"2020-08-30T16:15:52","slug":"coronavirus-en-s-a-de-giles-un-nino-del-hogar-municipal-dio-positivo","status":"publish","type":"post","link":"https:\/\/www.hoymercedes.com.ar\/principal\/2020\/08\/24\/coronavirus-en-s-a-de-giles-un-nino-del-hogar-municipal-dio-positivo\/","title":{"rendered":"Coronavirus en S. A. de Giles: Un ni\u00f1o del Hogar Municipal dio positivo"},"content":{"rendered":"\n<p>A trav\u00e9s de un comunicado oficial, las autoridades de la localidad de San Andr\u00e9s de Giles confirmaron el positivo de un ni\u00f1o de 9 a\u00f1os residente del Hogar Municipal Infantil \u00abJorge Coll\u00bb. El Intendente de S.A. de Giles Carlos Puglelli y su Secretario de Salud confirmaron la noticia promediando la tarde de este lunes. <\/p>\n\n\n\n<div class=\"wp-block-image\"><figure class=\"aligncenter size-large\"><img loading=\"lazy\" decoding=\"async\" width=\"800\" height=\"533\" data-attachment-id=\"115627\" data-permalink=\"https:\/\/www.hoymercedes.com.ar\/principal\/2020\/08\/24\/coronavirus-en-s-a-de-giles-un-nino-del-hogar-municipal-dio-positivo\/24-giles-covid-1-secsalud\/#main\" data-orig-file=\"https:\/\/www.hoymercedes.com.ar\/principal\/wp-content\/uploads\/2020\/08\/24-giles-covid-1-SecSalud.png\" data-orig-size=\"800,533\" data-comments-opened=\"0\" data-image-meta=\"{&quot;aperture&quot;:&quot;0&quot;,&quot;credit&quot;:&quot;&quot;,&quot;camera&quot;:&quot;&quot;,&quot;caption&quot;:&quot;&quot;,&quot;created_timestamp&quot;:&quot;0&quot;,&quot;copyright&quot;:&quot;&quot;,&quot;focal_length&quot;:&quot;0&quot;,&quot;iso&quot;:&quot;0&quot;,&quot;shutter_speed&quot;:&quot;0&quot;,&quot;title&quot;:&quot;&quot;,&quot;orientation&quot;:&quot;0&quot;}\" data-image-title=\"24 giles covid 1 SecSalud\" data-image-description=\"\" data-image-caption=\"\" data-large-file=\"https:\/\/www.hoymercedes.com.ar\/principal\/wp-content\/uploads\/2020\/08\/24-giles-covid-1-SecSalud.png\" src=\"https:\/\/www.hoymercedes.com.ar\/principal\/wp-content\/uploads\/2020\/08\/24-giles-covid-1-SecSalud.png\" alt=\"\" class=\"wp-image-115627\"\/><\/figure><\/div>\n\n\n\n<p>\u201cSe trata de un caso totalmente asintomatico y est\u00e1 en muy buen estado general\u201d, asegur\u00f3 el Dr. Diego Schiaffino, responsable del \u00e1rea de Salud de la comuna vecina. Fue detectado a partir de los testeos de control que realiz\u00f3 el Ministerio de Salud de la Provincia en distintas instituciones del Estado.<\/p>\n\n\n\n<p>\u201cTodos los residentes y los trabajadores del hogar est\u00e1n bien\u201d, afirm\u00f3 el Secretario de Salud y destac\u00f3 el rol de los operadores que est\u00e1n trabajando en el Hogar y que \u201cvan a quedar aislados junto a los residentes en el marco de un bloqueo institucional, est\u00e1n trabajando desde el martes pasado que fue el hisopado y se quedar\u00e1n hasta cumplir los 14 d\u00edas de aislamiento\u201d.<\/p>\n\n\n\n<p>En el video que difundi\u00f3 la municipalidad, el doctor Schiaffino inform\u00f3 tambi\u00e9n que actualmente hay vecinos internados en el hospital por covid-19. Una de las pacientes se encuentra en terapia intensiva con asistencia respiratoria mec\u00e1nica y pron\u00f3stico reservado.<\/p>\n\n\n\n<p>Schiaffino volvi\u00f3 a recalcar que desde el Municipio de San Andr\u00e9s de Giles est\u00e1n \u201cmuy preocupados porque esto pone en evidencia que, si bien no hay una circulacion masiva en nuestra ciudad, tenemos que pensar que es muy dificil determinar c\u00f3mo y d\u00f3nde se contagi\u00f3 este ni\u00f1o. El virus est\u00e1 circulando y la situaci\u00f3n se est\u00e1 poniendo cada vez m\u00e1s compleja con la sociedad cansada y en el peor momento de la pandemia\u201d.<\/p>\n\n\n\n<p>Fuente: Infociudad de San Andr\u00e9s de Giles<\/p>\n\n\n\n<figure class=\"wp-block-embed-facebook wp-block-embed is-type-video is-provider-facebook\"><div class=\"wp-block-embed__wrapper\">\n<div class=\"fb-video\" data-allowfullscreen=\"true\" data-href=\"https:\/\/www.facebook.com\/MunicipioSAG\/videos\/350912256315130\/\" style=\"background-color: #fff; display: inline-block;\"><\/div>\n<\/div><\/figure>\n","protected":false},"excerpt":{"rendered":"<p>A trav\u00e9s de un comunicado oficial, las autoridades de la localidad de San Andr\u00e9s de Giles confirmaron el positivo de &#8230; <a title=\"Coronavirus en S. A. de Giles: Un ni\u00f1o del Hogar Municipal dio positivo\" class=\"read-more\" href=\"https:\/\/www.hoymercedes.com.ar\/principal\/2020\/08\/24\/coronavirus-en-s-a-de-giles-un-nino-del-hogar-municipal-dio-positivo\/\" aria-label=\"Leer m\u00e1s sobre Coronavirus en S. A. de Giles: Un ni\u00f1o del Hogar Municipal dio positivo\">Leer m\u00e1s<\/a><\/p>\n","protected":false},"author":1,"featured_media":115628,"comment_status":"closed","ping_status":"open","sticky":false,"template":"","format":"standard","meta":{"_monsterinsights_skip_tracking":false,"_monsterinsights_sitenote_active":false,"_monsterinsights_sitenote_note":"","_monsterinsights_sitenote_category":0,"jetpack_post_was_ever_published":false,"_jetpack_newsletter_access":"","_jetpack_dont_email_post_to_subs":false,"_jetpack_newsletter_tier_id":0,"_jetpack_memberships_contains_paywalled_content":false,"_jetpack_memberships_contains_paid_content":false,"footnotes":"","jetpack_publicize_message":"","jetpack_publicize_feature_enabled":true,"jetpack_social_post_already_shared":true,"jetpack_social_options":{"image_generator_settings":{"template":"highway","default_image_id":0,"font":"","enabled":false},"version":2},"_wpas_customize_per_network":false},"categories":[9791],"tags":[16428,16175,16313,9322,2123],"class_list":["post-115626","post","type-post","status-publish","format-standard","has-post-thumbnail","hentry","category-salud","tag-casos-positivos","tag-coronavirus","tag-covid-19","tag-region","tag-san-andres-de-giles","generate-columns","tablet-grid-50","mobile-grid-100","grid-parent","grid-50"],"jetpack_publicize_connections":[],"jetpack_featured_media_url":"https:\/\/www.hoymercedes.com.ar\/principal\/wp-content\/uploads\/2020\/08\/24-giles-covid-1-intendente.png","wps_subtitle":"Pandemia en la regi\u00f3n","jetpack_sharing_enabled":true,"_links":{"self":[{"href":"https:\/\/www.hoymercedes.com.ar\/principal\/wp-json\/wp\/v2\/posts\/115626","targetHints":{"allow":["GET"]}}],"collection":[{"href":"https:\/\/www.hoymercedes.com.ar\/principal\/wp-json\/wp\/v2\/posts"}],"about":[{"href":"https:\/\/www.hoymercedes.com.ar\/principal\/wp-json\/wp\/v2\/types\/post"}],"author":[{"embeddable":true,"href":"https:\/\/www.hoymercedes.com.ar\/principal\/wp-json\/wp\/v2\/users\/1"}],"replies":[{"embeddable":true,"href":"https:\/\/www.hoymercedes.com.ar\/principal\/wp-json\/wp\/v2\/comments?post=115626"}],"version-history":[{"count":0,"href":"https:\/\/www.hoymercedes.com.ar\/principal\/wp-json\/wp\/v2\/posts\/115626\/revisions"}],"wp:featuredmedia":[{"embeddable":true,"href":"https:\/\/www.hoymercedes.com.ar\/principal\/wp-json\/wp\/v2\/media\/115628"}],"wp:attachment":[{"href":"https:\/\/www.hoymercedes.com.ar\/principal\/wp-json\/wp\/v2\/media?parent=115626"}],"wp:term":[{"taxonomy":"category","embeddable":true,"href":"https:\/\/www.hoymercedes.com.ar\/principal\/wp-json\/wp\/v2\/categories?post=115626"},{"taxonomy":"post_tag","embeddable":true,"href":"https:\/\/www.hoymercedes.com.ar\/principal\/wp-json\/wp\/v2\/tags?post=115626"}],"curies":[{"name":"wp","href":"https:\/\/api.w.org\/{rel}","templated":true}]}}