{"id":115631,"date":"2020-08-24T19:46:15","date_gmt":"2020-08-24T22:46:15","guid":{"rendered":"http:\/\/www.hoymercedes.com.ar\/principal\/?p=115631"},"modified":"2020-08-24T19:26:54","modified_gmt":"2020-08-24T22:26:54","slug":"avanza-la-campana-de-descacharreo-contra-el-dengue","status":"publish","type":"post","link":"https:\/\/www.hoymercedes.com.ar\/principal\/2020\/08\/24\/avanza-la-campana-de-descacharreo-contra-el-dengue\/","title":{"rendered":"Avanza la campa\u00f1a de descacharreo contra el dengue"},"content":{"rendered":"\n<p>El Comit\u00e9 Operativo de Emergencia junto al \u00e1rea de Servicios P\u00fablicos y Medio Ambiente estuvieron visitando diferentes barrios de la ciudad llevando adelante una campa\u00f1a de difusi\u00f3n informativa, formaci\u00f3n de referentes barriales y descacharreo, con el objetivo de prevenir y combatir el dengue. En esta ocasi\u00f3n fue el turno de una nueva zona, entre ellos, barrios San Mart\u00edn, Ravello, 12 de octubre, Facundo Quiroga I y II e Hip\u00f3lito Yrigoyen. \u00a0<\/p>\n\n\n\n<div class=\"wp-block-image\"><figure class=\"aligncenter size-large\"><img loading=\"lazy\" decoding=\"async\" width=\"800\" height=\"533\" data-attachment-id=\"115632\" data-permalink=\"https:\/\/www.hoymercedes.com.ar\/principal\/2020\/08\/24\/avanza-la-campana-de-descacharreo-contra-el-dengue\/desca8\/#main\" data-orig-file=\"https:\/\/www.hoymercedes.com.ar\/principal\/wp-content\/uploads\/2020\/08\/Desca8.jpeg\" data-orig-size=\"800,533\" data-comments-opened=\"0\" data-image-meta=\"{&quot;aperture&quot;:&quot;0&quot;,&quot;credit&quot;:&quot;&quot;,&quot;camera&quot;:&quot;&quot;,&quot;caption&quot;:&quot;&quot;,&quot;created_timestamp&quot;:&quot;0&quot;,&quot;copyright&quot;:&quot;&quot;,&quot;focal_length&quot;:&quot;0&quot;,&quot;iso&quot;:&quot;0&quot;,&quot;shutter_speed&quot;:&quot;0&quot;,&quot;title&quot;:&quot;&quot;,&quot;orientation&quot;:&quot;0&quot;}\" data-image-title=\"Desca8\" data-image-description=\"\" data-image-caption=\"\" data-large-file=\"https:\/\/www.hoymercedes.com.ar\/principal\/wp-content\/uploads\/2020\/08\/Desca8.jpeg\" src=\"https:\/\/www.hoymercedes.com.ar\/principal\/wp-content\/uploads\/2020\/08\/Desca8.jpeg\" alt=\"\" class=\"wp-image-115632\"\/><\/figure><\/div>\n\n\n\n<p>Fernando Mass\u00f3n, coordinador del COE, expres\u00f3 \u201cen el caso del dengue existe mucha informaci\u00f3n en prevenci\u00f3n y control de esta enfermedad, lo que nos facilit\u00f3 el trabajo desarrollado en los hogares. Pudimos consultar fuentes oficiales, datos emp\u00edricos del Ministerio de Salud, secretar\u00edas de salud de diferentes municipios, principalmente de provincias del norte que son los que m\u00e1s acostumbrados est\u00e1n a trabajar con esta problem\u00e1tica\u201d y agreg\u00f3 \u201ca partir de eso planificamos un abordaje territorial en torno al dengue y lo estamos llevando adelante\u201d. &nbsp;<\/p>\n\n\n\n<p>\u201cNosotros vamos a llegar a sesenta barrios y dividimos la ciudad en cuatro (4) zonas, ya estamos finalizando con la zona I, esto quiere decir, que vamos a terminar la campa\u00f1a completa a mediados de octubre\u201d apunt\u00f3 Mass\u00f3n y cont\u00f3 \u201cconsiste en tres ejes, por un lado, el COE trabaja en la informaci\u00f3n y prevenci\u00f3n, vamos a los barrios y realizamos visitas domiciliarias. El segundo eje es Servicios P\u00fablicos que se encarga del descacharreo y medio Ambiente con lo que refiere a la fumigaci\u00f3n\u201d. \u00a0<\/p>\n\n\n\n<p>Asimismo, el Coordinador del COE manifest\u00f3 \u201cen esta tarea del dengue es la primera vez que se lleva adelante una campa\u00f1a de este tipo, y entendemos que esto debe hacerse todos los a\u00f1os, de manera sistem\u00e1tica donde es fundamental trabajar de manera conjunta entre el municipio y la comunidad, los vecinos sacando aquellos objetos que pueden contener al mosquito y la comuna retirando los mismos\u201d. &nbsp;<\/p>\n\n\n\n<p>\u201cLo importante es que en caso de que se active alg\u00fan foco el COE puede actuar inmediatamente con sus encuestas\u201d subray\u00f3 Mass\u00f3n y cont\u00f3 \u201clos vecinos nos agradecen que llevemos adelante estas acciones y nos expresan que es necesario\u201d. &nbsp;<\/p>\n\n\n\n<p>En sentido, Fernando Mass\u00f3n ratific\u00f3 \u201cesta herramienta es fundamental y creo que el intendente Ustarroz tuvo una visi\u00f3n, con respecto a los COE, de querer prolongarlos en el tiempo y est\u00e1n dando buenos resultados, estamos muy felices y seguimos trabajando en torno a esta problem\u00e1tica\u201d.&nbsp;&nbsp;&nbsp;&nbsp;<\/p>\n","protected":false},"excerpt":{"rendered":"<p>El Comit\u00e9 Operativo de Emergencia junto al \u00e1rea de Servicios P\u00fablicos y Medio Ambiente estuvieron visitando diferentes barrios de la &#8230; <a title=\"Avanza la campa\u00f1a de descacharreo contra el dengue\" class=\"read-more\" href=\"https:\/\/www.hoymercedes.com.ar\/principal\/2020\/08\/24\/avanza-la-campana-de-descacharreo-contra-el-dengue\/\" aria-label=\"Leer m\u00e1s sobre Avanza la campa\u00f1a de descacharreo contra el dengue\">Leer m\u00e1s<\/a><\/p>\n","protected":false},"author":1,"featured_media":115632,"comment_status":"closed","ping_status":"open","sticky":false,"template":"","format":"standard","meta":{"_monsterinsights_skip_tracking":false,"_monsterinsights_sitenote_active":false,"_monsterinsights_sitenote_note":"","_monsterinsights_sitenote_category":0,"jetpack_post_was_ever_published":false,"_jetpack_newsletter_access":"","_jetpack_dont_email_post_to_subs":false,"_jetpack_newsletter_tier_id":0,"_jetpack_memberships_contains_paywalled_content":false,"_jetpack_memberships_contains_paid_content":false,"footnotes":"","jetpack_publicize_message":"","jetpack_publicize_feature_enabled":true,"jetpack_social_post_already_shared":true,"jetpack_social_options":{"image_generator_settings":{"template":"highway","default_image_id":0,"font":"","enabled":false},"version":2},"_wpas_customize_per_network":false},"categories":[30],"tags":[9089,244,134],"class_list":["post-115631","post","type-post","status-publish","format-standard","has-post-thumbnail","hentry","category-municipio","tag-dengue","tag-municipio-2","tag-salud","generate-columns","tablet-grid-50","mobile-grid-100","grid-parent","grid-50"],"jetpack_publicize_connections":[],"jetpack_featured_media_url":"https:\/\/www.hoymercedes.com.ar\/principal\/wp-content\/uploads\/2020\/08\/Desca8.jpeg","wps_subtitle":"COE, Servicios P\u00fablicos y Medio ambiente","jetpack_sharing_enabled":true,"_links":{"self":[{"href":"https:\/\/www.hoymercedes.com.ar\/principal\/wp-json\/wp\/v2\/posts\/115631","targetHints":{"allow":["GET"]}}],"collection":[{"href":"https:\/\/www.hoymercedes.com.ar\/principal\/wp-json\/wp\/v2\/posts"}],"about":[{"href":"https:\/\/www.hoymercedes.com.ar\/principal\/wp-json\/wp\/v2\/types\/post"}],"author":[{"embeddable":true,"href":"https:\/\/www.hoymercedes.com.ar\/principal\/wp-json\/wp\/v2\/users\/1"}],"replies":[{"embeddable":true,"href":"https:\/\/www.hoymercedes.com.ar\/principal\/wp-json\/wp\/v2\/comments?post=115631"}],"version-history":[{"count":0,"href":"https:\/\/www.hoymercedes.com.ar\/principal\/wp-json\/wp\/v2\/posts\/115631\/revisions"}],"wp:featuredmedia":[{"embeddable":true,"href":"https:\/\/www.hoymercedes.com.ar\/principal\/wp-json\/wp\/v2\/media\/115632"}],"wp:attachment":[{"href":"https:\/\/www.hoymercedes.com.ar\/principal\/wp-json\/wp\/v2\/media?parent=115631"}],"wp:term":[{"taxonomy":"category","embeddable":true,"href":"https:\/\/www.hoymercedes.com.ar\/principal\/wp-json\/wp\/v2\/categories?post=115631"},{"taxonomy":"post_tag","embeddable":true,"href":"https:\/\/www.hoymercedes.com.ar\/principal\/wp-json\/wp\/v2\/tags?post=115631"}],"curies":[{"name":"wp","href":"https:\/\/api.w.org\/{rel}","templated":true}]}}